{"id":195898,"date":"2025-11-07T08:05:36","date_gmt":"2025-11-07T13:05:36","guid":{"rendered":"https:\/\/sportseco.com\/?p=195898"},"modified":"2025-11-07T08:05:41","modified_gmt":"2025-11-07T13:05:41","slug":"300-arboles-se-sembraron-en-la-cuenca-del-rio-cali","status":"publish","type":"post","link":"https:\/\/sportseco.com\/?p=195898","title":{"rendered":"300 \u00c1RBOLES SE SEMBRARON EN LA CUENCA DEL R\u00cdO CALI"},"content":{"rendered":"\n<h2 class=\"wp-block-heading\">EN EL MARCO DE LA ESTRATEGIA TODOS PONEN<\/h2>\n\n\n\n<p>Se fortalecen tambi\u00e9n las quebradas Filo de Hambre y Las Guadas, que atraviesan el predio Las Palmas, ubicado en el corregimiento Los Andes de Cali.<\/p>\n\n\n\n<p>La estrategia Todos Ponen, que invita a la participaci\u00f3n protag\u00f3nica de la comunidad, las empresas y las instituciones en la reforestaci\u00f3n del Valle del Cauca, ya empieza a dar frutos. En Cali, un propietario se comunic\u00f3 con la CVC para sumarse a esta iniciativa, manifestando su inter\u00e9s de sembrar \u00e1rboles en su predio, ubicado dentro de la Reserva Forestal Protectora Nacional del r\u00edo Cali.<\/p>\n\n\n\n<p>\u201cHe tenido relaci\u00f3n con la CVC por algunos tr\u00e1mites de concesi\u00f3n de aguas, pero esta vez quer\u00eda contribuir al medio ambiente. Solicit\u00e9 que me donaran \u00e1rboles para reforestar mi predio, con especies que atrajeran a m\u00e1s fauna y flora, y ver estos 300 \u00e1rboles sembrados es muy gratificante para m\u00ed\u201d, expres\u00f3 Abel Mar\u00edn Hern\u00e1ndez, propietario del predio Las Palmas.<\/p>\n\n\n\n<p>Todo ocurri\u00f3 en este lugar de la vereda El Cabuyal, corregimiento Los Andes de Cali, gracias al acompa\u00f1amiento del Batall\u00f3n de Alta Monta\u00f1a No. 3 Rodrigo Lloreda Caicedo, ubicado en el corregimiento de Felidia.<\/p>\n\n\n\n<p>\u201cEl se\u00f1or Abel nos hizo la solicitud, visitamos el predio y despu\u00e9s de recorrerlo, se decidi\u00f3 hacer una implementaci\u00f3n de herramientas del manejo del paisaje, con la finalidad de armonizar el sector. Sembramos especies como nacedero, jigua, array\u00e1n y guayac\u00e1n, entre otras\u201d, manifest\u00f3 Juan Valdez, t\u00e9cnico operativo de la Regional Suroccidente de la CVC.<\/p>\n\n\n\n<p>Esta siembra fortalece tambi\u00e9n a las quebradas Filo de Hambre y Las Guadas, que atraviesan el predio Las Palmas y hacen parte de la cuenca del r\u00edo Cali, contribuyendo a la restauraci\u00f3n ecol\u00f3gica y a la protecci\u00f3n de las fuentes h\u00eddricas.<\/p>\n\n\n\n<p><br \/><strong>10.000 nuevos \u00e1rboles para el r\u00edo Lili<\/strong><\/p>\n\n\n\n<p>En el marco de la conmemoraci\u00f3n del D\u00eda Internacional contra el Cambio Clim\u00e1tico, la CVC acompa\u00f1\u00f3 la siembra de 10.000 \u00e1rboles en el corregimiento La Buitrera de Cali, sobre la cuenca del r\u00edo Lili, una actividad liderada por la Fundaci\u00f3n Club Campestre de Cali.<\/p>\n\n\n\n<p>\u201cCon la Fundaci\u00f3n Club Campestre venimos desarrollando jornadas de reforestaci\u00f3n en Villacarmelo y La Buitrera, dentro de la estrategia Reverdece, que tambi\u00e9n hace parte de la Corporaci\u00f3n. Estas acciones han sido muy importantes porque, a la fecha, ya son 265.000 \u00e1rboles sembrados en las cuencas de los r\u00edos Cali y Mel\u00e9ndez\u201d, destac\u00f3 Cristhian Hern\u00e1ndez, t\u00e9cnico operativo de la Regional Suroccidente.<\/p>\n\n\n\n<p>Redact\u00f3: Dennis Alejandra G\u00f3mez \u2013 Comunicaciones CVC<br \/>Revis\u00f3: Wilson Garc\u00eda y Mauricio Guzm\u00e1n Ferraro \u2013 Comunicaciones CVC<\/p>\n\n\n\n<figure class=\"wp-block-image\"><img data-recalc-dims=\"1\" decoding=\"async\" src=\"https:\/\/i0.wp.com\/cvc.gov.co\/sites\/default\/files\/styles\/1366x676\/public\/2025-11\/siembracali%20%281%29.jpg?w=640&#038;ssl=1\" alt=\"300 \u00c1RBOLES SE SEMBRARON EN LA CUENCA DEL R\u00cdO CALI\" title=\"300 \u00c1RBOLES SE SEMBRARON EN LA CUENCA DEL R\u00cdO CALI\"\/><\/figure>\n\n\n\n<p><\/p>\n\n\n\n<p>cali.gov.co<\/p>\n","protected":false},"excerpt":{"rendered":"<p>EN EL MARCO DE LA ESTRATEGIA TODOS PONEN Se fortalecen tambi\u00e9n las quebradas Filo de Hambre y Las Guadas, que atraviesan el predio Las Palmas, ubicado en el corregimiento Los Andes de Cali. La estrategia Todos Ponen, que invita a la participaci\u00f3n protag\u00f3nica de la comunidad, las empresas y las instituciones en la reforestaci\u00f3n del [&hellip;]<\/p>\n","protected":false},"author":1,"featured_media":195899,"comment_status":"closed","ping_status":"closed","sticky":false,"template":"","format":"standard","meta":{"_acf_changed":false,"_jetpack_memberships_contains_paid_content":false,"footnotes":"","jetpack_publicize_message":"","jetpack_publicize_feature_enabled":true,"jetpack_social_post_already_shared":true,"jetpack_social_options":{"image_generator_settings":{"template":"highway","default_image_id":0,"font":"","enabled":false},"version":2}},"categories":[6],"tags":[],"class_list":["post-195898","post","type-post","status-publish","format-standard","has-post-thumbnail","hentry","category-ecologia"],"acf":[],"jetpack_publicize_connections":[],"jetpack_featured_media_url":"https:\/\/i0.wp.com\/sportseco.com\/wp-content\/uploads\/2025\/11\/siembracali-1.jpg?fit=540%2C315&ssl=1","jetpack_sharing_enabled":true,"_links":{"self":[{"href":"https:\/\/sportseco.com\/index.php?rest_route=\/wp\/v2\/posts\/195898","targetHints":{"allow":["GET"]}}],"collection":[{"href":"https:\/\/sportseco.com\/index.php?rest_route=\/wp\/v2\/posts"}],"about":[{"href":"https:\/\/sportseco.com\/index.php?rest_route=\/wp\/v2\/types\/post"}],"author":[{"embeddable":true,"href":"https:\/\/sportseco.com\/index.php?rest_route=\/wp\/v2\/users\/1"}],"replies":[{"embeddable":true,"href":"https:\/\/sportseco.com\/index.php?rest_route=%2Fwp%2Fv2%2Fcomments&post=195898"}],"version-history":[{"count":1,"href":"https:\/\/sportseco.com\/index.php?rest_route=\/wp\/v2\/posts\/195898\/revisions"}],"predecessor-version":[{"id":195900,"href":"https:\/\/sportseco.com\/index.php?rest_route=\/wp\/v2\/posts\/195898\/revisions\/195900"}],"wp:featuredmedia":[{"embeddable":true,"href":"https:\/\/sportseco.com\/index.php?rest_route=\/wp\/v2\/media\/195899"}],"wp:attachment":[{"href":"https:\/\/sportseco.com\/index.php?rest_route=%2Fwp%2Fv2%2Fmedia&parent=195898"}],"wp:term":[{"taxonomy":"category","embeddable":true,"href":"https:\/\/sportseco.com\/index.php?rest_route=%2Fwp%2Fv2%2Fcategories&post=195898"},{"taxonomy":"post_tag","embeddable":true,"href":"https:\/\/sportseco.com\/index.php?rest_route=%2Fwp%2Fv2%2Ftags&post=195898"}],"curies":[{"name":"wp","href":"https:\/\/api.w.org\/{rel}","templated":true}]}}