{"id":195908,"date":"2025-11-07T08:46:28","date_gmt":"2025-11-07T13:46:28","guid":{"rendered":"https:\/\/sportseco.com\/?p=195908"},"modified":"2025-11-07T08:46:33","modified_gmt":"2025-11-07T13:46:33","slug":"convocatoria-de-la-seleccion-colombia-de-mayores-amistosos-internacionales-de-noviembre","status":"publish","type":"post","link":"https:\/\/sportseco.com\/?p=195908","title":{"rendered":"Convocatoria de la Selecci\u00f3n Colombia de Mayores: amistosos internacionales de noviembre"},"content":{"rendered":"\n<p>El Departamento Deportivo de la Federaci\u00f3n Colombiana de F\u00fatbol \u2013 FCF, junto con el Cuerpo T\u00e9cnico de la Selecci\u00f3n Colombia de Mayores, liderado por el director t\u00e9cnico N\u00e9stor Lorenzo,<strong>&nbsp;informa la lista de jugadores convocados para la doble fecha de amistosos internacionales de noviembre.<\/strong><\/p>\n\n\n\n<p>La Selecci\u00f3n concentrar\u00e1 en Fort Lauderdale (Florida)<strong>&nbsp;desde el pr\u00f3ximo s\u00e1bado 8 de noviembre hasta el 17 del mismo mes<\/strong>, d\u00eda en el que tomar\u00e1n un vuelo directo a New York, Estados Unidos.&nbsp;&nbsp;<\/p>\n\n\n\n<p><strong>A continuaci\u00f3n la lista de los 26 jugadores convocados:<\/strong><\/p>\n\n\n\n<ul class=\"wp-block-list\">\n<li>\u00c1lvaro Angulo \u2014 Pumas (MEX)<\/li>\n\n\n\n<li>\u00c1lvaro Montero \u2014 V\u00e9lez Sarsfield (ARG)<\/li>\n\n\n\n<li>Camilo Vargas \u2014 Atlas F.C. (MEX)<\/li>\n\n\n\n<li>Carlos Andr\u00e9s G\u00f3mez \u2014 Vasco da Gama (BRA)<\/li>\n\n\n\n<li>Carlos Cuesta \u2014 Vasco da Gama (BRA)<\/li>\n\n\n\n<li>Daniel Mu\u00f1oz \u2014 Crystal Palace F.C (ENG)<\/li>\n\n\n\n<li>D\u00e1vinson S\u00e1nchez \u2014 Galatasaray S.K. (TUR)<\/li>\n\n\n\n<li>David Ospina \u2014 Atl\u00e9tico Nacional (COL)<\/li>\n\n\n\n<li>Gustavo Puerta \u2014 Racing de Santander (ESP)<\/li>\n\n\n\n<li>James Rodr\u00edguez \u2014 Club Le\u00f3n (MEX)<\/li>\n\n\n\n<li>Jefferson Lerma \u2014 Crystal Palace F.C. (ENG)<\/li>\n\n\n\n<li>Jhon Arias \u2014 Wolverhampton Wanderers F.C. (ENG)<\/li>\n\n\n\n<li>Jhon C\u00f3rdoba \u2014 F.C. Krasnodar (RUS)<\/li>\n\n\n\n<li>Jhon Lucum\u00ed \u2014 Bologna F.C. (ITA)<\/li>\n\n\n\n<li>Johan Carbonero \u2014 Internacional SC (BRA)<\/li>\n\n\n\n<li>Johan Mojica \u2014 R.C.D Mallorca (ESP)<\/li>\n\n\n\n<li>Jorge Carrascal \u2014 Flamengo (BRA)<\/li>\n\n\n\n<li>Juan Camilo Portilla \u2014 C.A. Talleres (ARG)<\/li>\n\n\n\n<li>Kevin Casta\u00f1o \u2014 River Plate (ARG)<\/li>\n\n\n\n<li>Luis D\u00edaz \u2014 F.C. Bayern M\u00fanich (GER)<\/li>\n\n\n\n<li>Luis Su\u00e1rez \u2014 Sporting C.P. (POR)<\/li>\n\n\n\n<li>Rafael Santos Borr\u00e9 \u2014 Internacional SC (BRA)<\/li>\n\n\n\n<li>Richard R\u00edos \u2014 S.L. Benfica (POR)<\/li>\n\n\n\n<li>Santiago Arias \u2014 E.C. Bah\u00eda (BRA)<\/li>\n\n\n\n<li>Y\u00e1ser Asprilla \u2014 Girona F.C. (ESP)<\/li>\n\n\n\n<li>Yerry Mina \u2014 Cagliari Calcio (ITA)<\/li>\n<\/ul>\n\n\n\n<p><\/p>\n\n\n\n<p><\/p>\n\n\n\n<p>fcf.com.co<\/p>\n","protected":false},"excerpt":{"rendered":"<p>El Departamento Deportivo de la Federaci\u00f3n Colombiana de F\u00fatbol \u2013 FCF, junto con el Cuerpo T\u00e9cnico de la Selecci\u00f3n Colombia de Mayores, liderado por el director t\u00e9cnico N\u00e9stor Lorenzo,&nbsp;informa la lista de jugadores convocados para la doble fecha de amistosos internacionales de noviembre. La Selecci\u00f3n concentrar\u00e1 en Fort Lauderdale (Florida)&nbsp;desde el pr\u00f3ximo s\u00e1bado 8 de [&hellip;]<\/p>\n","protected":false},"author":1,"featured_media":195909,"comment_status":"closed","ping_status":"closed","sticky":false,"template":"","format":"standard","meta":{"_acf_changed":false,"_jetpack_memberships_contains_paid_content":false,"footnotes":"","jetpack_publicize_message":"","jetpack_publicize_feature_enabled":true,"jetpack_social_post_already_shared":true,"jetpack_social_options":{"image_generator_settings":{"template":"highway","default_image_id":0,"font":"","enabled":false},"version":2}},"categories":[5],"tags":[],"class_list":["post-195908","post","type-post","status-publish","format-standard","has-post-thumbnail","hentry","category-futbol"],"acf":[],"jetpack_publicize_connections":[],"jetpack_featured_media_url":"https:\/\/i0.wp.com\/sportseco.com\/wp-content\/uploads\/2025\/11\/CONVO-WEB.png?fit=1920%2C1080&ssl=1","jetpack_sharing_enabled":true,"_links":{"self":[{"href":"https:\/\/sportseco.com\/index.php?rest_route=\/wp\/v2\/posts\/195908","targetHints":{"allow":["GET"]}}],"collection":[{"href":"https:\/\/sportseco.com\/index.php?rest_route=\/wp\/v2\/posts"}],"about":[{"href":"https:\/\/sportseco.com\/index.php?rest_route=\/wp\/v2\/types\/post"}],"author":[{"embeddable":true,"href":"https:\/\/sportseco.com\/index.php?rest_route=\/wp\/v2\/users\/1"}],"replies":[{"embeddable":true,"href":"https:\/\/sportseco.com\/index.php?rest_route=%2Fwp%2Fv2%2Fcomments&post=195908"}],"version-history":[{"count":1,"href":"https:\/\/sportseco.com\/index.php?rest_route=\/wp\/v2\/posts\/195908\/revisions"}],"predecessor-version":[{"id":195910,"href":"https:\/\/sportseco.com\/index.php?rest_route=\/wp\/v2\/posts\/195908\/revisions\/195910"}],"wp:featuredmedia":[{"embeddable":true,"href":"https:\/\/sportseco.com\/index.php?rest_route=\/wp\/v2\/media\/195909"}],"wp:attachment":[{"href":"https:\/\/sportseco.com\/index.php?rest_route=%2Fwp%2Fv2%2Fmedia&parent=195908"}],"wp:term":[{"taxonomy":"category","embeddable":true,"href":"https:\/\/sportseco.com\/index.php?rest_route=%2Fwp%2Fv2%2Fcategories&post=195908"},{"taxonomy":"post_tag","embeddable":true,"href":"https:\/\/sportseco.com\/index.php?rest_route=%2Fwp%2Fv2%2Ftags&post=195908"}],"curies":[{"name":"wp","href":"https:\/\/api.w.org\/{rel}","templated":true}]}}