{"id":197433,"date":"2025-12-04T12:13:18","date_gmt":"2025-12-04T17:13:18","guid":{"rendered":"https:\/\/sportseco.com\/?p=197433"},"modified":"2025-12-04T12:13:22","modified_gmt":"2025-12-04T17:13:22","slug":"la-llama-olimpica-se-entrego-en-atenas-antes-de-comenzar-su-viaje-a-italia-para-milano-cortina-2026","status":"publish","type":"post","link":"https:\/\/sportseco.com\/?p=197433","title":{"rendered":"La llama ol\u00edmpica se entreg\u00f3 en Atenas antes de comenzar su viaje a Italia para Milano Cortina 2026"},"content":{"rendered":"\n<p>Organizado por el Comit\u00e9 Ol\u00edmpico Hel\u00e9nico, el evento tuvo lugar en el Estadio Panatenaico, sede emblem\u00e1tica de los primeros Juegos Ol\u00edmpicos modernos de 1896, y marc\u00f3 el momento en que la llama abandona sus or\u00edgenes griegos y emprende su viaje hacia Italia.<\/p>\n\n\n\n<p>La ceremonia concluye la parte griega del Relevo de la Antorcha Ol\u00edmpica, que comenz\u00f3 en la antigua Olimpia el 26 de noviembre, cuando la llama se encendi\u00f3, seg\u00fan la tradici\u00f3n, con los rayos del sol.<\/p>\n\n\n\n<p>Antes de llegar al Estadio Panatenaico, la llama pas\u00f3 la noche del 3 al 4 de diciembre en la Acr\u00f3polis, bajo la protecci\u00f3n de sus guardianes. Con el recinto cerrado al p\u00fablico, solo la llama y sus guardianes permanecieron dentro de la antigua ciudadela: un momento excepcional y conmovedor que honr\u00f3 el papel de la llama como s\u00edmbolo de paz y continuidad entre el pasado y el presente.<\/p>\n\n\n\n<p>Entrega de la llama ol\u00edmpica en Atenas en su viaje a Italia para Milano Cortina 2026<br \/>\u00a9 COI\/Tom Dulat<br \/>Como en cada edici\u00f3n, el relevo sirve como un poderoso recordatorio de los valores del Movimiento Ol\u00edmpico: excelencia, respeto y amistad, transmitidos por miles de portadores de la antorcha a medida que la llama viaja desde Grecia hasta el pr\u00f3ximo pa\u00eds anfitri\u00f3n.<\/p>\n\n\n\n<p>\u00bfC\u00f3mo se desarroll\u00f3 la entrega?<br \/>La llama entr\u00f3 en el Estadio Panathinaik\u00f3 llevada por el atleta ol\u00edmpico griego Giorgos Kougioumtsidis, antes de ser entregada a la campeona ol\u00edmpica italiana Jasmine Paolini y luego a Filippo Ganna. Posteriormente, fue utilizada por la atleta ol\u00edmpica y miembro del equipo griego ganador del Campeonato Mundial de Waterpolo Femenino de 2025, Eleni Xenaki, para encender el pebetero del estadio.<\/p>\n\n\n\n<figure class=\"wp-block-image size-large\"><img loading=\"lazy\" decoding=\"async\" width=\"687\" height=\"1030\" src=\"https:\/\/sportseco.com\/wp-content\/uploads\/2025\/12\/qlnai3rysmecfq7dm8ni-687x1030.avif\" alt=\"\" class=\"wp-image-197435\" srcset=\"https:\/\/sportseco.com\/wp-content\/uploads\/2025\/12\/qlnai3rysmecfq7dm8ni-687x1030.avif 687w, https:\/\/sportseco.com\/wp-content\/uploads\/2025\/12\/qlnai3rysmecfq7dm8ni-200x300.avif 200w, https:\/\/sportseco.com\/wp-content\/uploads\/2025\/12\/qlnai3rysmecfq7dm8ni-768x1152.avif 768w, https:\/\/sportseco.com\/wp-content\/uploads\/2025\/12\/qlnai3rysmecfq7dm8ni-1024x1536.avif 1024w, https:\/\/sportseco.com\/wp-content\/uploads\/2025\/12\/qlnai3rysmecfq7dm8ni-1365x2048.avif 1365w, https:\/\/sportseco.com\/wp-content\/uploads\/2025\/12\/qlnai3rysmecfq7dm8ni-scaled.avif 1707w, https:\/\/sportseco.com\/wp-content\/uploads\/2025\/12\/qlnai3rysmecfq7dm8ni-scaled.avif 1280w\" sizes=\"auto, (max-width: 640px) 100vw, 640px\" \/><\/figure>\n\n\n\n<p>Entrega de la llama ol\u00edmpica en Atenas, iniciando su viaje a Italia para Milano Cortina 2026<br \/>\u00a9 COI\/Tom Dulat<br \/>Desde este pebetero, la Suma Sacerdotisa encendi\u00f3 la antorcha ceremonial final y la entreg\u00f3 al presidente del Comit\u00e9 Ol\u00edmpico Hel\u00e9nico, Isidoros Kouvelos, quien la entreg\u00f3 a Giovanni Malag\u00f2, presidente del Comit\u00e9 Organizador de Milano Cortina 2026 y miembro del COI. De esta manera, se complet\u00f3 formalmente la entrega y se inici\u00f3 el viaje de la llama a Italia.<\/p>\n\n\n\n<p>Reflexionando sobre la importancia de la ocasi\u00f3n y el legado compartido entre ambas naciones, el presidente Kouvelos declar\u00f3: \u00abHoy, en esta Ceremonia de Entrega, alcanzamos un hermoso punto de inflexi\u00f3n en ese camino. La llama est\u00e1 lista para cruzar nuevas fronteras. Hasta ahora, ha hablado en el idioma de Grecia: de Olimpia, del relevo que cruz\u00f3 nuestra tierra, de las personas que se quedaron bajo la lluvia o el sol solo para verla pasar un instante. De ahora en adelante, hablar\u00e1 en el idioma de Italia. Se reflejar\u00e1 en la nieve y el hielo de sus monta\u00f1as. Pasar\u00e1 por sus plazas y pueblos alpinos. Correr\u00e1 junto a sus lagos, por sus calles, hacia sus estadios. Entre nuestros dos pa\u00edses se extiende un mar angosto, pero esta noche ese mar no lo cruzan barcos, sino un hilo de fuego. Nos une la historia, la cultura, el propio Mediterr\u00e1neo. Ahora nos une esta llama, la confianza que depositamos en ustedes\u00bb. Entrega de la llama ol\u00edmpica en Atenas, iniciando su viaje a Italia para Milano Cortina 2026<br \/>\u00a9 COI\/Tom Dulat<br \/>En su discurso, el presidente Malag\u00f2 declar\u00f3: \u00abHoy es un momento m\u00e1gico para todos nosotros, ya que nos preparamos para devolver la sagrada llama ol\u00edmpica a suelo italiano por primera vez en 20 a\u00f1os. Estar aqu\u00ed, en este hist\u00f3rico estadio, nos recuerda con inspiraci\u00f3n el honor que se nos ha concedido y el preciado tesoro que nos llevaremos a casa. Quiero agradecer a Grecia y al pueblo griego la forma en que han celebrado el inicio del relevo de la antorcha durante estos \u00faltimos nueve d\u00edas. Han brindado un comienzo memorable a nuestra trayectoria ol\u00edmpica y paral\u00edmpica\u00bb.<\/p>\n\n\n\n<p>La ceremonia tambi\u00e9n incluy\u00f3 espect\u00e1culos culturales que celebraron la herencia griega, evocando los profundos v\u00ednculos hist\u00f3ricos entre la antigua Olimpia, Atenas y el Movimiento Ol\u00edmpico moderno.<\/p>\n\n\n\n<p>\u00bfQu\u00e9 suceder\u00e1 despu\u00e9s en el viaje de la llama a Italia?<br \/>Tras la ceremonia de entrega en Atenas, la llama ol\u00edmpica partir\u00e1 hacia Italia y llegar\u00e1 al aeropuerto de Fiumicino la tarde del 4 de diciembre. A continuaci\u00f3n, se dirigir\u00e1 al Palacio del Quirinal, la principal residencia oficial del Presidente de la Rep\u00fablica Italiana. En presencia del Presidente de Milano Cortina 2026, Giovanni Malag\u00f2; el Presidente del Comitato Olimpico Nazionale Italiano (CONI), Luciano Buonfiglio; el Secretario General, Carlo Mornati; y la atleta ol\u00edmpica Jasmine Paolini, entregar\u00e1n oficialmente la linterna que contiene la llama ol\u00edmpica al Presidente de Italia, Sergio Mattarella.<\/p>\n\n\n\n<p>En la ma\u00f1ana del 5 de diciembre, se celebrar\u00e1 una ceremonia formal en la Piazza del Quirinale, con el encendido del pebetero del Relevo de la Antorcha Ol\u00edmpica por parte del presidente Mattarella y un espectacular vuelo acrob\u00e1tico del equipo Frecce Tricolori. El pebetero permanecer\u00e1 encendido para la vista del p\u00fablico durante todo el d\u00eda.<\/p>\n\n\n\n<p>La etapa italiana del Relevo comenzar\u00e1 oficialmente el 6 de diciembre. Denominado \u00abEl Viaje M\u00e1s Grande\u00bb por el Comit\u00e9 Organizador de Milano Cortina 2026, el Relevo tiene como objetivo llevar el esp\u00edritu ol\u00edmpico a las comunidades de todo el pa\u00eds. El recorrido de cada portador de la antorcha contar\u00e1 una historia \u00fanica, celebrando la cultura, la historia y la gente de Italia, a la vez que genera entusiasmo antes de los Juegos.<\/p>\n\n\n\n<p>Durante 63 d\u00edas, el Relevo recorrer\u00e1 12.000 kil\u00f3metros, recorriendo las 20 regiones y 110 provincias, pasando por 60 Sitios Patrimonio de la Humanidad y culminando en Mil\u00e1n para la Ceremonia de Apertura el 6 de febrero de 2026.<\/p>\n\n\n\n<p>Una tradici\u00f3n que une pasado, presente y futuro<br \/>La entrega de la llama ol\u00edmpica es un ritual caracter\u00edstico del Relevo de la Antorcha Ol\u00edmpica, que conecta los Juegos de la antig\u00fcedad, revividos en 1896, con la celebraci\u00f3n mundial del deporte actual. Con el viaje de la llama desde Atenas hasta Italia, crece la expectaci\u00f3n por los Juegos Ol\u00edmpicos de Invierno de Mil\u00e1n Cortina 2026, que se celebrar\u00e1n del 6 al 22 de febrero de 2026. Las entradas pueden adquirirse aqu\u00ed.<\/p>\n\n\n\n<p><\/p>\n\n\n\n<p>olympics.com<\/p>\n","protected":false},"excerpt":{"rendered":"<p>Organizado por el Comit\u00e9 Ol\u00edmpico Hel\u00e9nico, el evento tuvo lugar en el Estadio Panatenaico, sede emblem\u00e1tica de los primeros Juegos Ol\u00edmpicos modernos de 1896, y marc\u00f3 el momento en que la llama abandona sus or\u00edgenes griegos y emprende su viaje hacia Italia. La ceremonia concluye la parte griega del Relevo de la Antorcha Ol\u00edmpica, que [&hellip;]<\/p>\n","protected":false},"author":1,"featured_media":197434,"comment_status":"closed","ping_status":"closed","sticky":false,"template":"","format":"standard","meta":{"_acf_changed":false,"_jetpack_memberships_contains_paid_content":false,"footnotes":"","jetpack_publicize_message":"","jetpack_publicize_feature_enabled":true,"jetpack_social_post_already_shared":true,"jetpack_social_options":{"image_generator_settings":{"template":"highway","default_image_id":0,"font":"","enabled":false},"version":2}},"categories":[38],"tags":[],"class_list":["post-197433","post","type-post","status-publish","format-standard","has-post-thumbnail","hentry","category-olimpicos"],"acf":[],"jetpack_publicize_connections":[],"jetpack_featured_media_url":"https:\/\/sportseco.com\/wp-content\/uploads\/2025\/12\/dubbeaqscpzhbxcd1tga.avif","jetpack_sharing_enabled":true,"_links":{"self":[{"href":"https:\/\/sportseco.com\/index.php?rest_route=\/wp\/v2\/posts\/197433","targetHints":{"allow":["GET"]}}],"collection":[{"href":"https:\/\/sportseco.com\/index.php?rest_route=\/wp\/v2\/posts"}],"about":[{"href":"https:\/\/sportseco.com\/index.php?rest_route=\/wp\/v2\/types\/post"}],"author":[{"embeddable":true,"href":"https:\/\/sportseco.com\/index.php?rest_route=\/wp\/v2\/users\/1"}],"replies":[{"embeddable":true,"href":"https:\/\/sportseco.com\/index.php?rest_route=%2Fwp%2Fv2%2Fcomments&post=197433"}],"version-history":[{"count":1,"href":"https:\/\/sportseco.com\/index.php?rest_route=\/wp\/v2\/posts\/197433\/revisions"}],"predecessor-version":[{"id":197436,"href":"https:\/\/sportseco.com\/index.php?rest_route=\/wp\/v2\/posts\/197433\/revisions\/197436"}],"wp:featuredmedia":[{"embeddable":true,"href":"https:\/\/sportseco.com\/index.php?rest_route=\/wp\/v2\/media\/197434"}],"wp:attachment":[{"href":"https:\/\/sportseco.com\/index.php?rest_route=%2Fwp%2Fv2%2Fmedia&parent=197433"}],"wp:term":[{"taxonomy":"category","embeddable":true,"href":"https:\/\/sportseco.com\/index.php?rest_route=%2Fwp%2Fv2%2Fcategories&post=197433"},{"taxonomy":"post_tag","embeddable":true,"href":"https:\/\/sportseco.com\/index.php?rest_route=%2Fwp%2Fv2%2Ftags&post=197433"}],"curies":[{"name":"wp","href":"https:\/\/api.w.org\/{rel}","templated":true}]}}