{"id":197724,"date":"2025-12-09T15:55:53","date_gmt":"2025-12-09T20:55:53","guid":{"rendered":"https:\/\/sportseco.com\/?p=197724"},"modified":"2025-12-09T15:55:58","modified_gmt":"2025-12-09T20:55:58","slug":"maria-perez-mejor-atleta-del-ano-en-el-mundial-de-atletismo-en-sus-propias-palabras","status":"publish","type":"post","link":"https:\/\/sportseco.com\/?p=197724","title":{"rendered":"Mar\u00eda P\u00e9rez, mejor atleta del a\u00f1o en el Mundial de Atletismo, en sus propias palabras"},"content":{"rendered":"\n<p>La marchadora espa\u00f1ola Mar\u00eda P\u00e9rez complet\u00f3 otro doblete de oro en el Campeonato Mundial de Atletismo de Tokio 25, repitiendo las victorias en los 20 km y 35 km marcha que logr\u00f3 en el Campeonato Mundial de Budapest hace dos a\u00f1os.<\/p>\n\n\n\n<p>La cuatro veces medallista de oro mundial, que se mantuvo invicta en 2025, reflexiona sobre su exitosa temporada y mira hacia el futuro.<\/p>\n\n\n\n<p>Sobre ganar el premio a la mejor atleta del a\u00f1o en el Mundial de Atletismo en 2025:<\/p>\n\n\n\n<p>\u201cMuch\u00edsimas gracias a World Athletics y a todos los que votaron por este premio. Ganar cuatro medallas de oro consecutivas en el Campeonato Mundial no es tarea f\u00e1cil, as\u00ed que tambi\u00e9n quiero agradecer a mi equipo, especialmente a mi entrenador, porque sin ellos, nada de esto ser\u00eda posible.<\/p>\n\n\n\n<p>\u201cNo es solo mi premio, sino que pertenece a toda la comunidad atl\u00e9tica espa\u00f1ola, y en especial a la marcha, que merec\u00eda un reconocimiento.\u201d<\/p>\n\n\n\n<p>Mar\u00eda P\u00e9rez en los Premios Mundiales de Atletismo 2025<\/p>\n\n\n\n<p>Mar\u00eda P\u00e9rez en los Premios Mundiales de Atletismo 2025 (\u00a9 Chiara Montesano, fot\u00f3grafa ic\u00f3nica de World Athletics)<\/p>\n\n\n\n<figure class=\"wp-block-image size-large\"><img data-recalc-dims=\"1\" loading=\"lazy\" decoding=\"async\" width=\"640\" height=\"427\" src=\"https:\/\/i0.wp.com\/sportseco.com\/wp-content\/uploads\/2025\/12\/6937126c400620ec7543cd28.jpg?resize=640%2C427&#038;ssl=1\" alt=\"\" class=\"wp-image-197726\" srcset=\"https:\/\/i0.wp.com\/sportseco.com\/wp-content\/uploads\/2025\/12\/6937126c400620ec7543cd28.jpg?resize=1030%2C687&amp;ssl=1 1030w, https:\/\/i0.wp.com\/sportseco.com\/wp-content\/uploads\/2025\/12\/6937126c400620ec7543cd28.jpg?resize=300%2C200&amp;ssl=1 300w, https:\/\/i0.wp.com\/sportseco.com\/wp-content\/uploads\/2025\/12\/6937126c400620ec7543cd28.jpg?resize=768%2C512&amp;ssl=1 768w, https:\/\/i0.wp.com\/sportseco.com\/wp-content\/uploads\/2025\/12\/6937126c400620ec7543cd28.jpg?resize=1536%2C1024&amp;ssl=1 1536w, https:\/\/i0.wp.com\/sportseco.com\/wp-content\/uploads\/2025\/12\/6937126c400620ec7543cd28.jpg?resize=2048%2C1365&amp;ssl=1 2048w, https:\/\/i0.wp.com\/sportseco.com\/wp-content\/uploads\/2025\/12\/6937126c400620ec7543cd28.jpg?w=1280&amp;ssl=1 1280w, https:\/\/i0.wp.com\/sportseco.com\/wp-content\/uploads\/2025\/12\/6937126c400620ec7543cd28.jpg?w=1920&amp;ssl=1 1920w\" sizes=\"auto, (max-width: 640px) 100vw, 640px\" \/><\/figure>\n\n\n\n<p>Sobre su desarrollo desde 2021, cuando termin\u00f3 cuarta en los Juegos Ol\u00edmpicos de Tokio:<\/p>\n\n\n\n<p>\u201cAlgo que me ha ayudado mucho, y que todos ustedes vieron en Tokio (Campeonato Mundial), es que tengo a mi \u00eddolo, mi rival y mi amiga (la italiana Antonella Palmisano, medallista de plata mundial en 35 km marcha, quien gan\u00f3 el oro ol\u00edmpico en 20 km marcha en Tokio 2021). Una de las mejores cosas ha sido seguir adelante, trabajando entre bastidores, para que todos ustedes puedan ver los resultados y luego poder compartirlos con una \u00eddolo, una rival y ahora una amiga como Antonella Palmisano. Es fundamental que uno de los valores del deporte sea la camarader\u00eda, y no hace falta ser del mismo pa\u00eds para tener esa camarader\u00eda, \u00bfverdad?\u201d La Mar\u00eda de 2021, cuando qued\u00f3 cuarta (en los 20 km marcha ol\u00edmpica), sigue igual; lo \u00fanico es que ha madurado atl\u00e9ticamente. Claro que me imagino un podio sin m\u00ed (en el futuro), no porque sea algo que desee, sino porque significar\u00eda que la marcha est\u00e1 progresando y que el nivel es cada vez mayor.<\/p>\n\n\n\n<p>Sobre lo que m\u00e1s atesorar\u00e1 de la temporada 2025:<\/p>\n\n\n\n<p>\u201cEs dif\u00edcil elegir. Obviamente, tanto los 20 km como los 35 km permanecer\u00e1n muy cerca de mi coraz\u00f3n. Los 35 km fueron muy duros para m\u00ed. En los 35 km, tuve que pensar y reservar algo de energ\u00eda para la pr\u00f3xima prueba, pero lo que recordar\u00e9 es haber podido compartir ese momento con una gran rival y gran amiga a la vez, Antonella Palmisano.\u201d<\/p>\n\n\n\n<p>Sobre los cambios en las distancias de la marcha atl\u00e9tica en las pruebas s\u00e9nior de la Serie Mundial de Atletismo a partir de 2026 (de 20 km a media marat\u00f3n y de 35 km a marat\u00f3n):<\/p>\n\n\n\n<p>\u201cLas distancias de media marat\u00f3n y marat\u00f3n son las que a los marchadores nos gustar\u00eda tener, porque la marat\u00f3n se acerca m\u00e1s a los 50 km y la media marat\u00f3n a los 20 km, por lo que son para diferentes tipos de atletas.<\/p>\n\n\n\n<p>\u201cMi objetivo al hacer doblete en Tokio y Budapest fue demostrar que un atleta de 20 km puede competir en 35 km. No es tan complicado correr ambas distancias, ya que la velocidad y el ritmo son muy similares. Quiero que la marcha atl\u00e9tica y el marat\u00f3n tengan el respeto que merecen como las pruebas m\u00e1s antiguas del calendario atl\u00e9tico.<\/p>\n\n\n\n<p>Cuando hago doble marat\u00f3n, no es porque quiera ganar dos medallas. Es porque quiero demostrarle al mundo que no tiene sentido correr los 20 km y los 35 km, y quiero darles a mis competidores de marcha la oportunidad de correr una distancia que se adapte a ellos.<\/p>\n\n\n\n<p>Sobre la distancia en la que cree que podr\u00eda ser m\u00e1s competitiva:<\/p>\n\n\n\n<p>\u201cPodr\u00eda ser competitiva en ambas, porque hay estudios que demuestran que f\u00edsicamente puedo hacer ambas, e incluso potencialmente tener un poco m\u00e1s de \u00e9xito en el marat\u00f3n. Sin embargo, me voy a centrar en el medio marat\u00f3n, porque es la prueba ol\u00edmpica. Quiero competir en Los \u00c1ngeles (en 2028) y ser\u00e1 mi \u00faltimo ciclo ol\u00edmpico porque despu\u00e9s de Los \u00c1ngeles me gustar\u00eda ser madre\u201d.<\/p>\n\n\n\n<p>Sobre si su objetivo es participar en el Campeonato Mundial de Atletismo de Marcha por Equipos Brasilia 26:<\/p>\n\n\n\n<p>\u201cTodav\u00eda no lo s\u00e9. Acabo de empezar a entrenar de nuevo, as\u00ed que ya veremos. Si estoy lista, ir\u00e9; si no, no. Pero quiero agradecer de verdad a la sociedad espa\u00f1ola su apoyo. Quiero agradecer a todos los periodistas espa\u00f1oles que han compartido toda la informaci\u00f3n sobre el Campeonato Mundial y los \u00e9xitos del equipo espa\u00f1ol y m\u00edos. Ahora mismo, quiero contribuir: quiero participar en todos los eventos medi\u00e1ticos, quiero asistir a todos los eventos a los que me piden asistir, para devolver algo a todas las personas que me han apoyado y compartido todos mis \u00e9xitos.<\/p>\n\n\n\n<p><\/p>\n\n\n\n<p>worldathletics.org<\/p>\n","protected":false},"excerpt":{"rendered":"<p>La marchadora espa\u00f1ola Mar\u00eda P\u00e9rez complet\u00f3 otro doblete de oro en el Campeonato Mundial de Atletismo de Tokio 25, repitiendo las victorias en los 20 km y 35 km marcha que logr\u00f3 en el Campeonato Mundial de Budapest hace dos a\u00f1os. La cuatro veces medallista de oro mundial, que se mantuvo invicta en 2025, reflexiona [&hellip;]<\/p>\n","protected":false},"author":1,"featured_media":197725,"comment_status":"closed","ping_status":"closed","sticky":false,"template":"","format":"standard","meta":{"_acf_changed":false,"_jetpack_memberships_contains_paid_content":false,"footnotes":"","jetpack_publicize_message":"","jetpack_publicize_feature_enabled":true,"jetpack_social_post_already_shared":true,"jetpack_social_options":{"image_generator_settings":{"template":"highway","default_image_id":0,"font":"","enabled":false},"version":2}},"categories":[15],"tags":[],"class_list":["post-197724","post","type-post","status-publish","format-standard","has-post-thumbnail","hentry","category-atletismo"],"acf":[],"jetpack_publicize_connections":[],"jetpack_featured_media_url":"https:\/\/i0.wp.com\/sportseco.com\/wp-content\/uploads\/2025\/12\/eyJrZXkiOiI2OTM3MTI4ODQwMDYyMGVjNzU0M2NkMmIuanBnIiwiZWRpdHMiOnsiZXh0cmFjdCI6eyJsZWZ0IjowLCJ0b3AiOjI2NSwid2lkdGgiOjI0MDAsImhlaWdodCI6ODU3fSwicmVzaXplIjp7IndpZHRoIjoxMDAwLCJoZWlnaHQiOjYwMH19fQ.jpeg?fit=1000%2C600&ssl=1","jetpack_sharing_enabled":true,"_links":{"self":[{"href":"https:\/\/sportseco.com\/index.php?rest_route=\/wp\/v2\/posts\/197724","targetHints":{"allow":["GET"]}}],"collection":[{"href":"https:\/\/sportseco.com\/index.php?rest_route=\/wp\/v2\/posts"}],"about":[{"href":"https:\/\/sportseco.com\/index.php?rest_route=\/wp\/v2\/types\/post"}],"author":[{"embeddable":true,"href":"https:\/\/sportseco.com\/index.php?rest_route=\/wp\/v2\/users\/1"}],"replies":[{"embeddable":true,"href":"https:\/\/sportseco.com\/index.php?rest_route=%2Fwp%2Fv2%2Fcomments&post=197724"}],"version-history":[{"count":1,"href":"https:\/\/sportseco.com\/index.php?rest_route=\/wp\/v2\/posts\/197724\/revisions"}],"predecessor-version":[{"id":197727,"href":"https:\/\/sportseco.com\/index.php?rest_route=\/wp\/v2\/posts\/197724\/revisions\/197727"}],"wp:featuredmedia":[{"embeddable":true,"href":"https:\/\/sportseco.com\/index.php?rest_route=\/wp\/v2\/media\/197725"}],"wp:attachment":[{"href":"https:\/\/sportseco.com\/index.php?rest_route=%2Fwp%2Fv2%2Fmedia&parent=197724"}],"wp:term":[{"taxonomy":"category","embeddable":true,"href":"https:\/\/sportseco.com\/index.php?rest_route=%2Fwp%2Fv2%2Fcategories&post=197724"},{"taxonomy":"post_tag","embeddable":true,"href":"https:\/\/sportseco.com\/index.php?rest_route=%2Fwp%2Fv2%2Ftags&post=197724"}],"curies":[{"name":"wp","href":"https:\/\/api.w.org\/{rel}","templated":true}]}}