{"id":197860,"date":"2025-12-12T11:04:48","date_gmt":"2025-12-12T16:04:48","guid":{"rendered":"https:\/\/sportseco.com\/?p=197860"},"modified":"2025-12-12T11:05:30","modified_gmt":"2025-12-12T16:05:30","slug":"a-sus-41-anos-el-regreso-de-lindsey-vonn-podria-durar-un-poco-mas-de-lo-que-inicialmente-planeo","status":"publish","type":"post","link":"https:\/\/sportseco.com\/?p=197860","title":{"rendered":"A sus 41 a\u00f1os, El regreso de Lindsey Vonn podr\u00eda durar un poco m\u00e1s de lo que inicialmente plane\u00f3."},"content":{"rendered":"\n<p>Sin duda, esta seguir\u00e1 siendo la \u00faltima temporada de Vonn en esqu\u00ed. Sin embargo, tras ganar la Copa del Mundo de descenso en St. Moritz el viernes, Vonn afirm\u00f3 que podr\u00eda tener que replantearse cu\u00e1ndo terminar\u00e1 su temporada.<\/p>\n\n\n\n<p>\u00abPens\u00e9 que me retirar\u00eda despu\u00e9s de la \u00faltima carrera de los Juegos Ol\u00edmpicos porque no estaba segura de ser competitiva para un t\u00edtulo (de la temporada)\u00bb, declar\u00f3 Vonn. \u00abCreo que deber\u00eda cambiar mi enfoque\u00bb.<\/p>\n\n\n\n<p>La victoria en el primer descenso de la temporada coloca a Vonn en el primer puesto de la clasificaci\u00f3n de esa disciplina y en el puesto 16 de la clasificaci\u00f3n general. Vonn ha ganado ocho t\u00edtulos de la temporada en descenso, el \u00faltimo en 2016.<\/p>\n\n\n\n<p>Parte de la motivaci\u00f3n de Vonn para poner fin a su retiro de casi seis a\u00f1os fueron los Juegos Ol\u00edmpicos de Mil\u00e1n Cortina. Cortina es donde consigui\u00f3 su primer podio en la Copa del Mundo, ganando el bronce en descenso en 2004, y 12 de sus 83 victorias han sido all\u00ed. Terminar su carrera all\u00ed, con el supergigante el 12 de febrero, ser\u00eda lo m\u00e1s apropiado.<\/p>\n\n\n\n<p>DEPORTES FEMENINOS: Las \u00faltimas noticias y an\u00e1lisis de USA TODAY Studio IX.<\/p>\n\n\n\n<p>Vonn tambi\u00e9n planea competir en descenso el 8 de febrero y en combinada por equipos el 10 de febrero.<\/p>\n\n\n\n<p>Pero hay seis carreras de velocidad despu\u00e9s de los Juegos Ol\u00edmpicos, y ser\u00e1 dif\u00edcil para Vonn retirarse si est\u00e1 en la contienda por el t\u00edtulo de la temporada. Y lo estar\u00e1 si sigue esquiando como lo hizo el viernes, ganando por casi un segundo.<\/p>\n\n\n\n<p>\u00abTodav\u00eda comet\u00ed un par de errores, pero, en general, estoy muy contenta con mi forma de esquiar\u00bb, dijo Vonn despu\u00e9s. \u00abCon la primera carrera de la temporada yendo tan bien, estoy muy emocionada por lo que est\u00e1 por venir\u00bb.<\/p>\n\n\n\n<p><\/p>\n\n\n\n<p>usatoday.com<\/p>\n","protected":false},"excerpt":{"rendered":"<p>Sin duda, esta seguir\u00e1 siendo la \u00faltima temporada de Vonn en esqu\u00ed. Sin embargo, tras ganar la Copa del Mundo de descenso en St. Moritz el viernes, Vonn afirm\u00f3 que podr\u00eda tener que replantearse cu\u00e1ndo terminar\u00e1 su temporada. \u00abPens\u00e9 que me retirar\u00eda despu\u00e9s de la \u00faltima carrera de los Juegos Ol\u00edmpicos porque no estaba segura [&hellip;]<\/p>\n","protected":false},"author":1,"featured_media":0,"comment_status":"closed","ping_status":"closed","sticky":false,"template":"","format":"standard","meta":{"_acf_changed":false,"_jetpack_memberships_contains_paid_content":false,"footnotes":"","jetpack_publicize_message":"","jetpack_publicize_feature_enabled":true,"jetpack_social_post_already_shared":true,"jetpack_social_options":{"image_generator_settings":{"template":"highway","default_image_id":0,"font":"","enabled":false},"version":2}},"categories":[38],"tags":[],"class_list":["post-197860","post","type-post","status-publish","format-standard","hentry","category-olimpicos"],"acf":[],"jetpack_publicize_connections":[],"jetpack_featured_media_url":"","jetpack_sharing_enabled":true,"_links":{"self":[{"href":"https:\/\/sportseco.com\/index.php?rest_route=\/wp\/v2\/posts\/197860","targetHints":{"allow":["GET"]}}],"collection":[{"href":"https:\/\/sportseco.com\/index.php?rest_route=\/wp\/v2\/posts"}],"about":[{"href":"https:\/\/sportseco.com\/index.php?rest_route=\/wp\/v2\/types\/post"}],"author":[{"embeddable":true,"href":"https:\/\/sportseco.com\/index.php?rest_route=\/wp\/v2\/users\/1"}],"replies":[{"embeddable":true,"href":"https:\/\/sportseco.com\/index.php?rest_route=%2Fwp%2Fv2%2Fcomments&post=197860"}],"version-history":[{"count":2,"href":"https:\/\/sportseco.com\/index.php?rest_route=\/wp\/v2\/posts\/197860\/revisions"}],"predecessor-version":[{"id":197864,"href":"https:\/\/sportseco.com\/index.php?rest_route=\/wp\/v2\/posts\/197860\/revisions\/197864"}],"wp:attachment":[{"href":"https:\/\/sportseco.com\/index.php?rest_route=%2Fwp%2Fv2%2Fmedia&parent=197860"}],"wp:term":[{"taxonomy":"category","embeddable":true,"href":"https:\/\/sportseco.com\/index.php?rest_route=%2Fwp%2Fv2%2Fcategories&post=197860"},{"taxonomy":"post_tag","embeddable":true,"href":"https:\/\/sportseco.com\/index.php?rest_route=%2Fwp%2Fv2%2Ftags&post=197860"}],"curies":[{"name":"wp","href":"https:\/\/api.w.org\/{rel}","templated":true}]}}