{"id":201810,"date":"2026-01-05T15:41:23","date_gmt":"2026-01-05T20:41:23","guid":{"rendered":"https:\/\/sportseco.com\/?p=201810"},"modified":"2026-01-05T15:41:23","modified_gmt":"2026-01-05T20:41:23","slug":"venezuela-la-onu-y-america-latina-claman-por-la-paz-y-el-respeto-del-derecho-internacional","status":"publish","type":"post","link":"https:\/\/sportseco.com\/?p=201810","title":{"rendered":"Venezuela: La ONU y Am\u00e9rica Latina claman por la paz y el respeto del derecho internacional"},"content":{"rendered":"\n<figure class=\"wp-block-image\"><img data-recalc-dims=\"1\" decoding=\"async\" src=\"https:\/\/i0.wp.com\/global.unitednations.entermediadb.net\/assets\/mediadb\/services\/module\/asset\/downloads\/preset\/Collections\/Production%20Library\/05-01-2026-UN-Photo-SC-wideview-02.jpg\/image1170x530cropped.jpg?w=640&#038;ssl=1\" alt=\"Vista amplia de la reuni\u00f3n del Consejo de Seguridad de las Naciones Unidas en la que se discuten las amenazas a la paz y la seguridad internacionales, con delegados sentados alrededor de una gran mesa circular y observadores en la galer\u00eda.\"\/><\/figure>\n\n\n\n<p>Foto de las Naciones Unidas\/Mark Garten<\/p>\n\n\n\n<p>El Consejo de Seguridad discute la situaci\u00f3n en Venezuela.<a><\/a><\/p>\n\n\n\n<p><strong><time datetime=\"2026-01-05T12:00:00Z\">5 Enero 2026<\/time><\/strong>&nbsp;<strong><a href=\"https:\/\/news.un.org\/es\/news\/topic\/peace-and-security\">Paz y seguridad<\/a><\/strong><\/p>\n\n\n\n<p>En una sesi\u00f3n de urgencia para abordar el ataque de Estados Unidos a Venezuela y la captura del presidente de ese pa\u00eds Nicolas Maduro, el Consejo de Seguridad de la ONU escuch\u00f3 denuncias contra el neocolonialismo, discursos de condena de la agresi\u00f3n y una reivindicaci\u00f3n casi un\u00e1nime para resolver las disputas internacionales de manera pac\u00edfica, mientras algunas intervenciones respaldaron la intervenci\u00f3n de Washington.&nbsp;<\/p>\n\n\n\n<p>\u201cLa Carta (de las Naciones Unidas) consagra la prohibici\u00f3n de la amenaza o el uso de la fuerza contra la integridad territorial o la independencia pol\u00edtica de cualquier Estado\u201d, ha recordado este lunes el&nbsp;<a href=\"https:\/\/www.un.org\/sg\/es\">Secretario General<\/a>&nbsp;al&nbsp;<a href=\"https:\/\/main.un.org\/securitycouncil\/es\">Consejo de Seguridad<\/a>&nbsp;reunido de urgencia para examinar la crisis en Venezuela.<\/p>\n\n\n\n<p>A trav\u00e9s de la secretaria general adjunta de las Naciones Unidas para Asuntos Pol\u00edticos, Rosemary A. DiCarlo,&nbsp;Ant\u00f3nio Guterres se dijo \u201cprofundamente preocupado por el incumplimiento de las normas del derecho internacional en relaci\u00f3n con la acci\u00f3n militar del 3 de enero\u201d.<\/p>\n\n\n\n<p>Guterres se refer\u00eda as\u00ed al bombardeo llevado a cabo por Estados Unidos contra la capital de Venezuela, Caracas, y otras localidades en los estados Miranda, Aragua y La Guaira, cuyas consecuencias humanitarias a\u00fan se desconocen.<\/p>\n\n\n\n<p>\u201cEn situaciones tan confusas y complejas como la que enfrentamos actualmente, es importante apegarse a los principios. Respeto por la&nbsp;<a href=\"https:\/\/www.un.org\/es\/about-us\/un-charter\">Carta de las Naciones Unidas<\/a>&nbsp;(\u2026) Respeto por los principios de soberan\u00eda, independencia pol\u00edtica e integridad territorial de los Estados.&nbsp;<strong>Prohibici\u00f3n del uso o la amenaza del uso de la fuerza<\/strong>. El poder de la ley debe prevalecer\u201d, continu\u00f3 el mensaje de Guterres.<\/p>\n\n\n\n<p>En la intervenci\u00f3n militar, ordenada por el presidente estadounidense, Donald Trump, fue capturado el presidente de Venezuela, Nicol\u00e1s Maduro, junto con su esposa Celia Flores. Seg\u00fan Trump, Madur\u00f3 ser\u00e1 juzgado por narcotr\u00e1fico.<\/p>\n\n\n\n<p>Por boca de DiCarlo, Guterres record\u00f3 que \u201cel derecho internacional contiene herramientas para abordar cuestiones como el tr\u00e1fico il\u00edcito de estupefacientes, las disputas sobre recursos y las preocupaciones en materia de&nbsp;<a href=\"https:\/\/news.un.org\/es\/news\/topic\/human-rights\">derechos humanos<\/a>\u201d.<\/p>\n\n\n\n<h2 class=\"wp-block-heading\">Am\u00e9rica Latina se alinea con la paz<\/h2>\n\n\n\n<p>La gran mayor\u00eda de los pa\u00edses de Am\u00e9rica Latina que intervinieron en el Consejo, a los que se uni\u00f3 Espa\u00f1a, se alinearon con un discurso en favor de la paz y del respeto del derecho internacional, la soberan\u00eda nacional y la Carta de las Naciones Unidas.<\/p>\n\n\n\n<p>As\u00ed,&nbsp;<strong>Brasil&nbsp;<\/strong>rechaz\u00f3 categ\u00f3ricamente la intervenci\u00f3n armada en Venezuela, calific\u00e1ndola de \u00abflagrante violaci\u00f3n de la Carta de las Naciones Unidas\u00bb y advirtiendo que \u00ablos bombardeos y la captura de su presidente traspasan una l\u00ednea inaceptable\u00bb.&nbsp;<\/p>\n\n\n\n<p>Su representante,&nbsp;<strong>hizo una defensa firme de Am\u00e9rica Latina como \u00abzona de paz\u00bb<\/strong>&nbsp;y afirm\u00f3 que \u00abel recurso a la fuerza en nuestra regi\u00f3n evoca cap\u00edtulos de la historia que cre\u00edamos superados\u00bb. Sostuvo que la soluci\u00f3n para Venezuela debe respetar \u00abla autodeterminaci\u00f3n del pueblo venezolano\u00bb, no la creaci\u00f3n de \u00abprotectorados\u00bb.<\/p>\n\n\n\n<p>Por su parte, el embajador de<strong>&nbsp;M\u00e9xico&nbsp;<\/strong>conden\u00f3 la acci\u00f3n militar estadounidense al considerarla una violaci\u00f3n del art\u00edculo 2 de la Carta de las Naciones Unidas y un golpe al multilateralismo.&nbsp;<\/p>\n\n\n\n<p>Durante su intervenci\u00f3n, H\u00e9ctor Vasconcelos subray\u00f3 que la prohibici\u00f3n del uso o la amenaza de la fuerza constituye un principio fundamental del derecho internacional, sin excepciones, y advirti\u00f3 que&nbsp;<strong>cualquier ret\u00f3rica orientada a una escalada militar pone en riesgo la estabilidad regional<\/strong>.&nbsp;<\/p>\n\n\n\n<p>El diplom\u00e1tico record\u00f3 que corresponde a los pueblos decidir su propio destino mediante&nbsp;<strong>soluciones pac\u00edficas, democr\u00e1ticas y negociadas<\/strong>, y rechaz\u00f3 los cambios de r\u00e9gimen impulsados por actores externos y las medidas extraterritoriales.&nbsp;<\/p>\n\n\n\n<p>En el mismo sentido, la representante de<strong>&nbsp;Chile&nbsp;<\/strong>tambi\u00e9n conden\u00f3 las acciones militares unilaterales de Estados Unidos. Paula Narv\u00e1ez Ojeda reafirm\u00f3 el compromiso de su pa\u00eds con la soberan\u00eda, la integridad territorial, la soluci\u00f3n pac\u00edfica de las controversias y la prohibici\u00f3n del uso de la fuerza, principios fundamentales para la paz y la seguridad internacionales.&nbsp;<\/p>\n\n\n\n<p><strong>Cuba&nbsp;<\/strong>conden\u00f3 la que calific\u00f3 como \u201c<strong>una \u00abagresi\u00f3n imperialista y fascista con objetivos de dominaci\u00f3n\u00bb que pretende revivir la Doctrina Monroe\u201d&nbsp;<\/strong>y llam\u00f3 a la comunidad internacional a \u00abcondenar y enfrentar este acto de terrorismo de Estado\u00bb que amenaza la paz regional e internacional, reafirmando su adhesi\u00f3n a la&nbsp;<strong>Proclama de Am\u00e9rica Latina y el Caribe como Zona de Paz<\/strong>.<\/p>\n\n\n\n<p>El embajador de&nbsp;<strong>Panam\u00e1<\/strong>&nbsp;expres\u00f3 su preocupaci\u00f3n por la situaci\u00f3n y su posible impacto en la paz y la estabilidad regional, al tiempo que llam\u00f3 a centrar los esfuerzos internacionales en&nbsp;<strong>una salida democr\u00e1tica y pac\u00edfica<\/strong>.&nbsp;Eloy Alfaro de Alba reafirm\u00f3 el&nbsp;<strong>compromiso hist\u00f3rico de Panam\u00e1 con el multilateralismo, la soberan\u00eda de los Estados y el respeto al derecho internacional<\/strong>, incluidos los principios de no intervenci\u00f3n y prohibici\u00f3n del uso de la fuerza consagrados en la Carta de la ONU.<\/p>\n\n\n\n<p>El embajador de<strong>&nbsp;Nicaragua<\/strong>&nbsp;reafirm\u00f3 tambi\u00e9n que Am\u00e9rica Latina y el Caribe es una&nbsp;<strong>zona de paz<\/strong>, declarada por la Comunidad de Estados Latinos y Caribe\u00f1os (CELAC) destac\u00f3 que este estatus debe ser respetado por todos los gobiernos, especialmente por los miembros del Consejo responsables de la paz y la seguridad internacionales.&nbsp;<\/p>\n\n\n\n<p>Por su parte, el embajador de&nbsp;<strong>Argentina<\/strong>&nbsp;expres\u00f3 el&nbsp;<strong>respaldo de su pa\u00eds a la intervenci\u00f3n militar de Estados Unidos en Venezuela<\/strong>, calificando a Nicol\u00e1s Maduro como un \u00abdictador\u00bb y l\u00edder de organizaciones designadas como terroristas por Argentina en 2025.&nbsp;<\/p>\n\n\n\n<p>El diplom\u00e1tico sostuvo que estas medidas representan un avance significativo en la lucha contra el narcoterrorismo en la regi\u00f3n.&nbsp;<\/p>\n\n\n\n<p>El representante de<strong>&nbsp;Paraguay<\/strong>&nbsp;coincidi\u00f3 con el argentino al se\u00f1alar que Nicol\u00e1s Maduro era el \u00abl\u00edder de una organizaci\u00f3n criminal\u00bb declarada \u00abterrorista\u00bb por las autoridades de su pa\u00eds.&nbsp;<\/p>\n\n\n\n<p>Se\u00f1al\u00f3 que la permanencia en el poder representaba una amenaza para la estabilidad regional y sostuvo que la salida de su liderazgo debe dar paso inmediato a la restauraci\u00f3n de la democracia y del Estado de derecho en el pa\u00eds.&nbsp;<\/p>\n\n\n\n<p><strong>Espa\u00f1a&nbsp;<\/strong>expres\u00f3 su profunda preocupaci\u00f3n por la situaci\u00f3n en Venezuela, calific\u00e1ndola como un&nbsp;<strong>precedente alarmante con implicaciones regionales e internacionales<\/strong>, subrayando que<strong>&nbsp;<\/strong>los recursos naturales del pa\u00eds son parte de su soberan\u00eda.<\/p>\n\n\n\n<p>H\u00e9ctor G\u00f3mez subray\u00f3 la importancia de respetar la Carta de Naciones Unidas, especialmente los principios de soberan\u00eda, integridad territorial y la prohibici\u00f3n del uso o la amenaza de la fuerza, como base para la convivencia internacional.&nbsp;<\/p>\n\n\n\n<p>El diplom\u00e1tico enfatiz\u00f3 que la lucha contra el crimen organizado y la defensa de los derechos humanos en Venezuela solo pueden abordarse mediante&nbsp;<strong>cooperaci\u00f3n internacional y di\u00e1logo, no por imposici\u00f3n militar.<\/strong><\/p>\n\n\n\n<h2 class=\"wp-block-heading\">Estados Unidos defiende su acci\u00f3n<\/h2>\n\n\n\n<p>Al explicar la posici\u00f3n de su pa\u00eds, el embajador de Estados Unidos ante la ONU afirm\u00f3 que Washington llev\u00f3 a cabo una operaci\u00f3n de car\u00e1cter legal y selectivo contra dos fugitivos de la justicia estadounidense, a quienes calific\u00f3 como \u201cnarcoterroristas\u201d.&nbsp;<\/p>\n\n\n\n<p>Durante su intervenci\u00f3n ante el Consejo de Seguridad, Mike Waltz&nbsp;<strong>sostuvo que Nicol\u00e1s Maduro no es un jefe de Estado leg\u00edtimo y record\u00f3 que m\u00e1s de 50 pa\u00edses<\/strong>, incluido Estados Unidos y la Uni\u00f3n Europea, rechazaron el resultado de las elecciones venezolanas de 2024 por falta de transparencia.&nbsp;<\/p>\n\n\n\n<p>El diplom\u00e1tico acus\u00f3 al gobierno venezolano de liderar una red criminal dedicada al tr\u00e1fico de drogas, de colaborar con organizaciones terroristas y de desestabilizar el hemisferio occidental.&nbsp;<\/p>\n\n\n\n<h2 class=\"wp-block-heading\">China y Rusia condenan en\u00e9rgicamente<\/h2>\n\n\n\n<p>Por su parte, los representantes de China y Rusia condenaron en\u00e9rgicamente la acci\u00f3n militar, calific\u00e1ndola de \u201cneocolonialismo\u201d, \u201cdoble rasero\u201d e injerencia en la soberan\u00eda nacional de los Estados, en lo que supone una clara violaci\u00f3n de la Carta de las Naciones Unidas.<\/p>\n\n\n\n<p>\u201cNing\u00fan pa\u00eds puede ser la polic\u00eda del mundo, ni ning\u00fan Estado puede erigirse en juez internacional\u201d, dijo el representante chino.<\/p>\n\n\n\n<p>El enviado de Pek\u00edn a\u00f1adi\u00f3: \u201cExigimos que en Estados Unidos deje de acosar y deje atr\u00e1s estas pr\u00e1cticas de coacci\u00f3n y forje relaciones a partir del respeto mutuo, la igualdad\u201d y apoy\u00f3 plenamente a los pa\u00edses de la regi\u00f3n en la defensa de la condici\u00f3n de Am\u00e9rica Latina y el Caribe como zona de paz.<\/p>\n\n\n\n<p>Por su parte, Vassily A. Nebenzia, embajador ruso, hizo un llamamiento a los miembros del Consejo para que abandonaran la doble moral y no justificaran \u00abun acto de agresi\u00f3n tan atroz\u00bb por temor al \u00abgendarme global estadounidense\u00bb.<\/p>\n\n\n\n<p><\/p>\n\n\n\n<p><\/p>\n\n\n\n<p>news.un.org<\/p>\n","protected":false},"excerpt":{"rendered":"<p>Foto de las Naciones Unidas\/Mark Garten El Consejo de Seguridad discute la situaci\u00f3n en Venezuela. 5 Enero 2026&nbsp;Paz y seguridad En una sesi\u00f3n de urgencia para abordar el ataque de Estados Unidos a Venezuela y la captura del presidente de ese pa\u00eds Nicolas Maduro, el Consejo de Seguridad de la ONU escuch\u00f3 denuncias contra el [&hellip;]<\/p>\n","protected":false},"author":1,"featured_media":201811,"comment_status":"open","ping_status":"open","sticky":false,"template":"","format":"standard","meta":{"_acf_changed":false,"_jetpack_memberships_contains_paid_content":false,"footnotes":"","jetpack_publicize_message":"","jetpack_publicize_feature_enabled":true,"jetpack_social_post_already_shared":true,"jetpack_social_options":{"image_generator_settings":{"template":"highway","default_image_id":0,"font":"","enabled":false},"version":2}},"categories":[108],"tags":[],"class_list":["post-201810","post","type-post","status-publish","format-standard","has-post-thumbnail","hentry","category-dia-mundial"],"acf":[],"jetpack_publicize_connections":[],"jetpack_featured_media_url":"https:\/\/i0.wp.com\/sportseco.com\/wp-content\/uploads\/2026\/01\/image1170x530cropped.jpg?fit=1170%2C530&ssl=1","jetpack_sharing_enabled":true,"_links":{"self":[{"href":"https:\/\/sportseco.com\/index.php?rest_route=\/wp\/v2\/posts\/201810","targetHints":{"allow":["GET"]}}],"collection":[{"href":"https:\/\/sportseco.com\/index.php?rest_route=\/wp\/v2\/posts"}],"about":[{"href":"https:\/\/sportseco.com\/index.php?rest_route=\/wp\/v2\/types\/post"}],"author":[{"embeddable":true,"href":"https:\/\/sportseco.com\/index.php?rest_route=\/wp\/v2\/users\/1"}],"replies":[{"embeddable":true,"href":"https:\/\/sportseco.com\/index.php?rest_route=%2Fwp%2Fv2%2Fcomments&post=201810"}],"version-history":[{"count":1,"href":"https:\/\/sportseco.com\/index.php?rest_route=\/wp\/v2\/posts\/201810\/revisions"}],"predecessor-version":[{"id":201812,"href":"https:\/\/sportseco.com\/index.php?rest_route=\/wp\/v2\/posts\/201810\/revisions\/201812"}],"wp:featuredmedia":[{"embeddable":true,"href":"https:\/\/sportseco.com\/index.php?rest_route=\/wp\/v2\/media\/201811"}],"wp:attachment":[{"href":"https:\/\/sportseco.com\/index.php?rest_route=%2Fwp%2Fv2%2Fmedia&parent=201810"}],"wp:term":[{"taxonomy":"category","embeddable":true,"href":"https:\/\/sportseco.com\/index.php?rest_route=%2Fwp%2Fv2%2Fcategories&post=201810"},{"taxonomy":"post_tag","embeddable":true,"href":"https:\/\/sportseco.com\/index.php?rest_route=%2Fwp%2Fv2%2Ftags&post=201810"}],"curies":[{"name":"wp","href":"https:\/\/api.w.org\/{rel}","templated":true}]}}