{"id":201979,"date":"2026-01-09T08:09:31","date_gmt":"2026-01-09T13:09:31","guid":{"rendered":"https:\/\/sportseco.com\/?p=201979"},"modified":"2026-01-09T08:09:31","modified_gmt":"2026-01-09T13:09:31","slug":"dia-mundial-de-la-electricidad-estatica-9-de-enero-3","status":"publish","type":"post","link":"https:\/\/sportseco.com\/?p=201979","title":{"rendered":"D\u00eda Mundial de la Electricidad Est\u00e1tica, 9 de enero"},"content":{"rendered":"\n<p>Cada 9 de enero se celebra el&nbsp;<strong>D\u00eda Mundial de la Electricidad Est\u00e1tica<\/strong>, con la finalidad de dar a conocer a las personas acerca de este fen\u00f3meno de acumulaci\u00f3n o exceso de cargas el\u00e9ctricas que se genera en un material aislante en reposo.<\/p>\n\n\n\n<h2 class=\"wp-block-heading\" id=\"resTit_1\">Origen de este D\u00eda Mundial<\/h2>\n\n\n\n<p>No se conoce el origen exacto del&nbsp;<strong>D\u00eda Mundial de la Electricidad Est\u00e1tica<\/strong>. Sin embargo, esta efem\u00e9ride es asociada con las bajas temperaturas t\u00edpicas del mes de enero, consider\u00e1ndose la mejor \u00e9poca para conmemorar este fen\u00f3meno.<\/p>\n\n\n\n<h2 class=\"wp-block-heading\" id=\"resTit_2\">\u00bfQu\u00e9 es la electricidad est\u00e1tica?<\/h2>\n\n\n\n<p>\u00bfTe ha sucedido que cuando rozas alg\u00fan objeto o superficie recibes un toque de corriente el\u00e9ctrica? Ese fen\u00f3meno es conocido como&nbsp;<strong>est\u00e1tica&nbsp;<\/strong>y es muy com\u00fan en la vida cotidiana.<\/p>\n\n\n\n<p><\/p>\n\n\n\n<p>La est\u00e1tica ocurre cuando dos objetos entran en contacto y al separarse sus superficies adquieren una carga el\u00e9ctrica conocida como&nbsp;<strong>carga triboel\u00e9ctrica<\/strong>,&nbsp;<strong>carga est\u00e1tica o de contacto<\/strong>. Asimismo, la electricidad est\u00e1tica se genera cuando las cargas positiva y negativa de un \u00e1tomo se desequilibran.<\/p>\n\n\n\n<p>Un antecedente del estudio de la triboelectricidad se bas\u00f3 en los experimentos del fil\u00f3sofo griego Tales de Mileto. Descubri\u00f3 la electricidad est\u00e1tica al frotar un trozo de \u00e1mbar contra lana.<\/p>\n\n\n\n<p>La etimolog\u00eda de este t\u00e9rmino corresponde a las palabras en griego&nbsp;<em><strong>tribein<\/strong><\/em>&nbsp;(frotar) y&nbsp;<strong>elektron<\/strong>&nbsp;(\u00e1mbar).<\/p>\n\n\n\n<p>La acumulaci\u00f3n de potencial electrost\u00e1tico genera una descarga el\u00e9ctrica de diversas dimensiones, siendo la m\u00e1s com\u00fan y la m\u00e1s leve de ellas una ligera sacudida al tocar una superficie. Por el contrario, una simple chispa electrost\u00e1tica puede desencadenar un incendio.<\/p>\n\n\n\n<h2 class=\"wp-block-heading\" id=\"resTit_3\">\u00bfSab\u00edas Que?<\/h2>\n\n\n\n<p>Conoce algunos datos curiosos e interesantes acerca de la electricidad est\u00e1tica:<\/p>\n\n\n\n<ul class=\"wp-block-list\">\n<li>Al caminar sobre una alfombra una persona puede cargarse con unos 5.000 voltios de electricidad y generar una descarga de pulsaci\u00f3n de 30 amperios.<\/li>\n\n\n\n<li>Al estar en contacto con la electricidad est\u00e1tica los cabellos se ponen de punta. Esto es generado por el desequilibrio entre las cargas positivas y negativas de todos los objetos que nos rodean.<\/li>\n\n\n\n<li>En la Luna y en Marte hay ausencia de humedad, siendo el ambiente propicio para la acumulaci\u00f3n de cargas est\u00e1ticas en la superficie lunar. Es motivo de observaci\u00f3n por parte de organismos como la NASA.<\/li>\n<\/ul>\n\n\n\n<p><\/p>\n\n\n\n<p><\/p>\n\n\n\n<p>diainternacionalde.com<\/p>\n","protected":false},"excerpt":{"rendered":"<p>Cada 9 de enero se celebra el&nbsp;D\u00eda Mundial de la Electricidad Est\u00e1tica, con la finalidad de dar a conocer a las personas acerca de este fen\u00f3meno de acumulaci\u00f3n o exceso de cargas el\u00e9ctricas que se genera en un material aislante en reposo. Origen de este D\u00eda Mundial No se conoce el origen exacto del&nbsp;D\u00eda Mundial [&hellip;]<\/p>\n","protected":false},"author":1,"featured_media":201980,"comment_status":"open","ping_status":"open","sticky":false,"template":"","format":"standard","meta":{"_acf_changed":false,"_jetpack_memberships_contains_paid_content":false,"footnotes":"","jetpack_publicize_message":"","jetpack_publicize_feature_enabled":true,"jetpack_social_post_already_shared":true,"jetpack_social_options":{"image_generator_settings":{"template":"highway","default_image_id":0,"font":"","enabled":false},"version":2}},"categories":[108],"tags":[],"class_list":["post-201979","post","type-post","status-publish","format-standard","has-post-thumbnail","hentry","category-dia-mundial"],"acf":[],"jetpack_publicize_connections":[],"jetpack_featured_media_url":"https:\/\/i0.wp.com\/sportseco.com\/wp-content\/uploads\/2026\/01\/01-09_dia-mundial-electricidad-estatica.jpg?fit=305%2C203&ssl=1","jetpack_sharing_enabled":true,"_links":{"self":[{"href":"https:\/\/sportseco.com\/index.php?rest_route=\/wp\/v2\/posts\/201979","targetHints":{"allow":["GET"]}}],"collection":[{"href":"https:\/\/sportseco.com\/index.php?rest_route=\/wp\/v2\/posts"}],"about":[{"href":"https:\/\/sportseco.com\/index.php?rest_route=\/wp\/v2\/types\/post"}],"author":[{"embeddable":true,"href":"https:\/\/sportseco.com\/index.php?rest_route=\/wp\/v2\/users\/1"}],"replies":[{"embeddable":true,"href":"https:\/\/sportseco.com\/index.php?rest_route=%2Fwp%2Fv2%2Fcomments&post=201979"}],"version-history":[{"count":1,"href":"https:\/\/sportseco.com\/index.php?rest_route=\/wp\/v2\/posts\/201979\/revisions"}],"predecessor-version":[{"id":201981,"href":"https:\/\/sportseco.com\/index.php?rest_route=\/wp\/v2\/posts\/201979\/revisions\/201981"}],"wp:featuredmedia":[{"embeddable":true,"href":"https:\/\/sportseco.com\/index.php?rest_route=\/wp\/v2\/media\/201980"}],"wp:attachment":[{"href":"https:\/\/sportseco.com\/index.php?rest_route=%2Fwp%2Fv2%2Fmedia&parent=201979"}],"wp:term":[{"taxonomy":"category","embeddable":true,"href":"https:\/\/sportseco.com\/index.php?rest_route=%2Fwp%2Fv2%2Fcategories&post=201979"},{"taxonomy":"post_tag","embeddable":true,"href":"https:\/\/sportseco.com\/index.php?rest_route=%2Fwp%2Fv2%2Ftags&post=201979"}],"curies":[{"name":"wp","href":"https:\/\/api.w.org\/{rel}","templated":true}]}}