{"id":202177,"date":"2026-01-13T08:16:25","date_gmt":"2026-01-13T13:16:25","guid":{"rendered":"https:\/\/sportseco.com\/?p=202177"},"modified":"2026-01-13T08:16:25","modified_gmt":"2026-01-13T13:16:25","slug":"dia-mundial-de-lucha-contra-la-depresion-13-de-enero","status":"publish","type":"post","link":"https:\/\/sportseco.com\/?p=202177","title":{"rendered":"D\u00eda Mundial de Lucha contra la Depresi\u00f3n, 13 de enero"},"content":{"rendered":"\n<p><strong>El 13 de enero se celebra el D\u00eda Mundial de Lucha contra la Depresi\u00f3n<\/strong>, un trastorno complejo que influye en el estado de \u00e1nimo, el pensamiento, el comportamiento y la funci\u00f3n f\u00edsica, y se caracteriza por una profunda tristeza, p\u00e9rdida de inter\u00e9s, cambios en el apetito y el sue\u00f1o, fatiga, sentimientos de culpa y dificultades en la concentraci\u00f3n.<\/p>\n\n\n\n<p>Seg\u00fan la Organizaci\u00f3n Mundial de la Salud (OMS), la depresi\u00f3n es la principal causa mundial de discapacidad y contribuye de forma significativa a la carga global de morbilidad. Se estima que afecta a m\u00e1s de 300 millones de personas en el mundo, siendo m\u00e1s prevalente en mujeres que en hombres.<\/p>\n\n\n\n<h2 class=\"wp-block-heading\" id=\"resTit_1\">\u00bfPor qu\u00e9 se celebra un d\u00eda contra la depresi\u00f3n?<\/h2>\n\n\n\n<p>Con la proclamaci\u00f3n de este d\u00eda se pretende sensibilizar, orientar y prevenir a la poblaci\u00f3n a nivel mundial sobre esta enfermedad, cuyas cifras aumentan de manera desproporcionada en el mundo.<\/p>\n\n\n\n<figure class=\"wp-block-image\"><img data-recalc-dims=\"1\" decoding=\"async\" src=\"https:\/\/i0.wp.com\/www.diainternacionalde.com\/imagenes\/dias\/enero\/01-13_dia-mundial-depresion_muelle_s.jpg?w=640&#038;ssl=1\" alt=\"\" title=\"\"\/><\/figure>\n\n\n\n<p>Entre los principales rasgos caracter\u00edsticos de la depresi\u00f3n se destacan tristeza permanente, p\u00e9rdida de inter\u00e9s o placer en las actividades de la vida cotidiana (anhedonia), aislamiento, trastornos del sue\u00f1o y del apetito, falta de concentraci\u00f3n y sensaci\u00f3n de cansancio.<\/p>\n\n\n\n<p>En cualquier caso,&nbsp;<strong>se requiere atenci\u00f3n m\u00e9dica especializada<\/strong>&nbsp;para su oportuno diagn\u00f3stico y tratamiento. No se trata de un simple decaimiento en el estado de \u00e1nimo o emocional, ya que puede conllevar al surgimiento de otras enfermedades como estr\u00e9s, fobias, ansiedad, trastornos obsesivos y en el peor de los casos conducir al suicidio.<\/p>\n\n\n\n<p><strong>Influye notablemente la composici\u00f3n gen\u00e9tica<\/strong>&nbsp;y el funcionamiento de los neurotransmisores cerebrales, definidos como aquellas sustancias qu\u00edmicas que ayudan a la transmisi\u00f3n de mensajes entre las c\u00e9lulas nerviosas del cerebro.<\/p>\n\n\n\n<h2 class=\"wp-block-heading\" id=\"resTit_2\"><strong>Causas de la depresi\u00f3n<\/strong><\/h2>\n\n\n\n<p><strong>Las causas que originan la depresi\u00f3n<\/strong>&nbsp;son m\u00faltiples, siendo las m\u00e1s comunes las siguientes:<\/p>\n\n\n\n<ul class=\"wp-block-list\">\n<li>Antecedentes personales y\/o familiares con cuadros depresivos.<\/li>\n\n\n\n<li>Composici\u00f3n qu\u00edmica, gen\u00e9tica y hormonal.<\/li>\n\n\n\n<li>Exposici\u00f3n a situaciones estresantes y traumas.<\/li>\n\n\n\n<li>Problemas econ\u00f3micos.<\/li>\n\n\n\n<li>Situaci\u00f3n laboral o desempleo.<\/li>\n\n\n\n<li>P\u00e9rdida o enfermedad de un ser querido o mascota.<\/li>\n\n\n\n<li>Rupturas sentimentales, divorcios.<\/li>\n\n\n\n<li>Enfermedades preexistentes que pueden provocar s\u00edntomas depresivos, como el hipotiroidismo, la mononucleosis, entre otras afecciones.<\/li>\n\n\n\n<li>Presiones de tipo social como el bullying (acoso escolar), cyberbulling (acoso por redes sociales) o mobbing (acoso laboral).<\/li>\n<\/ul>\n\n\n\n<h2 class=\"wp-block-heading\" id=\"resTit_3\">Tipos de depresi\u00f3n y s\u00edntomas m\u00e1s frecuentes<\/h2>\n\n\n\n<figure class=\"wp-block-image\"><img data-recalc-dims=\"1\" decoding=\"async\" src=\"https:\/\/i0.wp.com\/www.diainternacionalde.com\/imagenes\/dias\/enero\/01-13_dia-mundial-depresion-hombre_s.jpg?w=640&#038;ssl=1\" alt=\"\" title=\"\"\/><\/figure>\n\n\n\n<p>A continuaci\u00f3n mencionamos los principales tipos de depresi\u00f3n, los cuales se diferencian por su duraci\u00f3n y evoluci\u00f3n, afectando el desempe\u00f1o de actividades rutinarias y relaciones interpersonales, desde el punto de vista emocional, conductual, cognitivo y som\u00e1tico.<\/p>\n\n\n\n<p>En todos los casos se precisa atenci\u00f3n m\u00e9dica y terap\u00e9utica especializada, para su debido control y seguimiento:<\/p>\n\n\n\n<ul class=\"wp-block-list\">\n<li><strong>Trastorno depresivo grave o trastorno depresivo mayor<\/strong>: este tipo de depresi\u00f3n es considerado como el m\u00e1s grave, ya que es prolongado en el tiempo y con posibilidad de episodios repetitivos. Afecta las actividades diarias como comer, dormir, as\u00ed como la concentraci\u00f3n. Se requiere de tratamiento farmacol\u00f3gico y terapia psicol\u00f3gica.<\/li>\n\n\n\n<li><strong>Trastorno depresivo persistente o distimia:\u00a0<\/strong>es un tipo de depresi\u00f3n moderada, con los siguientes s\u00edntomas: p\u00e9rdida de inter\u00e9s en las actividades normales, cambios en el sue\u00f1o, baja autoestima, desesperanza, inapetencia, falta de energ\u00eda y de concentraci\u00f3n. El tratamiento incluye el uso de medicamentos y la terapia conversacional.<\/li>\n\n\n\n<li><strong>Depresi\u00f3n postparto:<\/strong>\u00a0se diagnostica en el primer mes siguiente al nacimiento o alumbramiento. Los principales s\u00edntomas son insomnio, irritabilidad, desapego con el beb\u00e9, p\u00e9rdida de apetito. El tratamiento se basa en terapia, antidepresivos y terapia hormonal.<\/li>\n\n\n\n<li><strong>Trastorno afectivo estacional:<\/strong>\u00a0se produce generalmente durante la estaci\u00f3n invernal, coincidiendo con la reducci\u00f3n de horas de sol. Los s\u00edntomas caracter\u00edsticos son desesperanza y retraimiento social. Se requiere la aplicaci\u00f3n de fototerapia, medicamentos y terapia conversacional.<\/li>\n\n\n\n<li><strong>Depresi\u00f3n psic\u00f3tica:\u00a0<\/strong>se caracteriza por la presencia de alucinaciones o episodios psic\u00f3ticos con sentimientos de desesperanza, inutilidad o culpa, fatiga constante, retraimiento social e irritabilidad. Se requiere de un tratamiento farmacol\u00f3gico, conjuntamente con terapias psicol\u00f3gicas.<\/li>\n\n\n\n<li><strong>Enfermedad maniaco depresiva o trastorno bipolar:\u00a0<\/strong>es un trastorno permanente que genera cambios c\u00edclicos en el estado de \u00e1nimo, con altos emocionales (man\u00eda o hipoman\u00eda) y sentimientos de tristeza o depresi\u00f3n. El tratamiento incluye medicamentos estabilizantes del humor, antipsic\u00f3ticos, antidepresivos y psicoterapia.<\/li>\n<\/ul>\n\n\n\n<h2 class=\"wp-block-heading\" id=\"resTit_4\">\u00bfC\u00f3mo superar la depresi\u00f3n?<\/h2>\n\n\n\n<p>Superar un episodio depresivo requiere orientaci\u00f3n m\u00e9dica especializada y apoyo por parte del entorno afectivo y familiar de la persona afectada. Mencionamos algunos consejos y recomendaciones para conllevar un proceso depresivo:<\/p>\n\n\n\n<figure class=\"wp-block-image\"><img data-recalc-dims=\"1\" decoding=\"async\" src=\"https:\/\/i0.wp.com\/www.diainternacionalde.com\/imagenes\/dias\/enero\/01-13_dia-mundial-depresion_hablar_s.jpg?w=640&#038;ssl=1\" alt=\"\" title=\"\"\/><\/figure>\n\n\n\n<ul class=\"wp-block-list\">\n<li>\u00a1Expr\u00e9sate! Siempre es importante buscar informaci\u00f3n y ayuda de cualquier \u00edndole: m\u00e9dica, terap\u00e9utica, afectiva, religiosa.<\/li>\n\n\n\n<li>Sigue todas las indicaciones m\u00e9dicas y terap\u00e9uticas.<\/li>\n\n\n\n<li>Adopta h\u00e1bitos de vida saludables, mediante una alimentaci\u00f3n balanceada, evitando el consumo de bebidas alcoh\u00f3licas y estupefacientes, hacer actividad f\u00edsica y no fumar.<\/li>\n\n\n\n<li>Aceptar, asimilar y concientizar que es un periodo temporal y no permanente, viviendo el presente y enfocando la atenci\u00f3n en buscar estrategias adecuadas para superar la depresi\u00f3n \u00a1Siempre activo!<\/li>\n\n\n\n<li>Hay que mantener una actitud firme ante las dificultades y contratiempos, procurando ejercer el control sobre nuestras emociones y evaluando de manera objetiva las situaciones.<\/li>\n\n\n\n<li>Participa en grupos de apoyo o en actividades deportivas, recreativas o terap\u00e9uticas.<\/li>\n<\/ul>\n\n\n\n<p>Cualquier persona es susceptible a pasar por un episodio depresivo, el cual puede ser imperceptible en la mayor\u00eda de los casos. La depresi\u00f3n es un trastorno que se puede diagnosticar a tiempo, siendo importante mantenerse informado y buscar la orientaci\u00f3n necesaria sobre este tema tan sensible.<\/p>\n\n\n\n<h2 class=\"wp-block-heading\" id=\"resTit_5\">Filmograf\u00eda sobre la depresi\u00f3n y la salud mental<\/h2>\n\n\n\n<p>A continuaci\u00f3n mencionamos algunos t\u00edtulos de pel\u00edculas, cuyo tema central es la depresi\u00f3n. Para compartir y reflexionar:<\/p>\n\n\n\n<ul class=\"wp-block-list\">\n<li><em><strong>Anomalisa (EEUU. Director: Charlie Kaufman. A\u00f1o 2015):<\/strong><\/em>\u00a0pel\u00edcula animada que muestra a un autor de libros de motivaci\u00f3n que ayuda a la gente a vivir mejor y m\u00e1s feliz. A pesar de ello, refleja en s\u00ed mismo s\u00edntomas evidentes de la depresi\u00f3n.<\/li>\n\n\n\n<li><em><strong>Cake: una raz\u00f3n para vivir (EEUU. Director: Daniel Barnz. A\u00f1o 2014):<\/strong><\/em>\u00a0una mujer est\u00e1 consumida por la depresi\u00f3n, la pena y la desesperanza despu\u00e9s de perder a su hijo peque\u00f1o en un accidente de tr\u00e1fico. Se obsesiona con la idea de quitarse la vida.<\/li>\n\n\n\n<li><em><strong>The Skeleton Twins (EEUU. Director: Craig Johnson. A\u00f1o 2014):\u00a0<\/strong><\/em>dos hermanos distanciados se reencuentran despu\u00e9s de mucho tiempo, casualmente el mismo d\u00eda en que se intentaban suicidar, intentar\u00e1n descubrir las causas de su depresi\u00f3n y c\u00f3mo ha afectado a sus vidas.<\/li>\n\n\n\n<li><em><strong>El lado bueno de las cosas (EEUU. Director: David O. Russell. A\u00f1o 2012):<\/strong><\/em>\u00a0despu\u00e9s de pasar una estancia en un centro de salud mental por depresi\u00f3n y por agredir al amante de su ex-mujer, conoce a una viuda con problemas psiqui\u00e1tricos.<\/li>\n\n\n\n<li><em><strong>Melancol\u00eda (Dinamarca. Director: Lars von Trier. A\u00f1o 2011):\u00a0<\/strong><\/em>muestra la met\u00e1fora de un planeta llamado Melancol\u00eda, que va a chocar con la tierra. Mientras tanto, una mujer con depresi\u00f3n y su prometido celebran su boda con una suntuosa fiesta.<\/li>\n\n\n\n<li><em><strong>Una historia casi divertida (EEUU. Directora: Anna Boden. A\u00f1o 2010):\u00a0<\/strong><\/em>un adolescente de 16 a\u00f1os ingresa a un centro psiqui\u00e1trico, debido a una depresi\u00f3n. Sin embargo, la sala para j\u00f3venes est\u00e1 cerrada y deber\u00e1 pasar su estancia en la sala de adultos. Sin embargo, conocer\u00e1 a otras personas con diversos problemas y talentos ocultos.<\/li>\n\n\n\n<li><em><strong>El mejor padre del mundo (EEUU. Director: Bobcat Goldthwait. A\u00f1o 2009):<\/strong><\/em>\u00a0un profesor de poes\u00eda sue\u00f1a con ser un escritor de \u00e9xito, pero se encuentra cl\u00ednicamente deprimido. Su hijo muri\u00f3 en un accidente autoer\u00f3tico, pero su padre escribe una nota de suicidio, para evitar la verg\u00fcenza de este suceso tr\u00e1gico.<\/li>\n\n\n\n<li><strong><em>Helen (Reino Unido. Directora: Sandra Nettelbeck. A\u00f1o 2008):\u00a0<\/em><\/strong>una talentosa profesora sufre de una depresi\u00f3n cr\u00f3nica. Ocult\u00f3 durante a\u00f1os su condici\u00f3n, por miedo al qu\u00e9 dir\u00e1n. Pero la situaci\u00f3n se agrav\u00f3, como para seguir escondiendo la verdad sobre su estado mental.<\/li>\n\n\n\n<li><em><strong>Numbs (Canad\u00e1. Director: Harris Goldberg. A\u00f1o 2007):\u00a0<\/strong><\/em>un guionista atraviesa por un estado de depresi\u00f3n cr\u00f3nico y tiene un trastorno de despersonalizaci\u00f3n diagnosticado. A pesar de ello siempre parece feliz. Es una cr\u00edtica al exceso del uso de f\u00e1rmacos en problemas de salud mental.<\/li>\n\n\n\n<li><strong><em>Sylvia (Reino Unido. Directora: Christine Jeffs. A\u00f1o 2003):\u00a0<\/em><\/strong>pel\u00edcula biogr\u00e1fica que muestra una parte de la vida de la poetisa norteamericana Sylvia Plath, una escritora del siglo XX, que es conocida por escribir sobre su depresi\u00f3n.<\/li>\n\n\n\n<li><em><strong>Prozac Nation (EEUU. Director: Erik Skjoldbjaerd. A\u00f1o 2001):<\/strong><\/em>\u00a0una escritora con un gran talento obtuvo una beca en la prestigiosa universidad de Harvard. Esta situaci\u00f3n, tan emocionante como estresante, la sumergi\u00f3 en una profunda depresi\u00f3n, de la que intentar\u00e1 huir. Se refugiar\u00e1 en las drogas y el sexo.<\/li>\n\n\n\n<li><strong><em>V\u00edrgenes suicidas (EEUU. Directora: Sofia Coppola. A\u00f1o 1999):\u00a0<\/em><\/strong>muestra la vida a cinco hermanas que viven en un barrio residencial de los Estados Unidos, en los a\u00f1os 70. Repentinamente la menor de ellas se suicida.<\/li>\n\n\n\n<li><em><strong>Interiores (EEUU. Director: Woody Allen. A\u00f1o 1978):<\/strong><\/em>\u00a0despu\u00e9s de que un padre de familia abandona a su esposa, ella intentar\u00e1 suicidarse. Una de sus tres hijas asumir\u00e1 la responsabilidad de cuidar a su madre deprimida, creando un c\u00edrculo vicioso de resentimiento en el grupo familiar.<\/li>\n<\/ul>\n\n\n\n<p>Comparte informaci\u00f3n \u00fatil sobre el&nbsp;<strong>D\u00eda Mundial de Lucha Contra la Depresi\u00f3n<\/strong>, en las redes sociales. Utiliza los hashtags&nbsp;<strong><em>#DiaMundialContraLaDepresion #WhatYouDontSee #hablemosdedepresion<\/em><\/strong><\/p>\n\n\n\n<p><\/p>\n\n\n\n<p><\/p>\n\n\n\n<p>diainternacionalde.com<\/p>\n","protected":false},"excerpt":{"rendered":"<p>El 13 de enero se celebra el D\u00eda Mundial de Lucha contra la Depresi\u00f3n, un trastorno complejo que influye en el estado de \u00e1nimo, el pensamiento, el comportamiento y la funci\u00f3n f\u00edsica, y se caracteriza por una profunda tristeza, p\u00e9rdida de inter\u00e9s, cambios en el apetito y el sue\u00f1o, fatiga, sentimientos de culpa y dificultades [&hellip;]<\/p>\n","protected":false},"author":1,"featured_media":202178,"comment_status":"open","ping_status":"open","sticky":false,"template":"","format":"standard","meta":{"_acf_changed":false,"_jetpack_memberships_contains_paid_content":false,"footnotes":"","jetpack_publicize_message":"","jetpack_publicize_feature_enabled":true,"jetpack_social_post_already_shared":true,"jetpack_social_options":{"image_generator_settings":{"template":"highway","default_image_id":0,"font":"","enabled":false},"version":2}},"categories":[108],"tags":[],"class_list":["post-202177","post","type-post","status-publish","format-standard","has-post-thumbnail","hentry","category-dia-mundial"],"acf":[],"jetpack_publicize_connections":[],"jetpack_featured_media_url":"https:\/\/i0.wp.com\/sportseco.com\/wp-content\/uploads\/2026\/01\/01-13_dia-mundial-depresion.jpg?fit=305%2C203&ssl=1","jetpack_sharing_enabled":true,"_links":{"self":[{"href":"https:\/\/sportseco.com\/index.php?rest_route=\/wp\/v2\/posts\/202177","targetHints":{"allow":["GET"]}}],"collection":[{"href":"https:\/\/sportseco.com\/index.php?rest_route=\/wp\/v2\/posts"}],"about":[{"href":"https:\/\/sportseco.com\/index.php?rest_route=\/wp\/v2\/types\/post"}],"author":[{"embeddable":true,"href":"https:\/\/sportseco.com\/index.php?rest_route=\/wp\/v2\/users\/1"}],"replies":[{"embeddable":true,"href":"https:\/\/sportseco.com\/index.php?rest_route=%2Fwp%2Fv2%2Fcomments&post=202177"}],"version-history":[{"count":1,"href":"https:\/\/sportseco.com\/index.php?rest_route=\/wp\/v2\/posts\/202177\/revisions"}],"predecessor-version":[{"id":202179,"href":"https:\/\/sportseco.com\/index.php?rest_route=\/wp\/v2\/posts\/202177\/revisions\/202179"}],"wp:featuredmedia":[{"embeddable":true,"href":"https:\/\/sportseco.com\/index.php?rest_route=\/wp\/v2\/media\/202178"}],"wp:attachment":[{"href":"https:\/\/sportseco.com\/index.php?rest_route=%2Fwp%2Fv2%2Fmedia&parent=202177"}],"wp:term":[{"taxonomy":"category","embeddable":true,"href":"https:\/\/sportseco.com\/index.php?rest_route=%2Fwp%2Fv2%2Fcategories&post=202177"},{"taxonomy":"post_tag","embeddable":true,"href":"https:\/\/sportseco.com\/index.php?rest_route=%2Fwp%2Fv2%2Ftags&post=202177"}],"curies":[{"name":"wp","href":"https:\/\/api.w.org\/{rel}","templated":true}]}}