{"id":202385,"date":"2026-01-17T09:07:22","date_gmt":"2026-01-17T14:07:22","guid":{"rendered":"https:\/\/sportseco.com\/?p=202385"},"modified":"2026-01-17T09:07:22","modified_gmt":"2026-01-17T14:07:22","slug":"regresa-el-programa-preferido-de-los-calenos-el-domingo-18-de-enero-se-reactiva-la-ciclovida","status":"publish","type":"post","link":"https:\/\/sportseco.com\/?p=202385","title":{"rendered":"Regresa el programa preferido de los cale\u00f1os: el domingo 18 de enero se reactiva la Ciclovida"},"content":{"rendered":"\n<figure class=\"wp-block-image\"><img data-recalc-dims=\"1\" decoding=\"async\" src=\"https:\/\/i0.wp.com\/www.cali.gov.co\/info\/caligovco_se\/media\/pubInt\/thumbs\/thpubInt_700X400_190902.webp?w=640&#038;ssl=1\" alt=\"Regresa el programa preferido de los cale\u00f1os: el domingo 18 de enero se reactiva la Ciclovida\" title=\"Regresa el programa preferido de los cale\u00f1os: el domingo 18 de enero se reactiva la Ciclovida\"\/><\/figure>\n\n\n\n<ul class=\"wp-block-list\">\n<li><em>Cale\u00f1os y visitantes volver\u00e1n a encontrarse en el tradicional programa que re\u00fane a la familia, de 8:00 a.m. a 1:00 p.m. Regresa este espacio de inclusi\u00f3n en varios tramos, meses despu\u00e9s de confirmarse la ampliaci\u00f3n de 20 nuevos kil\u00f3metros en diferentes puntos estrat\u00e9gicos de Cali.<\/em><br \/>\u00a0<\/li>\n<\/ul>\n\n\n\n<p><strong>Santiago de Cali, 16 de enero de 2026<\/strong><br \/><br \/>Por primera vez en los \u00faltimos a\u00f1os, la Alcald\u00eda de Cali y su Secretar\u00eda del Deporte y la Recreaci\u00f3n Distrital reactivan desde enero (<em>18.01.2026<\/em>) la&nbsp;<strong><em>Ciclovida&nbsp;<\/em><\/strong>y, con ella, todo lo que representa en materia de recreaci\u00f3n, actividad deportiva e impacto econ\u00f3mico.<br \/><br \/>Cale\u00f1os y visitantes volver\u00e1n a encontrarse en el tradicional programa que re\u00fane a la familia, de 8:00 a.m. a 1:00 p.m., integrando barrios del oriente, centro y sur de la capital vallecaucana en un modelo de movilidad activa, calidad y bienestar.<br \/><br \/>La&nbsp;<em>Ciclovida<\/em>&nbsp;evidencia un impacto positivo en la comunidad participante, a trav\u00e9s de la promoci\u00f3n de h\u00e1bitos de vida saludable, la integraci\u00f3n social y la recuperaci\u00f3n del tejido comunitario mediante el deporte. Asimismo, genera oportunidades para la poblaci\u00f3n, al incentivar proyectos de vida, el cumplimiento de sue\u00f1os y la construcci\u00f3n de paz desde el territorio.<br \/><br \/><em>\u201cNo es solo un espacio para salir a disfrutar de actividades recreativas, sino un escenario integral que incluye tarimas con actividades como la aerorrumba y zonas pensadas para la primera infancia. Durante la administraci\u00f3n del alcalde Alejandro Eder, hemos ampliado su cobertura en 20 kil\u00f3metros m\u00e1s, lo que permite integrar el oriente de Cali con el sur de la ciudad, entre otros sectores\u201d<\/em>, destac\u00f3&nbsp;<strong>Alexander Camacho,&nbsp;<\/strong>secretario del Deporte y la Recreaci\u00f3n Distrital.<br \/><br \/><strong><em>As\u00ed recuperamos Cali:<\/em><\/strong>&nbsp;consolidando acciones y espacios como la&nbsp;<strong><em>Ciclovida<\/em><\/strong>, orientados al desarrollo del deporte, la recreaci\u00f3n, la adopci\u00f3n de h\u00e1bitos saludables y la integraci\u00f3n comunitaria.<br \/><br \/><em>\u00a1Cali se mueve, Cali vibra y el deporte es protagonista!<\/em><br \/><br \/><strong><em>#As\u00edRecuperamosCali<br \/>#Aqu\u00edCabemosTodos<\/em><\/strong><br \/><br \/><br \/><strong>Le puede interesar\u2026<\/strong><br \/>&#8211;&nbsp;<a href=\"https:\/\/www.cali.gov.co\/boletines\/publicaciones\/190891\/cali-sigue-en-obra-cronograma-de-los-escenarios-deportivos-marcha-a-todo-vapor-con-emprestito-y-presupuesto-participativo\/\" target=\"_blank\" rel=\"noreferrer noopener\">Cali sigue en obra: cronograma de los escenarios deportivos marcha a todo vapor con empr\u00e9stito y Presupuesto Participativo<\/a><br \/><br \/><br \/><\/p>\n\n\n\n<p><strong>Comunicaciones Secretar\u00eda del Deporte y la Recreaci\u00f3n Distrital<\/strong><\/p>\n\n\n\n<p>cali.gov.co<\/p>\n","protected":false},"excerpt":{"rendered":"<p>Santiago de Cali, 16 de enero de 2026 Por primera vez en los \u00faltimos a\u00f1os, la Alcald\u00eda de Cali y su Secretar\u00eda del Deporte y la Recreaci\u00f3n Distrital reactivan desde enero (18.01.2026) la&nbsp;Ciclovida&nbsp;y, con ella, todo lo que representa en materia de recreaci\u00f3n, actividad deportiva e impacto econ\u00f3mico. Cale\u00f1os y visitantes volver\u00e1n a encontrarse en [&hellip;]<\/p>\n","protected":false},"author":1,"featured_media":202386,"comment_status":"open","ping_status":"open","sticky":false,"template":"","format":"standard","meta":{"_acf_changed":false,"_jetpack_memberships_contains_paid_content":false,"footnotes":"","jetpack_publicize_message":"","jetpack_publicize_feature_enabled":true,"jetpack_social_post_already_shared":true,"jetpack_social_options":{"image_generator_settings":{"template":"highway","default_image_id":0,"font":"","enabled":false},"version":2}},"categories":[6],"tags":[],"class_list":["post-202385","post","type-post","status-publish","format-standard","has-post-thumbnail","hentry","category-ecologia"],"acf":[],"jetpack_publicize_connections":[],"jetpack_featured_media_url":"https:\/\/i0.wp.com\/sportseco.com\/wp-content\/uploads\/2026\/01\/thgaleria_700X400_338281.webp?fit=320%2C400&ssl=1","jetpack_sharing_enabled":true,"_links":{"self":[{"href":"https:\/\/sportseco.com\/index.php?rest_route=\/wp\/v2\/posts\/202385","targetHints":{"allow":["GET"]}}],"collection":[{"href":"https:\/\/sportseco.com\/index.php?rest_route=\/wp\/v2\/posts"}],"about":[{"href":"https:\/\/sportseco.com\/index.php?rest_route=\/wp\/v2\/types\/post"}],"author":[{"embeddable":true,"href":"https:\/\/sportseco.com\/index.php?rest_route=\/wp\/v2\/users\/1"}],"replies":[{"embeddable":true,"href":"https:\/\/sportseco.com\/index.php?rest_route=%2Fwp%2Fv2%2Fcomments&post=202385"}],"version-history":[{"count":1,"href":"https:\/\/sportseco.com\/index.php?rest_route=\/wp\/v2\/posts\/202385\/revisions"}],"predecessor-version":[{"id":202387,"href":"https:\/\/sportseco.com\/index.php?rest_route=\/wp\/v2\/posts\/202385\/revisions\/202387"}],"wp:featuredmedia":[{"embeddable":true,"href":"https:\/\/sportseco.com\/index.php?rest_route=\/wp\/v2\/media\/202386"}],"wp:attachment":[{"href":"https:\/\/sportseco.com\/index.php?rest_route=%2Fwp%2Fv2%2Fmedia&parent=202385"}],"wp:term":[{"taxonomy":"category","embeddable":true,"href":"https:\/\/sportseco.com\/index.php?rest_route=%2Fwp%2Fv2%2Fcategories&post=202385"},{"taxonomy":"post_tag","embeddable":true,"href":"https:\/\/sportseco.com\/index.php?rest_route=%2Fwp%2Fv2%2Ftags&post=202385"}],"curies":[{"name":"wp","href":"https:\/\/api.w.org\/{rel}","templated":true}]}}