{"id":202395,"date":"2026-01-17T09:45:00","date_gmt":"2026-01-17T14:45:00","guid":{"rendered":"https:\/\/sportseco.com\/?p=202395"},"modified":"2026-01-17T09:45:00","modified_gmt":"2026-01-17T14:45:00","slug":"alta-mar-el-habitat-mas-grande-del-planeta-deja-de-ser-territorio-sin-ley","status":"publish","type":"post","link":"https:\/\/sportseco.com\/?p=202395","title":{"rendered":"Alta Mar, el h\u00e1bitat m\u00e1s grande del planeta, deja de ser territorio sin ley"},"content":{"rendered":"\n<p><strong>Ana Tu\u00f1as Matilla<\/strong><\/p>\n\n\n\n<p><strong>Las aguas internacionales, consideradas el mayor h\u00e1bitat del planeta (suman dos tercios de los oc\u00e9anos) y que hasta ahora eran \u00abterritorio sin ley\u00bb al no ser jurisdicci\u00f3n de ning\u00fan pa\u00eds, estar\u00e1n a partir de este s\u00e1bado bajo el paraguas del Tratado de Alta Mar, en el que se incluyen, entre otras cosas, medidas de protecci\u00f3n y conservaci\u00f3n ambiental ante la actividad humana, como la pesca, el transporte o la miner\u00eda.<\/strong><\/p>\n\n\n\n<p>Formalmente denominado&nbsp;<strong>Acuerdo sobre la Conservaci\u00f3n y el Uso Sostenible de la Diversidad Biol\u00f3gica Marina de las \u00c1reas Fuera de la Jurisdicci\u00f3n Nacional<\/strong>, este tratado se acord\u00f3 en marzo de 2023, tras dos d\u00e9cadas de negociaciones, y entra en vigor el 17 de septiembre, despu\u00e9s de que lograra reunir las ratificaciones necesarias para ello (ya van cerca de 80).<\/p>\n\n\n\n<p>Entre los que&nbsp;<a href=\"https:\/\/treaties.un.org\/Pages\/ViewDetails.aspx?src=TREATY&amp;mtdsg_no=XXI-10&amp;chapter=21&amp;clang=_en\">lo han ratificado<\/a>, Espa\u00f1a, la Uni\u00f3n Europea o China. Sin embargo, pa\u00edses como Estados Unidos, India o Argentina, que en su d\u00eda lo firmaron, a\u00fan no lo han hecho.<\/p>\n\n\n\n<h2 class=\"wp-block-heading\">Vital para poder proteger el 30 % de los oc\u00e9anos<\/h2>\n\n\n\n<p>Pese a su enorme importancia, estas aguas \u00aben tierra de nadie\u00bb,&nbsp;<strong>situadas a m\u00e1s 200 millas marinas de la costa, compartidas por todos los pa\u00edses y que juntas equivalen a la mitad del planeta<\/strong>, han estado gestionadas hasta ahora bajo una serie de acuerdos y organismos internacionales sin una jurisdicci\u00f3n clara y con unas normas inadecuadas para su protecci\u00f3n.<\/p>\n\n\n\n<p>Ahora, gracias al Tratado de Alta Mar, se podr\u00e1 aplicar en ellas el<strong>&nbsp;Marco Mundial para la Biodiversidad de Kunming-Montreal, que compromete a los pa\u00edses a proteger y conservar al menos el 30 % de los oc\u00e9anos y resto de ecosistemas de la Tierra para 2030,&nbsp;<\/strong>pues, entre otras cuestiones, establece herramientas para crear&nbsp;<strong>\u00e1reas marinas protegidas<\/strong>&nbsp;(AMP).<\/p>\n\n\n\n<p>Su aplicaci\u00f3n permitir\u00e1 superar la fragmentaci\u00f3n normativa existente y avanzar hacia un enfoque integrado, preventivo y basado en el conocimiento cient\u00edfico, han explicado a EFEverde fuentes del Ministerio para la Transici\u00f3n Ecol\u00f3gica.<\/p>\n\n\n\n<h2 class=\"wp-block-heading\">Uso justo y sostenible de recursos<\/h2>\n\n\n\n<p>Entre otras cuestiones, establece un&nbsp;<strong>marco com\u00fan para el acceso y la utilizaci\u00f3n de los recursos gen\u00e9ticos marinos<\/strong>, incorporando el principio de reparto \u00abjusto y equitativo\u00bb de los beneficios derivados de su uso.<\/p>\n\n\n\n<blockquote class=\"wp-block-quote is-layout-flow wp-block-quote-is-layout-flow\">\n<p>\u00abEste enfoque resulta especialmente relevante ante el creciente desarrollo de actividades cient\u00edficas y biotecnol\u00f3gicas en aguas internacionales, y refuerza la consideraci\u00f3n de estos recursos como patrimonio com\u00fan, promoviendo su uso responsable y sostenible\u00bb, han subrayado desde el Ministerio.<\/p>\n<\/blockquote>\n\n\n\n<p>Adem\u00e1s, define<strong>&nbsp;procedimientos multilaterales, criterios cient\u00edficos y mecanismos de seguimiento para el establecimiento y gesti\u00f3n de \u00e1reas<\/strong>, lo que permitir\u00e1 avanzar de forma efectiva hacia los compromisos internacionales de conservaci\u00f3n marina, incluyendo el objetivo de proteger al menos el 30 % del oc\u00e9ano para 2030.<\/p>\n\n\n\n<p>Estas medidas, seg\u00fan las fuentes ministeriales, contribuir\u00e1n a la&nbsp;<strong>preservaci\u00f3n de la biodiversidad, al mantenimiento de los servicios ecosist\u00e9micos y al refuerzo de la resiliencia de los ecosistemas marinos frente al cambio clim\u00e1tico<\/strong>.<\/p>\n\n\n\n<h2 class=\"wp-block-heading\">Decisiones informadas y basadas en ciencia&nbsp;<\/h2>\n\n\n\n<p>Otro de los elementos centrales del acuerdo, han apuntado, es la regulaci\u00f3n de las&nbsp;<strong>evaluaciones de impacto ambiental de las actividades<\/strong>&nbsp;previstas en alta mar.<\/p>\n\n\n\n<p>Para ello, introduce obligaciones comunes para identificar, evaluar y gestionar los posibles impactos significativos sobre el medio marino, garantizando la transparencia, la participaci\u00f3n y el acceso a la informaci\u00f3n. Estas evaluaciones deber\u00e1n compartirse a trav\u00e9s de un mecanismo internacional de intercambio de informaci\u00f3n, lo que favorecer\u00e1 la&nbsp;<strong>cooperaci\u00f3n cient\u00edfica y la toma de decisiones informada<\/strong>.<\/p>\n\n\n\n<p>Para Espa\u00f1a, la aplicaci\u00f3n del tratado \u00abrefuerza su compromiso con la protecci\u00f3n del medio marino y la biodiversidad, as\u00ed como con una gobernanza oce\u00e1nica basada en la ciencia y la cooperaci\u00f3n multilateral\u00bb.<\/p>\n\n\n\n<p>Participar en los \u00f3rganos del tratado, han a\u00f1adido, permitir\u00e1 contribuir al desarrollo de sus instrumentos de implementaci\u00f3n, aportar capacidades cient\u00edficas y t\u00e9cnicas, y avanzar en la coherencia entre las pol\u00edticas nacionales, europeas e internacionales en materia de conservaci\u00f3n marina y adaptaci\u00f3n al cambio clim\u00e1tico.<\/p>\n\n\n\n<h2 class=\"wp-block-heading\">Conferencia de las Partes (COP) espec\u00edfica<\/h2>\n\n\n\n<p>Para comenzar a funcionar, se establecer\u00e1 una Conferencia de las Partes (COP) y otros \u00f3rganos institucionales, como un \u00d3rgano Cient\u00edfico y T\u00e9cnico, un Comit\u00e9 de Implementaci\u00f3n y Cumplimiento y comit\u00e9s especializados, ha apuntado a EFEverde Eva Hern\u00e1ndez, coordinadora de Gobernanza ambiental de SEO\/BirdLife.<\/p>\n\n\n\n<p><strong>En el caso de la COP, High Seas Alliance apunta a que se celebrar\u00e1 en la sede de las Naciones Unidas en Nueva York, probablemente \u00aben la segunda mitad de 2026 o principios de 2027\u00bb, con el objetivo de&nbsp; ser \u00abuna plataforma de lanzamiento para todos los procesos y los acuerdos\u00bb para cumplir \u00abcon las promesas establecidas\u00bb.<\/strong><\/p>\n\n\n\n<p>Todos ellos servir\u00e1n de plataforma para trabajar con las autoridades que regulan la pesca, el transporte mar\u00edtimo y la miner\u00eda para intentar asegurar la conservaci\u00f3n y el uso sostenible de la biodiversidad marina de Alta Mar, as\u00ed como para establecer mecanismos para compartir equitativamente los beneficios derivados de la explotaci\u00f3n de los recursos bajo el Convenio de Naciones Unidas sobre Derecho del Mar, ha apuntado.<\/p>\n\n\n\n<p>\u00abEsperamos que adem\u00e1s permita a la comunidad internacional realizar evaluaciones de impacto ambiental coherentes de las actividades que puedan da\u00f1ar la vida marina\u00bb, ha afirmado Hern\u00e1ndez.<\/p>\n\n\n\n<p>Para Jos\u00e9 Luis Garc\u00eda Varas, responsable del Programa Marino de WWF, el tratado representa una oportunidad sin precedentes para fortalecer la conservaci\u00f3n y el manejo sostenible de los oc\u00e9anos.<\/p>\n\n\n\n<p>Esto es as\u00ed porque, entre otras cuestiones, permitir\u00e1 establecer&nbsp;<strong>\u00c1reas Marinas Protegidas<\/strong>&nbsp;en aguas internacionales, evaluar y limitar el impacto de nuevas actividades humanas, como la miner\u00eda submarina y afrontar la sobrepesca y la contaminaci\u00f3n, as\u00ed como fomentar la cooperaci\u00f3n cient\u00edfica, la transferencia de tecnolog\u00edas y el acceso equitativo a los beneficios de los recursos gen\u00e9ticos marinos.<\/p>\n\n\n\n<h2 class=\"wp-block-heading\">El multeralismo sigue vivo&nbsp;<\/h2>\n\n\n\n<p>Es \u00ab<strong>un hito importante no solo para la gobernanza de los oc\u00e9anos, sino tambi\u00e9n para el multilateralismo<\/strong>\u00ab, ha apuntado la directora de la alianza High Seas Alliance,&nbsp; Rebecca Hubbard.<\/p>\n\n\n\n<p>\u00abTenemos pa\u00edses marinos y sin litoral, grandes y peque\u00f1os, desarrollados y en v\u00edas de desarrollo, de todas las regiones del mundo, que realmente han apoyado y se han comprometido con el tratado y creo que para muchas personas, especialmente en este momento tan dif\u00edcil para la pol\u00edtica mundial, ofrece un peque\u00f1o rayo de esperanza para el multilateralismo\u00bb, ha subrayado.<\/p>\n\n\n\n<p>En la misma l\u00ednea, Fabienne McLellan, directora general de OceanCare, para quien la entrada en vigor del tratado demuestra que, incluso en tiempos de turbulencia pol\u00edtica, los pa\u00edses pueden unirse por el bien com\u00fan. Si se implementa seg\u00fan lo previsto, supondr\u00e1 un verdadero punto de inflexi\u00f3n para la vida marina y la biodiversidad.<\/p>\n\n\n\n<p>\u00abEl verdadero reto ahora es convertir este logro hist\u00f3rico en acciones concretas, abordando las amenazas de la contaminaci\u00f3n por pl\u00e1sticos y el ruido submarino en el contexto m\u00e1s amplio del cambio clim\u00e1tico, y garantizando la protecci\u00f3n de la alta mar para las generaciones futuras\u00bb, ha aseverado.&nbsp;EFEverde<\/p>\n\n\n\n<p>atm\/mnc<\/p>\n","protected":false},"excerpt":{"rendered":"<p>Ana Tu\u00f1as Matilla Las aguas internacionales, consideradas el mayor h\u00e1bitat del planeta (suman dos tercios de los oc\u00e9anos) y que hasta ahora eran \u00abterritorio sin ley\u00bb al no ser jurisdicci\u00f3n de ning\u00fan pa\u00eds, estar\u00e1n a partir de este s\u00e1bado bajo el paraguas del Tratado de Alta Mar, en el que se incluyen, entre otras cosas, [&hellip;]<\/p>\n","protected":false},"author":1,"featured_media":202396,"comment_status":"open","ping_status":"open","sticky":false,"template":"","format":"standard","meta":{"_acf_changed":false,"_jetpack_memberships_contains_paid_content":false,"footnotes":"","jetpack_publicize_message":"","jetpack_publicize_feature_enabled":true,"jetpack_social_post_already_shared":true,"jetpack_social_options":{"image_generator_settings":{"template":"highway","default_image_id":0,"font":"","enabled":false},"version":2}},"categories":[6],"tags":[],"class_list":["post-202395","post","type-post","status-publish","format-standard","has-post-thumbnail","hentry","category-ecologia"],"acf":[],"jetpack_publicize_connections":[],"jetpack_featured_media_url":"https:\/\/i0.wp.com\/sportseco.com\/wp-content\/uploads\/2026\/01\/Pasaje-de-Drake.jpg?fit=800%2C600&ssl=1","jetpack_sharing_enabled":true,"_links":{"self":[{"href":"https:\/\/sportseco.com\/index.php?rest_route=\/wp\/v2\/posts\/202395","targetHints":{"allow":["GET"]}}],"collection":[{"href":"https:\/\/sportseco.com\/index.php?rest_route=\/wp\/v2\/posts"}],"about":[{"href":"https:\/\/sportseco.com\/index.php?rest_route=\/wp\/v2\/types\/post"}],"author":[{"embeddable":true,"href":"https:\/\/sportseco.com\/index.php?rest_route=\/wp\/v2\/users\/1"}],"replies":[{"embeddable":true,"href":"https:\/\/sportseco.com\/index.php?rest_route=%2Fwp%2Fv2%2Fcomments&post=202395"}],"version-history":[{"count":1,"href":"https:\/\/sportseco.com\/index.php?rest_route=\/wp\/v2\/posts\/202395\/revisions"}],"predecessor-version":[{"id":202397,"href":"https:\/\/sportseco.com\/index.php?rest_route=\/wp\/v2\/posts\/202395\/revisions\/202397"}],"wp:featuredmedia":[{"embeddable":true,"href":"https:\/\/sportseco.com\/index.php?rest_route=\/wp\/v2\/media\/202396"}],"wp:attachment":[{"href":"https:\/\/sportseco.com\/index.php?rest_route=%2Fwp%2Fv2%2Fmedia&parent=202395"}],"wp:term":[{"taxonomy":"category","embeddable":true,"href":"https:\/\/sportseco.com\/index.php?rest_route=%2Fwp%2Fv2%2Fcategories&post=202395"},{"taxonomy":"post_tag","embeddable":true,"href":"https:\/\/sportseco.com\/index.php?rest_route=%2Fwp%2Fv2%2Ftags&post=202395"}],"curies":[{"name":"wp","href":"https:\/\/api.w.org\/{rel}","templated":true}]}}