{"id":202439,"date":"2026-01-18T10:28:20","date_gmt":"2026-01-18T15:28:20","guid":{"rendered":"https:\/\/sportseco.com\/?p=202439"},"modified":"2026-01-18T10:28:20","modified_gmt":"2026-01-18T15:28:20","slug":"acuerdo-ue-mercosur-como-afecta-al-medioambiente-y-a-la-biodiversidad","status":"publish","type":"post","link":"https:\/\/sportseco.com\/?p=202439","title":{"rendered":"Acuerdo UE-Mercosur: \u00bfC\u00f3mo afecta al medioambiente y a la biodiversidad?"},"content":{"rendered":"\n<p><strong>Madrid.- Grupos medioambientales como Greenpeace o Ecologistas en Acci\u00f3n temen que el hist\u00f3rico Acuerdo comercial UE Mercosur aumente la deforestaci\u00f3n y las emisiones, y sostienen que \u00abpone en peligro la naturaleza\u00bb.<\/strong><\/p>\n\n\n\n<p>Tras m\u00e1s de 25 a\u00f1os de negociaciones, la Uni\u00f3n Europea (UE) dio luz verde al Tratado entre los 27 y los pa\u00edses del Mercado Com\u00fan del Sur (Argentina, Brasil, Paraguay y Uruguay) en medio de las protestas del sector agr\u00edcola en Europa.<\/p>\n\n\n\n<p>Entre las inquietudes de los agricultores figura que ese pacto comercial derive en importaciones baratas de productos provenientes de Sudam\u00e9rica que no respeten las normativas ecol\u00f3gicas y de seguridad alimentaria por las que se rige el bloque.<\/p>\n\n\n\n<p>Un portavoz de Greenpeace, Miguel Soto, explica a EFE por qu\u00e9 un acuerdo que permitir\u00e1 la creaci\u00f3n de una de las mayores zonas de libre comercio del mundo al suprimir aranceles acarrea elementos nocivos desde un punto de vista ecol\u00f3gico. En este sentido, recuerda que \u00abla misma UE reconoce que va a incrementar la deforestaci\u00f3n\u00bb.<\/p>\n\n\n\n<p>Dentro de las particularidades del pol\u00e9mico pacto que pondr\u00e1n en jaque al medioambiente, Soto alega que dar\u00e1 \u00abotra vuelta de tuerca m\u00e1s al mundo de los polinizadores, que ya est\u00e1n suficientemente en crisis\u00bb al exponerlos a m\u00e1s qu\u00edmicos, con la potencial amenaza a su biodiversidad.<\/p>\n\n\n\n<p>Menciona tambi\u00e9n el potencial conflicto que se generar\u00e1 entre el tratado y el reglamento europeo de lucha contra la deforestaci\u00f3n -el EUDR-, que regula la importaci\u00f3n de productos procedentes de zonas de riesgo de deforestaci\u00f3n y que se ha aplazado por segunda vez al pr\u00f3ximo diciembre.<\/p>\n\n\n\n<p>\u00abSi este acuerdo comercial se firma y la UE quiere poner en marcha la EUDR, Brasil, Argentina, Paraguay y Uruguay van a decir \u00bfC\u00f3mo, si hemos firmado un acuerdo comercial para importar soja y vacuno, vais a decir que no ahora a lo que hemos firmado?\u00bb, se pregunta.<\/p>\n\n\n\n<p>Acerca de esto, el portavoz observa que \u00abno deja claro la prevalencia de los reglamentos europeos respecto a la importaci\u00f3n de productos porque lo que hace ese reglamento es obligar a sus importadores a vigilar su cadena de suministro, etc.\u00bb, con lo que \u00abla EUDR se ve comprometida\u00bb.<\/p>\n\n\n\n<h2 class=\"wp-block-heading\">Incumplimiento de la ley y riesgo para la naturaleza<\/h2>\n\n\n\n<p>El clamor contra el tratado es generalizado entre las organizaciones medioambientales. Desde Ecologistas en Acci\u00f3n, su miembro y portavoz, Tom Kucharz, manifiesta en declaraciones a EFE el rechazo de ese grupo al pacto por \u00abponer en riesgo la naturaleza, la agricultura familiar, el empleo digno, la salud y los derechos humanos para beneficiar a las grandes empresas multinacionales\u00bb.<\/p>\n\n\n\n<p>En Espa\u00f1a, su aplicaci\u00f3n \u00abincumple claramente la Ley de Cambio Clim\u00e1tico y Transici\u00f3n Energ\u00e9tica, que obliga a reducir las emisiones al menos un 23 % antes de 2030 y a proteger los sumideros de carbono, la biodiversidad y los sistemas alimentarios sostenibles\u00bb, se\u00f1ala.<\/p>\n\n\n\n<p>Esa organizaci\u00f3n argumenta, adem\u00e1s, que es un tratado \u00abincompatible con los compromisos del Acuerdo de Par\u00eds\u00bb.<\/p>\n\n\n\n<p>Promueve, seg\u00fan Ecologistas en Acci\u00f3n, el incremento masivo del comercio transatl\u00e1ntico -carne, soja, autom\u00f3viles, etc\u00e9tera-, la expansi\u00f3n del transporte mar\u00edtimo intercontinental (con su impacto en el aumento de emisiones), el aumento de la deforestaci\u00f3n y el uso de agroqu\u00edmicos y la competencia desleal frente al a producci\u00f3n europea regulada clim\u00e1ticamente.<\/p>\n\n\n\n<h2 class=\"wp-block-heading\">M\u00e1s emisiones y destrucci\u00f3n de ecosistemas<\/h2>\n\n\n\n<p>Todo ello dar\u00e1 como resultado \u00abm\u00e1s emisiones, m\u00e1s deforestaci\u00f3n y m\u00e1s huella ecol\u00f3gica importada\u00bb, seg\u00fan Kucharz, que observa c\u00f3mo la producci\u00f3n de productos agropecuarios para la exportaci\u00f3n a la UE ya est\u00e1 destruyendo grandes extensiones de bosque en Argentina, Brasil y Paraguay y el acuerdo \u00abacelerar\u00eda la destrucci\u00f3n de la Amazon\u00eda y otros ecosistemas en esos pa\u00edses\u00bb.<\/p>\n\n\n\n<p>Mediante la eliminaci\u00f3n de los aranceles a los pesticidas, \u00abaumentar\u00e1 los m\u00e1rgenes de beneficio potenciales para los fabricantes europeos de pesticidas y seguir\u00e1 impulsando el comercio de estos productos peligrosos para las personas y el medioambiente\u00bb.<\/p>\n\n\n\n<p>En este sentido, indica que los pesticidas se producen en la UE por empresas como BASF o Bayer, que se venden a Brasil, \u00abdonde matan a las personas, contaminan el medioambiente, los recursos h\u00eddricos y a miles de personas que los aplican en los campos o consumen los alimentos rociados\u00bb. EFEverde<\/p>\n\n\n\n<p>prc\/icn<\/p>\n","protected":false},"excerpt":{"rendered":"<p>Madrid.- Grupos medioambientales como Greenpeace o Ecologistas en Acci\u00f3n temen que el hist\u00f3rico Acuerdo comercial UE Mercosur aumente la deforestaci\u00f3n y las emisiones, y sostienen que \u00abpone en peligro la naturaleza\u00bb. Tras m\u00e1s de 25 a\u00f1os de negociaciones, la Uni\u00f3n Europea (UE) dio luz verde al Tratado entre los 27 y los pa\u00edses del Mercado [&hellip;]<\/p>\n","protected":false},"author":1,"featured_media":202440,"comment_status":"open","ping_status":"open","sticky":false,"template":"","format":"standard","meta":{"_acf_changed":false,"_jetpack_memberships_contains_paid_content":false,"footnotes":"","jetpack_publicize_message":"","jetpack_publicize_feature_enabled":true,"jetpack_social_post_already_shared":true,"jetpack_social_options":{"image_generator_settings":{"template":"highway","default_image_id":0,"font":"","enabled":false},"version":2}},"categories":[6],"tags":[],"class_list":["post-202439","post","type-post","status-publish","format-standard","has-post-thumbnail","hentry","category-ecologia"],"acf":[],"jetpack_publicize_connections":[],"jetpack_featured_media_url":"https:\/\/i0.wp.com\/sportseco.com\/wp-content\/uploads\/2026\/01\/AME2750-BRASIL-AMAZONIA.jpg?fit=1920%2C1280&ssl=1","jetpack_sharing_enabled":true,"_links":{"self":[{"href":"https:\/\/sportseco.com\/index.php?rest_route=\/wp\/v2\/posts\/202439","targetHints":{"allow":["GET"]}}],"collection":[{"href":"https:\/\/sportseco.com\/index.php?rest_route=\/wp\/v2\/posts"}],"about":[{"href":"https:\/\/sportseco.com\/index.php?rest_route=\/wp\/v2\/types\/post"}],"author":[{"embeddable":true,"href":"https:\/\/sportseco.com\/index.php?rest_route=\/wp\/v2\/users\/1"}],"replies":[{"embeddable":true,"href":"https:\/\/sportseco.com\/index.php?rest_route=%2Fwp%2Fv2%2Fcomments&post=202439"}],"version-history":[{"count":1,"href":"https:\/\/sportseco.com\/index.php?rest_route=\/wp\/v2\/posts\/202439\/revisions"}],"predecessor-version":[{"id":202441,"href":"https:\/\/sportseco.com\/index.php?rest_route=\/wp\/v2\/posts\/202439\/revisions\/202441"}],"wp:featuredmedia":[{"embeddable":true,"href":"https:\/\/sportseco.com\/index.php?rest_route=\/wp\/v2\/media\/202440"}],"wp:attachment":[{"href":"https:\/\/sportseco.com\/index.php?rest_route=%2Fwp%2Fv2%2Fmedia&parent=202439"}],"wp:term":[{"taxonomy":"category","embeddable":true,"href":"https:\/\/sportseco.com\/index.php?rest_route=%2Fwp%2Fv2%2Fcategories&post=202439"},{"taxonomy":"post_tag","embeddable":true,"href":"https:\/\/sportseco.com\/index.php?rest_route=%2Fwp%2Fv2%2Ftags&post=202439"}],"curies":[{"name":"wp","href":"https:\/\/api.w.org\/{rel}","templated":true}]}}