{"id":202469,"date":"2026-01-19T08:24:27","date_gmt":"2026-01-19T13:24:27","guid":{"rendered":"https:\/\/sportseco.com\/?p=202469"},"modified":"2026-01-19T08:24:27","modified_gmt":"2026-01-19T13:24:27","slug":"dia-de-martin-luther-king-19-de-enero","status":"publish","type":"post","link":"https:\/\/sportseco.com\/?p=202469","title":{"rendered":"D\u00eda de Martin Luther King, 19 de enero"},"content":{"rendered":"\n<p><strong>El tercer lunes de enero se celebra el D\u00eda de Martin Luther King,<\/strong>&nbsp;una fecha festiva en Estados Unidos, que conmemora el nacimiento de uno de los principales activistas por los derechos civiles que estuvo a favor de la lucha no violenta para defender los derechos humanos de los ciudadanos afroamericanos y acabar con la discriminaci\u00f3n racial.<\/p>\n\n\n\n<figure class=\"wp-block-embed is-type-rich is-provider-gestor-del-servicio wp-block-embed-gestor-del-servicio wp-embed-aspect-16-9 wp-has-aspect-ratio\"><div class=\"wp-block-embed__wrapper\">\n<iframe loading=\"lazy\" title=\"El sue\u00f1o de Martin Luther King | Internacional\" width=\"640\" height=\"360\" src=\"https:\/\/www.youtube.com\/embed\/_ZjKfDJ6UJA?feature=oembed\" frameborder=\"0\" allow=\"accelerometer; autoplay; clipboard-write; encrypted-media; gyroscope; picture-in-picture; web-share\" referrerpolicy=\"strict-origin-when-cross-origin\" allowfullscreen><\/iframe>\n<\/div><\/figure>\n\n\n\n<p>El sue\u00f1o de Martin Luther King<\/p>\n\n\n\n<h2 class=\"wp-block-heading\" id=\"resTit_2\">\u00bfQui\u00e9n fue Martin Luther King?<\/h2>\n\n\n\n<p>Martin Luther King fue un hombre, que desde muy joven defendi\u00f3 las causas y derechos de la poblaci\u00f3n civil de raza negra, que en esa \u00e9poca era v\u00edctima de segregaci\u00f3n racial y violencia.<\/p>\n\n\n\n<p>Lider\u00f3 varias protestas, por lo cual se vio muy asediado por los segregacionistas blancos, quienes lo consideraban un verdadero peligro, sin embargo, logr\u00f3 muchas transformaciones para que los derechos de los afroamericanos fueran aceptados, como por ejemplo el uso del transporte o la entrada a lugares p\u00fablicos.<\/p>\n\n\n\n<p><\/p>\n\n\n\n<p>Fue v\u00edctima de varios atentados, hasta que, en el a\u00f1o 1968, fue asesinado de un disparo, mientras estaba en la ciudad de Memphis, Estados Unidos, donde participar\u00eda en una huelga organizada por un movimiento afroamericano.<\/p>\n\n\n\n<h2 class=\"wp-block-heading\" id=\"resTit_3\">Origen del D\u00eda de Martin Luther King<\/h2>\n\n\n\n<p>Solo cuatro d\u00edas despu\u00e9s del asesinato del l\u00edder activista Luther King en 1968, el congresista dem\u00f3crata por Michigan, John Conyers, fue el primero en introducir legislaci\u00f3n para esta conmemoraci\u00f3n, pero la propuesta no tuvo suficiente impacto en el Congreso, a pesar de las firmas de m\u00e1s de 6 millones de personas.<\/p>\n\n\n\n<p>Cada a\u00f1o, Conyers y el congresista Shirley Chisholm, dem\u00f3crata por Nueva York enviaban la propuesta al Congreso al inicio del periodo de sesiones, pero no ten\u00eda \u00e9xito.<\/p>\n\n\n\n<p>Durante 1982 y 1983 las marchas por los derechos civiles en Washington constituyeron una presi\u00f3n p\u00fablica significativa.&nbsp;<strong>Y en 1983 el presidente norteamericano Ronald Regan promulg\u00f3 un d\u00eda festivo.<\/strong><\/p>\n\n\n\n<p>La elecci\u00f3n de la fecha es porque Luther King naci\u00f3 el 15 de enero, pero se decidi\u00f3 conmemorar el tercer lunes de enero para que no estuviera tan cerca de las celebraciones navide\u00f1as.<\/p>\n\n\n\n<figure class=\"wp-block-image\"><img data-recalc-dims=\"1\" decoding=\"async\" src=\"https:\/\/i0.wp.com\/www.diainternacionalde.com\/imagenes\/dias\/enero\/01-18_dia-martin-luther-king_s.jpg?w=640&#038;ssl=1\" alt=\"\" title=\"\"\/><\/figure>\n\n\n\n<p>Tambi\u00e9n es una manera emblem\u00e1tica de conmemorar la trayectoria pol\u00edtica, los logros y la vida de Martin Luther King, que se convirti\u00f3 en un fiel defensor de los derechos civiles de todos los ciudadanos negros y quienes vieron en \u00e9l una salida para convertirse en verdaderos hombres libres, pero que lamentablemente no pudo ser as\u00ed debido a su muerte repentina.<\/p>\n\n\n\n<h2 class=\"wp-block-heading\" id=\"resTit_4\">Pel\u00edculas que rinden homenaje a Martin Luther King<\/h2>\n\n\n\n<p>La vida y obra de Martin Luther King ha servido para inspirar a grandes productores cinematogr\u00e1ficos en todo el mundo y as\u00ed dar a conocer la figura de uno de los hombres m\u00e1s importantes e influyentes de los Estados Unidos de Am\u00e9rica.<\/p>\n\n\n\n<p>Aqu\u00ed te dejamos algunas de las pel\u00edculas que narran la lucha de un hombre, que no se dio por vencido y que, a pesar de los a\u00f1os de su fat\u00eddica muerte, a\u00fan el mundo entero mantiene viva su memoria, sobre todo en un momento hist\u00f3rico de la humanidad donde sigue existiendo el racismo y la falta de libertad.<\/p>\n\n\n\n<ol class=\"wp-block-list\">\n<li><strong>Alpha Man (2011):\u00a0<\/strong>Se trata de un documental que narra otra faceta poco conocida de la vida de Martin Luther King. Aqu\u00ed se cuenta su participaci\u00f3n dentro de la fraternidad universitaria conocida como Alpha Phi Alpha, donde dio sus primeros pasos para forjar todas sus luchas sociales y pol\u00edticas, que a la larga lo har\u00edan merecedor del premio Nobel de la Paz.<\/li>\n\n\n\n<li><strong>Selma (2014):\u00a0<\/strong>En este film se narra lo acontecido en Selma a la llegada de Martin Luther King, donde es asesinado un afrodescendiente y esto provoc\u00f3 protestas y grandes manifestaciones. Aqu\u00ed se describe de manera m\u00e1s humana al hombre que cambiar\u00eda la historia de toda una sociedad.<\/li>\n\n\n\n<li><strong>No soy tu negro (2016):\u00a0<\/strong>Un gran documental donde se plasma las luchas, batallas y tambi\u00e9n los grandes logros alcanzados por la raza negra, donde Martin Luther King y Malcolm X tuvieron un rol preponderante para hacer esta realidad posible.<\/li>\n\n\n\n<li><strong>La lucha pac\u00edfica de Martin Luther King (2018):\u00a0<\/strong>documental de HBO sobre los \u00faltimos 18 meses de la vida de King, un retrato humano e inspirador.<\/li>\n<\/ol>\n\n\n\n<h2 class=\"wp-block-heading\" id=\"resTit_5\">\u00bfC\u00f3mo se celebra en Estados Unidos el D\u00eda de Martin Luther King?<\/h2>\n\n\n\n<p>En este d\u00eda, se celebra la igualdad que debe existir entre los seres humanos, independientemente de su raza, como fue el gran sue\u00f1o de Martin Luther King. Est\u00e1 considerada una fecha festiva, donde las escuelas y las oficinas p\u00fablicas permanecen cerradas.<\/p>\n\n\n\n<p>Para una gran parte de la poblaci\u00f3n americana, se trata de una conmemoraci\u00f3n que busca reivindicar, pero tambi\u00e9n dar a conocer lo que signific\u00f3 este personaje en la vida, social, pol\u00edtica y cultural de todo un pa\u00eds y que tambi\u00e9n, con el transcurrir de los a\u00f1os, marc\u00f3 un antes y un despu\u00e9s en todas las naciones del mundo debido a su hero\u00edsmo y profundo amor por la Humanidad.<\/p>\n\n\n\n<p>Sin duda alguna, que el legado de Martin Luther King fue que todos los hombres disfrutaran de plena libertad, justicia e igualdad. Fue uno de los mensajes m\u00e1s significativos y recordados de la historia. Un discurso que conmovi\u00f3 a toda la sociedad y que todav\u00eda sigue en la memoria de quienes admiraron su labor en defensa de los derechos civiles en Estados Unidos.<\/p>\n\n\n\n<p><\/p>\n\n\n\n<p><\/p>\n\n\n\n<p>diainternacionalde.com<\/p>\n","protected":false},"excerpt":{"rendered":"<p>El tercer lunes de enero se celebra el D\u00eda de Martin Luther King,&nbsp;una fecha festiva en Estados Unidos, que conmemora el nacimiento de uno de los principales activistas por los derechos civiles que estuvo a favor de la lucha no violenta para defender los derechos humanos de los ciudadanos afroamericanos y acabar con la discriminaci\u00f3n [&hellip;]<\/p>\n","protected":false},"author":1,"featured_media":202471,"comment_status":"open","ping_status":"open","sticky":false,"template":"","format":"standard","meta":{"_acf_changed":false,"_jetpack_memberships_contains_paid_content":false,"footnotes":"","jetpack_publicize_message":"","jetpack_publicize_feature_enabled":true,"jetpack_social_post_already_shared":true,"jetpack_social_options":{"image_generator_settings":{"template":"highway","default_image_id":0,"font":"","enabled":false},"version":2}},"categories":[108],"tags":[],"class_list":["post-202469","post","type-post","status-publish","format-standard","has-post-thumbnail","hentry","category-dia-mundial"],"acf":[],"jetpack_publicize_connections":[],"jetpack_featured_media_url":"https:\/\/sportseco.com\/wp-content\/uploads\/2026\/01\/06-martin-luther-king-scaled.avif","jetpack_sharing_enabled":true,"_links":{"self":[{"href":"https:\/\/sportseco.com\/index.php?rest_route=\/wp\/v2\/posts\/202469","targetHints":{"allow":["GET"]}}],"collection":[{"href":"https:\/\/sportseco.com\/index.php?rest_route=\/wp\/v2\/posts"}],"about":[{"href":"https:\/\/sportseco.com\/index.php?rest_route=\/wp\/v2\/types\/post"}],"author":[{"embeddable":true,"href":"https:\/\/sportseco.com\/index.php?rest_route=\/wp\/v2\/users\/1"}],"replies":[{"embeddable":true,"href":"https:\/\/sportseco.com\/index.php?rest_route=%2Fwp%2Fv2%2Fcomments&post=202469"}],"version-history":[{"count":1,"href":"https:\/\/sportseco.com\/index.php?rest_route=\/wp\/v2\/posts\/202469\/revisions"}],"predecessor-version":[{"id":202472,"href":"https:\/\/sportseco.com\/index.php?rest_route=\/wp\/v2\/posts\/202469\/revisions\/202472"}],"wp:featuredmedia":[{"embeddable":true,"href":"https:\/\/sportseco.com\/index.php?rest_route=\/wp\/v2\/media\/202471"}],"wp:attachment":[{"href":"https:\/\/sportseco.com\/index.php?rest_route=%2Fwp%2Fv2%2Fmedia&parent=202469"}],"wp:term":[{"taxonomy":"category","embeddable":true,"href":"https:\/\/sportseco.com\/index.php?rest_route=%2Fwp%2Fv2%2Fcategories&post=202469"},{"taxonomy":"post_tag","embeddable":true,"href":"https:\/\/sportseco.com\/index.php?rest_route=%2Fwp%2Fv2%2Ftags&post=202469"}],"curies":[{"name":"wp","href":"https:\/\/api.w.org\/{rel}","templated":true}]}}