{"id":202495,"date":"2026-01-19T11:42:01","date_gmt":"2026-01-19T16:42:01","guid":{"rendered":"https:\/\/sportseco.com\/?p=202495"},"modified":"2026-01-19T11:42:50","modified_gmt":"2026-01-19T16:42:50","slug":"los-incendios-forestales-en-chile-se-cobran-ya-19-vidas","status":"publish","type":"post","link":"https:\/\/sportseco.com\/?p=202495","title":{"rendered":"Los incendios forestales en Chile se cobran ya 19 vidas"},"content":{"rendered":"\n<p><strong>Santiago de Chile.- El ministro de Seguridad P\u00fablica, Luis Cordero, elev\u00f3 a 19 el n\u00famero de personas fallecidas a causa de los graves incendios forestales que azotan las regiones centrales de \u00d1uble y el Biob\u00edo, donde los efectivos de bomberos y protecci\u00f3n civil siguen luchando contra las llamas en condiciones naturales adversas, con fuerte calor e intensos vientos.<\/strong><\/p>\n\n\n\n<p>Desde el s\u00e1bado varios fuegos queman en las dos regiones del sur del pa\u00eds, con especial afectaci\u00f3n en la comuna de Penco, en la regi\u00f3n de Biob\u00edo, unos 500 kil\u00f3metros al sur de la capital.<\/p>\n\n\n\n<p>Su extinci\u00f3n se prev\u00e9 compleja por las condiciones clim\u00e1ticas de las pr\u00f3ximas horas.<\/p>\n\n\n\n<p>\u201cLa primera prioridad, como saben, siempre en estas emergencias es combatir y apagar el fuego. Pero no podemos olvidarnos, en ning\u00fan momento, de que ac\u00e1 hay tragedias humanas, de familias que est\u00e1n sufriendo y que tenemos que estar con ellos tambi\u00e9n\u201d, declar\u00f3 el presidente del pa\u00eds, Gabriel Boric, que declar\u00f3 el Estado de Cat\u00e1strofe en la zonas afectadas y anunci\u00f3 tambi\u00e9n el toque de queda en las tres comunas m\u00e1s afectadas.<\/p>\n\n\n\n<h2 class=\"wp-block-heading\">M\u00e1s de 300 viviendas destruidas<\/h2>\n\n\n\n<p>Los incendios han destruido hasta ahora 300 viviendas en el Biob\u00edo, seg\u00fan inform\u00f3 Boric, como \u00abconteo preliminar\u00bb, aunque destac\u00f3 que este n\u00famero \u00abse queda muy corto\u00bb y que \u00abde seguro van a ser m\u00e1s de 1.000\u00bb.<\/p>\n\n\n\n<p>Adem\u00e1s, indic\u00f3 que en la regi\u00f3n del \u00d1uble, \u201cen zonas rurales, tenemos cerca de 50 viviendas afectadas\u201c.<\/p>\n\n\n\n<p>Las fiscal\u00edas de ambas regiones ya est\u00e1n investigando el origen del siniestro, mientras que el presidente asegur\u00f3 que \u00abel Estado tiene todos sus recursos desplegados\u00bb para combatir al incendio, \u00abpara encontrar a sus responsables\u00bb, para \u00abayudar a las v\u00edctimas y para prevenir que esto se siga propagando\u00bb.<\/p>\n\n\n\n<p>Por su abrupta topograf\u00eda, sus extensos bosques y su clima, Chile siempre ha tenido incendios, pero su frecuencia e intensidad aument\u00f3 a partir de 2010. El cambio clim\u00e1tico, la megasequ\u00eda que dura m\u00e1s de una d\u00e9cada y la expansi\u00f3n de la llamada \u2018interfaz urbano-rural\u2019 (zonas donde se mezclan vegetaci\u00f3n combustible y edificaciones) han contribuido a ello, seg\u00fan los expertos.<\/p>\n\n\n\n<p>El \u00faltimo balance de la Corporaci\u00f3n Nacional Forestal (Conaf) en la regi\u00f3n del Biob\u00edo, registran hasta 18.000 hect\u00e1reas calcinadas en la zona.<br \/>La mayor tragedia relacionada con el fuego en Chile ocurri\u00f3 en febrero de 2024 en la regi\u00f3n de Valpara\u00edso, cuando las llamas causaron la muerte de 136 personas. EFEverde<\/p>\n\n\n\n<p>mfm\/cpy<\/p>\n","protected":false},"excerpt":{"rendered":"<p>Santiago de Chile.- El ministro de Seguridad P\u00fablica, Luis Cordero, elev\u00f3 a 19 el n\u00famero de personas fallecidas a causa de los graves incendios forestales que azotan las regiones centrales de \u00d1uble y el Biob\u00edo, donde los efectivos de bomberos y protecci\u00f3n civil siguen luchando contra las llamas en condiciones naturales adversas, con fuerte calor [&hellip;]<\/p>\n","protected":false},"author":1,"featured_media":202496,"comment_status":"open","ping_status":"open","sticky":false,"template":"","format":"standard","meta":{"_acf_changed":false,"_jetpack_memberships_contains_paid_content":false,"footnotes":"","jetpack_publicize_message":"","jetpack_publicize_feature_enabled":true,"jetpack_social_post_already_shared":true,"jetpack_social_options":{"image_generator_settings":{"template":"highway","default_image_id":0,"font":"","enabled":false},"version":2}},"categories":[6],"tags":[],"class_list":["post-202495","post","type-post","status-publish","format-standard","has-post-thumbnail","hentry","category-ecologia"],"acf":[],"jetpack_publicize_connections":[],"jetpack_featured_media_url":"https:\/\/i0.wp.com\/sportseco.com\/wp-content\/uploads\/2026\/01\/0d8dfc0c3acd26634e30f479cc22c2fb6fd6bb50.jpg?fit=1920%2C1280&ssl=1","jetpack_sharing_enabled":true,"_links":{"self":[{"href":"https:\/\/sportseco.com\/index.php?rest_route=\/wp\/v2\/posts\/202495","targetHints":{"allow":["GET"]}}],"collection":[{"href":"https:\/\/sportseco.com\/index.php?rest_route=\/wp\/v2\/posts"}],"about":[{"href":"https:\/\/sportseco.com\/index.php?rest_route=\/wp\/v2\/types\/post"}],"author":[{"embeddable":true,"href":"https:\/\/sportseco.com\/index.php?rest_route=\/wp\/v2\/users\/1"}],"replies":[{"embeddable":true,"href":"https:\/\/sportseco.com\/index.php?rest_route=%2Fwp%2Fv2%2Fcomments&post=202495"}],"version-history":[{"count":1,"href":"https:\/\/sportseco.com\/index.php?rest_route=\/wp\/v2\/posts\/202495\/revisions"}],"predecessor-version":[{"id":202497,"href":"https:\/\/sportseco.com\/index.php?rest_route=\/wp\/v2\/posts\/202495\/revisions\/202497"}],"wp:featuredmedia":[{"embeddable":true,"href":"https:\/\/sportseco.com\/index.php?rest_route=\/wp\/v2\/media\/202496"}],"wp:attachment":[{"href":"https:\/\/sportseco.com\/index.php?rest_route=%2Fwp%2Fv2%2Fmedia&parent=202495"}],"wp:term":[{"taxonomy":"category","embeddable":true,"href":"https:\/\/sportseco.com\/index.php?rest_route=%2Fwp%2Fv2%2Fcategories&post=202495"},{"taxonomy":"post_tag","embeddable":true,"href":"https:\/\/sportseco.com\/index.php?rest_route=%2Fwp%2Fv2%2Ftags&post=202495"}],"curies":[{"name":"wp","href":"https:\/\/api.w.org\/{rel}","templated":true}]}}