{"id":202511,"date":"2026-01-19T16:11:42","date_gmt":"2026-01-19T21:11:42","guid":{"rendered":"https:\/\/sportseco.com\/?p=202511"},"modified":"2026-01-19T16:11:42","modified_gmt":"2026-01-19T21:11:42","slug":"con-exitosa-jornada-de-avistamiento-de-aves-gobernacion-del-valle-le-dio-la-bienvenida-al-2026-en-pance-magico","status":"publish","type":"post","link":"https:\/\/sportseco.com\/?p=202511","title":{"rendered":"Con exitosa jornada de avistamiento de aves Gobernaci\u00f3n del Valle le dio la bienvenida al 2026 en Pance M\u00e1gico"},"content":{"rendered":"\n<figure class=\"wp-block-image\"><img data-recalc-dims=\"1\" decoding=\"async\" src=\"https:\/\/i0.wp.com\/www.valledelcauca.gov.co\/info\/gobvalle\/media\/pubInt\/thumbs\/thpubInt_700X400_88240.webp?w=640&#038;ssl=1\" alt=\"Con exitosa jornada de avistamiento de aves Gobernaci\u00f3n del Valle le dio la bienvenida al 2026 en Pance M\u00e1gico\" title=\"Con exitosa jornada de avistamiento de aves Gobernaci\u00f3n del Valle le dio la bienvenida al 2026 en Pance M\u00e1gico\"\/><\/figure>\n\n\n\n<p><strong>Santiago de Cali, enero 19 de 2026<\/strong>.&nbsp; La biodiversidad del Valle del Cauca fue protagonista en el primer recorrido de avistamiento de aves de 2026,&nbsp; organizado por&nbsp;<a href=\"http:\/\/www.valledelcauca.gov.co\/\">la Gobernaci\u00f3n del Valle del Cauca<\/a>.&nbsp;<strong>La experiencia reuni\u00f3 a 98 asistentes, quienes recorrieron senderos del Ecoparque Pance M\u00e1gico de Cali para observar, escuchar, identificar y fotografiar la gran diversidad de aves<\/strong>&nbsp;que habitan este territorio, reconocido como uno de los principales pulmones verdes de la capital vallecaucana.<\/p>\n\n\n\n<p>\u201cEsta actividad, liderada por Inciva, con el apoyo de la Secretar\u00eda de Ambiente y Desarrollo Sostenible y Recreavalle,&nbsp;<strong>permiti\u00f3 la participaci\u00f3n de 98 asistentes y el avistamiento de cerca de 52 especies de aves<\/strong>, entre ellas la cotorra cheja, el azulejo, la golondrina y la emblem\u00e1tica eufonia, fortaleciendo la gobernanza ambiental en el departamento\u201d, se\u00f1al\u00f3 la directora del Inciva, Emily Vanessa V\u00e9lez.<\/p>\n\n\n\n<p>&nbsp; &nbsp; &nbsp; &nbsp; &nbsp; &nbsp; &nbsp;<a href=\"https:\/\/whatsapp.com\/channel\/0029VZzdGgUJP20xwbpJaP1G\">\u00daNETE A NUESTRO CANAL DE WHATSAPP<\/a><\/p>\n\n\n\n<p>Durante el recorrido se evidenci\u00f3 la importancia de los ecosistemas del Ecoparque Pance M\u00e1gico como refugio de aves residentes y migratorias, lo que lo convierte en un escenario clave para la educaci\u00f3n ambiental y la conservaci\u00f3n de la biodiversidad en el Valle del Cauca.<\/p>\n\n\n\n<p>Diana Arias, habitante de Cali, asegur\u00f3 que \u201ces s\u00faper ch\u00e9vere la actividad, tambi\u00e9n conocer el Ecoparque.&nbsp;<strong>No conoc\u00eda esta entrada ni c\u00f3mo est\u00e1 estructurado el lugar actualmente. Poder observar varias aves de la zona ha sido una experiencia muy bonita<\/strong>\u201d.<\/p>\n\n\n\n<p>El gu\u00eda profesional John Alexander Penagos explic\u00f3 que el recorrido abarc\u00f3 m\u00e1s de tres kil\u00f3metros por senderos habituales y zonas boscosas del Ecoparque. \u201c<strong>En esta temporada migratoria encontramos aves muy importantes para la observaci\u00f3n, lo que convierte este espacio en un escenario privilegiado para el avistamiento<\/strong>\u201d, indic\u00f3.<\/p>\n\n\n\n<p>A su vez, Sandra L\u00f3pez, visitante, resalt\u00f3 la experiencia de contar con acompa\u00f1amiento especializado. \u201c<strong>Es la primera vez que hago este recorrido con un gu\u00eda profesional; es excelente y muy emocionante poder ver aves nuevas. Todo es muy bello<\/strong>\u201d, expres\u00f3.<\/p>\n\n\n\n<p>La actividad se complement\u00f3 con una exposici\u00f3n sobre las aves de Cali y sus alrededores,&nbsp;<strong>as\u00ed como con el taller educativo Picos y Patas, del Museo Departamental de Ciencias Naturales \u2018Federico Carlos Lehmann Valencia\u2019<\/strong>, una propuesta pedag\u00f3gica que despert\u00f3 el inter\u00e9s de ni\u00f1os, j\u00f3venes y adultos por el conocimiento y la protecci\u00f3n de la avifauna.<\/p>\n\n\n\n<p>Con este tipo de iniciativas,&nbsp;<a href=\"http:\/\/www.valledelcauca.gov.co\/\">la Gobernaci\u00f3n del Valle del Cauca<\/a>&nbsp;trabaja en el compromiso con la educaci\u00f3n ambiental,&nbsp;<strong>la conservaci\u00f3n de la biodiversidad y la apropiaci\u00f3n social del patrimonio natural, fortaleciendo espacios de encuentro entre la ciudadan\u00eda y la naturaleza<\/strong>&nbsp;en este territorio que es, para propios y visitantes, El Para\u00edso de Todos.<\/p>\n\n\n\n<p><strong><em>Lorena Ram\u00edrez Zapata&nbsp;<\/em><br \/>Periodista Gobernaci\u00f3n del Valle del Cauca<\/strong><\/p>\n\n\n\n<p><\/p>\n\n\n\n<p><\/p>\n\n\n\n<p>valledelcauca.gov.co<\/p>\n","protected":false},"excerpt":{"rendered":"<p>Santiago de Cali, enero 19 de 2026.&nbsp; La biodiversidad del Valle del Cauca fue protagonista en el primer recorrido de avistamiento de aves de 2026,&nbsp; organizado por&nbsp;la Gobernaci\u00f3n del Valle del Cauca.&nbsp;La experiencia reuni\u00f3 a 98 asistentes, quienes recorrieron senderos del Ecoparque Pance M\u00e1gico de Cali para observar, escuchar, identificar y fotografiar la gran diversidad [&hellip;]<\/p>\n","protected":false},"author":1,"featured_media":202512,"comment_status":"open","ping_status":"open","sticky":false,"template":"","format":"standard","meta":{"_acf_changed":false,"_jetpack_memberships_contains_paid_content":false,"footnotes":"","jetpack_publicize_message":"","jetpack_publicize_feature_enabled":true,"jetpack_social_post_already_shared":true,"jetpack_social_options":{"image_generator_settings":{"template":"highway","default_image_id":0,"font":"","enabled":false},"version":2}},"categories":[6],"tags":[],"class_list":["post-202511","post","type-post","status-publish","format-standard","has-post-thumbnail","hentry","category-ecologia"],"acf":[],"jetpack_publicize_connections":[],"jetpack_featured_media_url":"https:\/\/i0.wp.com\/sportseco.com\/wp-content\/uploads\/2026\/01\/thpubInt_700X400_88240.webp?fit=600%2C400&ssl=1","jetpack_sharing_enabled":true,"_links":{"self":[{"href":"https:\/\/sportseco.com\/index.php?rest_route=\/wp\/v2\/posts\/202511","targetHints":{"allow":["GET"]}}],"collection":[{"href":"https:\/\/sportseco.com\/index.php?rest_route=\/wp\/v2\/posts"}],"about":[{"href":"https:\/\/sportseco.com\/index.php?rest_route=\/wp\/v2\/types\/post"}],"author":[{"embeddable":true,"href":"https:\/\/sportseco.com\/index.php?rest_route=\/wp\/v2\/users\/1"}],"replies":[{"embeddable":true,"href":"https:\/\/sportseco.com\/index.php?rest_route=%2Fwp%2Fv2%2Fcomments&post=202511"}],"version-history":[{"count":1,"href":"https:\/\/sportseco.com\/index.php?rest_route=\/wp\/v2\/posts\/202511\/revisions"}],"predecessor-version":[{"id":202513,"href":"https:\/\/sportseco.com\/index.php?rest_route=\/wp\/v2\/posts\/202511\/revisions\/202513"}],"wp:featuredmedia":[{"embeddable":true,"href":"https:\/\/sportseco.com\/index.php?rest_route=\/wp\/v2\/media\/202512"}],"wp:attachment":[{"href":"https:\/\/sportseco.com\/index.php?rest_route=%2Fwp%2Fv2%2Fmedia&parent=202511"}],"wp:term":[{"taxonomy":"category","embeddable":true,"href":"https:\/\/sportseco.com\/index.php?rest_route=%2Fwp%2Fv2%2Fcategories&post=202511"},{"taxonomy":"post_tag","embeddable":true,"href":"https:\/\/sportseco.com\/index.php?rest_route=%2Fwp%2Fv2%2Ftags&post=202511"}],"curies":[{"name":"wp","href":"https:\/\/api.w.org\/{rel}","templated":true}]}}