{"id":202532,"date":"2026-01-20T08:44:34","date_gmt":"2026-01-20T13:44:34","guid":{"rendered":"https:\/\/sportseco.com\/?p=202532"},"modified":"2026-01-20T08:44:34","modified_gmt":"2026-01-20T13:44:34","slug":"gobierno-convoca-consulta-publica-para-definir-hoja-de-ruta-para-implementar-el-acuerdo-de-escazu","status":"publish","type":"post","link":"https:\/\/sportseco.com\/?p=202532","title":{"rendered":"Gobierno convoca consulta p\u00fablica para definir hoja de ruta para implementar el Acuerdo de Escaz\u00fa"},"content":{"rendered":"\n<figure class=\"wp-block-image\"><img data-recalc-dims=\"1\" decoding=\"async\" src=\"https:\/\/i0.wp.com\/www.minambiente.gov.co\/wp-content\/uploads\/2026\/01\/Hoja-de-Ruta-Acuerdo-de-Escazu%CC%81_Ene2026.jpeg?w=640&#038;ssl=1\" alt=\"Gobierno convoca consulta p\u00fablica para definir hoja de ruta para implementar el Acuerdo de Escaz\u00fa\" title=\"Gobierno convoca consulta p\u00fablica para definir hoja de ruta para implementar el Acuerdo de Escaz\u00fa\"\/><\/figure>\n\n\n\n<p>Comunidades, ciudadan\u00eda, organizaciones y otros actores sociales podr\u00e1n participar en el proceso de consulta p\u00fablica enviando comentarios, sugerencias y observaciones hasta el 19 de febrero. Este ejercicio busca promover una participaci\u00f3n ciudadana informada e incidente.<\/p>\n\n\n\n<p><strong>Bogot\u00e1, 19 de enero de 2026 (@MinAmbienteCo) \u2013&nbsp;<\/strong>En cabeza del Ministerio de Ambiente y Desarrollo Sostenible, el Gobierno Nacional abri\u00f3 la consulta p\u00fablica para definir la Hoja de Ruta de acciones prioritarias que permitir\u00e1 la implementaci\u00f3n del Acuerdo de Escaz\u00fa como parte del prop\u00f3sito de fortalecer la democracia ambiental y garantizar los derechos de acceso a la informaci\u00f3n, la participaci\u00f3n p\u00fablica y la justicia ambiental en el pa\u00eds.<\/p>\n\n\n\n<p>Este proceso de consulta estar\u00e1 abierto hasta el pr\u00f3ximo 19 de febrero y busca recoger aportes de la ciudadan\u00eda, comunidades, pueblos \u00e9tnicos, organizaciones sociales, academia, autoridades territoriales y dem\u00e1s actores interesados, cumpliendo con el car\u00e1cter participativo del Acuerdo de Escaz\u00fa.<\/p>\n\n\n\n<p>\u201c<em>Esta ruta propone acciones concretas para garantizar el acceso a la informaci\u00f3n ambiental, promover la participaci\u00f3n p\u00fablica incidente en temas ambientales y fortalecer el acceso a la justicia ambiental, con un \u00e9nfasis especial en la protecci\u00f3n de la vida y la dignidad de quienes defienden los territorios y el ambiente<\/em>\u201d, se\u00f1al\u00f3 Irene V\u00e9lez Torres, ministra de Ambiente y Desarrollo Sostenible (e).<\/p>\n\n\n\n<p>La Hoja de Ruta es un instrumento estrat\u00e9gico que orientar\u00e1 la implementaci\u00f3n del Acuerdo de Escaz\u00fa, con base en los principios de derechos humanos, gobernanza ambiental, garant\u00eda de los derechos de acceso, protecci\u00f3n de las personas defensoras del ambiente y fortalecimiento de la cooperaci\u00f3n regional.<\/p>\n\n\n\n<p>Este documento fue elaborado en el marco de una mesa interinstitucional integrada por el Departamento Administrativo de la Presidencia de la Rep\u00fablica (Dapre), los ministerios de Justicia y del Derecho, Defensa Nacional, Interior, Minas y Energ\u00eda y de Relaciones Exteriores, el Departamento Nacional de Planeaci\u00f3n (DNP), la Autoridad Nacional de Licencias Ambientales (Anla) y la Unidad Nacional de Protecci\u00f3n (UNP), bajo el liderazgo del Ministerio de Ambiente y Desarrollo Sostenible y con el acompa\u00f1amiento de la Comisi\u00f3n Econ\u00f3mica para Am\u00e9rica Latina y el Caribe (Cepal), en su calidad de Secretar\u00eda del Acuerdo de Escaz\u00fa.<\/p>\n\n\n\n<p>Entre los ejes prioritarios del documento se destacan:<\/p>\n\n\n\n<ul class=\"wp-block-list\">\n<li>La protecci\u00f3n integral de las personas defensoras de derechos humanos en asuntos ambientales, a trav\u00e9s de acciones de prevenci\u00f3n y coordinaci\u00f3n interinstitucional.<\/li>\n\n\n\n<li>El acceso efectivo a la justicia ambiental y la garant\u00eda del principio de no regresividad en la protecci\u00f3n de los derechos humanos ambientales.<\/li>\n\n\n\n<li>La prevenci\u00f3n del da\u00f1o ambiental y la superaci\u00f3n de injusticias hist\u00f3ricas, incorporando enfoques de igualdad, no discriminaci\u00f3n y justicia distributiva.<\/li>\n\n\n\n<li>El fortalecimiento del acceso a la informaci\u00f3n ambiental, mediante la consolidaci\u00f3n del Sistema de Informaci\u00f3n Ambiental de Colombia (SIAC), la transparencia activa y el principio de m\u00e1xima divulgaci\u00f3n.<\/li>\n\n\n\n<li>La promoci\u00f3n de una participaci\u00f3n p\u00fablica incidente, informada y culturalmente pertinente, que reconozca la diversidad sociocultural y el di\u00e1logo de saberes.<\/li>\n\n\n\n<li>La incorporaci\u00f3n del enfoque de derechos humanos ambientales en la planificaci\u00f3n, el ordenamiento territorial, el licenciamiento ambiental y las pol\u00edticas sectoriales.<\/li>\n<\/ul>\n\n\n\n<p>Esta propuesta se prev\u00e9 implementar a trav\u00e9s de la Comisi\u00f3n Intersectorial para la Implementaci\u00f3n del Acuerdo de Escaz\u00fa, actualmente en proceso de definici\u00f3n y elaboraci\u00f3n por parte del Ministerio de Ambiente y Desarrollo Sostenible, la cual tendr\u00e1 como funci\u00f3n principal actuar como una instancia permanente de coordinaci\u00f3n y definir las metas, indicadores y plazos para la implementaci\u00f3n de la Hoja de Ruta.<\/p>\n\n\n\n<p>El Ministerio de Ambiente invita a la ciudadan\u00eda a participar activamente en la consulta p\u00fablica, destacando que este proceso es fundamental para construir consensos, fortalecer la gobernanza ambiental y asegurar una implementaci\u00f3n efectiva del Acuerdo de Escaz\u00fa en Colombia.<\/p>\n\n\n\n<p><strong>\u00bfC\u00f3mo participar?<\/strong><\/p>\n\n\n\n<p>Los interesados en ser parte de este proceso pueden participar, as\u00ed:<\/p>\n\n\n\n<ol class=\"wp-block-list\">\n<li><a href=\"https:\/\/www.minambiente.gov.co\/wp-content\/uploads\/2026\/01\/AccionesPrioritariasEscazu_V_ConsultaPu%CC%81blica_19_01_26.pdf\" target=\"_blank\" rel=\"noreferrer noopener\">Revisa el documento de Hoja de Ruta aqu\u00ed<\/a><\/li>\n\n\n\n<li><a href=\"https:\/\/forms.office.com\/r\/v51SZSq9Uw?origin=lprLink\" target=\"_blank\" rel=\"noreferrer noopener\">Deja tus comentarios, observaciones y sugerencias aqu\u00ed<\/a><\/li>\n<\/ol>\n\n\n\n<p><\/p>\n\n\n\n<p><\/p>\n\n\n\n<p>minambiente.gov.co<\/p>\n","protected":false},"excerpt":{"rendered":"<p>Comunidades, ciudadan\u00eda, organizaciones y otros actores sociales podr\u00e1n participar en el proceso de consulta p\u00fablica enviando comentarios, sugerencias y observaciones hasta el 19 de febrero. Este ejercicio busca promover una participaci\u00f3n ciudadana informada e incidente. Bogot\u00e1, 19 de enero de 2026 (@MinAmbienteCo) \u2013&nbsp;En cabeza del Ministerio de Ambiente y Desarrollo Sostenible, el Gobierno Nacional abri\u00f3 [&hellip;]<\/p>\n","protected":false},"author":1,"featured_media":202533,"comment_status":"open","ping_status":"open","sticky":false,"template":"","format":"standard","meta":{"_acf_changed":false,"_jetpack_memberships_contains_paid_content":false,"footnotes":"","jetpack_publicize_message":"","jetpack_publicize_feature_enabled":true,"jetpack_social_post_already_shared":true,"jetpack_social_options":{"image_generator_settings":{"template":"highway","default_image_id":0,"font":"","enabled":false},"version":2}},"categories":[6],"tags":[],"class_list":["post-202532","post","type-post","status-publish","format-standard","has-post-thumbnail","hentry","category-ecologia"],"acf":[],"jetpack_publicize_connections":[],"jetpack_featured_media_url":"https:\/\/i0.wp.com\/sportseco.com\/wp-content\/uploads\/2026\/01\/Hoja-de-Ruta-Acuerdo-de-Escazu_Ene2026.jpeg?fit=1280%2C853&ssl=1","jetpack_sharing_enabled":true,"_links":{"self":[{"href":"https:\/\/sportseco.com\/index.php?rest_route=\/wp\/v2\/posts\/202532","targetHints":{"allow":["GET"]}}],"collection":[{"href":"https:\/\/sportseco.com\/index.php?rest_route=\/wp\/v2\/posts"}],"about":[{"href":"https:\/\/sportseco.com\/index.php?rest_route=\/wp\/v2\/types\/post"}],"author":[{"embeddable":true,"href":"https:\/\/sportseco.com\/index.php?rest_route=\/wp\/v2\/users\/1"}],"replies":[{"embeddable":true,"href":"https:\/\/sportseco.com\/index.php?rest_route=%2Fwp%2Fv2%2Fcomments&post=202532"}],"version-history":[{"count":1,"href":"https:\/\/sportseco.com\/index.php?rest_route=\/wp\/v2\/posts\/202532\/revisions"}],"predecessor-version":[{"id":202534,"href":"https:\/\/sportseco.com\/index.php?rest_route=\/wp\/v2\/posts\/202532\/revisions\/202534"}],"wp:featuredmedia":[{"embeddable":true,"href":"https:\/\/sportseco.com\/index.php?rest_route=\/wp\/v2\/media\/202533"}],"wp:attachment":[{"href":"https:\/\/sportseco.com\/index.php?rest_route=%2Fwp%2Fv2%2Fmedia&parent=202532"}],"wp:term":[{"taxonomy":"category","embeddable":true,"href":"https:\/\/sportseco.com\/index.php?rest_route=%2Fwp%2Fv2%2Fcategories&post=202532"},{"taxonomy":"post_tag","embeddable":true,"href":"https:\/\/sportseco.com\/index.php?rest_route=%2Fwp%2Fv2%2Ftags&post=202532"}],"curies":[{"name":"wp","href":"https:\/\/api.w.org\/{rel}","templated":true}]}}