{"id":202595,"date":"2026-01-21T09:30:49","date_gmt":"2026-01-21T14:30:49","guid":{"rendered":"https:\/\/sportseco.com\/?p=202595"},"modified":"2026-01-21T09:30:49","modified_gmt":"2026-01-21T14:30:49","slug":"dia-mundial-del-perro-de-trabajo-21-de-enero-2","status":"publish","type":"post","link":"https:\/\/sportseco.com\/?p=202595","title":{"rendered":"D\u00eda Mundial del Perro de Trabajo, 21 de enero"},"content":{"rendered":"\n<p><strong>El 21 de enero se celebra el D\u00eda Mundial del Perro de Trabajo<\/strong>, una fecha que tiene como objetivo reconocer la incre\u00edble labor de los perros de trabajo y de sus gu\u00edas, y concienciar sobre la importancia de garantizar una jubilaci\u00f3n digna para estos h\u00e9roes de 4 patas.<\/p>\n\n\n\n<figure class=\"wp-block-image\"><img data-recalc-dims=\"1\" decoding=\"async\" src=\"https:\/\/i0.wp.com\/www.diainternacionalde.com\/imagenes\/dias\/enero\/01-21_dia-mundial-perro-trabajo-mirando_s.jpg?w=640&#038;ssl=1\" alt=\"Perros al servicio de la Polic\u00eda Nacional en Espa\u00f1a\" title=\"Perros al servicio de la Polic\u00eda Nacional en Espa\u00f1a\"\/><figcaption class=\"wp-element-caption\">Perros al servicio de la Polic\u00eda Nacional en Espa\u00f1a<\/figcaption><\/figure>\n\n\n\n<figure class=\"wp-block-embed is-type-rich is-provider-gestor-del-servicio wp-block-embed-gestor-del-servicio wp-embed-aspect-16-9 wp-has-aspect-ratio\"><div class=\"wp-block-embed__wrapper\">\n<iframe loading=\"lazy\" title=\"Sus compa\u00f1eros les cambiaron radicalmente la vida. \u00a1\u00a1Muy emotivo!!\" width=\"640\" height=\"360\" src=\"https:\/\/www.youtube.com\/embed\/0IeCe3WRZUY?feature=oembed\" frameborder=\"0\" allow=\"accelerometer; autoplay; clipboard-write; encrypted-media; gyroscope; picture-in-picture; web-share\" referrerpolicy=\"strict-origin-when-cross-origin\" allowfullscreen><\/iframe>\n<\/div><\/figure>\n\n\n\n<p>Sus compa\u00f1eros les cambiaron radicalmente la vida. \u00a1Muy emotivo!<\/p>\n\n\n\n<p>Actualmente, en muchos pa\u00edses, no existe una normativa que proteja a estos perros durante su vida laboral ni tras su jubilaci\u00f3n.<\/p>\n\n\n\n<h2 class=\"wp-block-heading\" id=\"resTit_2\">\u00bfQu\u00e9 es un Perro de Trabajo?<\/h2>\n\n\n\n<p>Los perros de trabajo son aquellos que realizan labores vitales en \u00e1reas como la seguridad, el rescate y la asistencia a personas con necesidades especiales.<\/p>\n\n\n\n<p>En su mayor\u00eda, los perros de trabajo K9, que forman parte de unidades de la Polic\u00eda Nacional, Guardia Civil, Fuerzas Armadas y otros cuerpos, desempe\u00f1an tareas como la b\u00fasqueda de personas desaparecidas, la detecci\u00f3n de explosivos y estupefacientes, y el rescate en grandes cat\u00e1strofes.<\/p>\n\n\n\n<figure class=\"wp-block-image\"><img data-recalc-dims=\"1\" decoding=\"async\" src=\"https:\/\/i0.wp.com\/www.diainternacionalde.com\/imagenes\/dias\/enero\/01-21_dia-mundial-perro-trabajo-buscando_s.jpg?w=640&#038;ssl=1\" alt=\"\" title=\"\"\/><\/figure>\n\n\n\n<h2 class=\"wp-block-heading\" id=\"resTit_3\">La importancia de una legislaci\u00f3n que los proteja<\/h2>\n\n\n\n<p>Aunque su contribuci\u00f3n a la sociedad es innegable, estos animales no cuentan con una legislaci\u00f3n que los respalde una vez finalizan su servicio.<\/p>\n\n\n\n<p>Muchos de ellos, tras a\u00f1os de trabajo incansable, no pueden quedarse con sus gu\u00edas y necesitan ser adoptados. Sigue siendo urgente una ley que les garantice un retiro digno y que les permita acceder a todos los lugares p\u00fablicos.<\/p>\n\n\n\n<figure class=\"wp-block-image\"><img data-recalc-dims=\"1\" decoding=\"async\" src=\"https:\/\/i0.wp.com\/www.diainternacionalde.com\/imagenes\/dias\/enero\/01-21_dia-mundial-perro-trabajo-desfile_s.jpg?w=640&#038;ssl=1\" alt=\"\" title=\"\"\/><\/figure>\n\n\n\n<h2 class=\"wp-block-heading\" id=\"resTit_4\">Los perros de trabajo se merecen una vida digna<\/h2>\n\n\n\n<p>El D\u00eda Mundial del Perro de Trabajo es una oportunidad para reflexionar sobre la necesidad de proteger a estos perros que tanto han hecho por nosotros.<\/p>\n\n\n\n<p>La adopci\u00f3n de perros mayores, que han servido a la sociedad durante la mayor parte de sus vidas, es una forma de devolverles todo lo que nos han dado. Por ello, te invitamos a apoyar esta causa y unirte a este homenaje a nuestros h\u00e9roes de 4 patas.<\/p>\n\n\n\n<figure class=\"wp-block-image\"><img data-recalc-dims=\"1\" decoding=\"async\" src=\"https:\/\/i0.wp.com\/www.diainternacionalde.com\/imagenes\/dias\/enero\/01-21_dia-mundial-perro-trabajo-simpatico_s.jpg?w=640&#038;ssl=1\" alt=\"\" title=\"\"\/><\/figure>\n\n\n\n<h2 class=\"wp-block-heading\" id=\"resTit_5\">Campa\u00f1a Adopta un jubilado<\/h2>\n\n\n\n<p>La asociaci\u00f3n H\u00e9roes de 4 Patas realiza cada a\u00f1o una campa\u00f1a llamada&nbsp;<em><strong>#AdoptaUnJubilado<\/strong><\/em>, en la que tratan de encontrar hogar a los perros que han trabajado durante a\u00f1os y que necesitan una familia a partir del momento de su jubilaci\u00f3n.<\/p>\n\n\n\n<p>Una de las acciones m\u00e1s importantes de la campa\u00f1a es el<a href=\"https:\/\/adoptaunjubilado.org\/tienda\/calendario-adoptaunjubilado\/\" target=\"_blank\" rel=\"noreferrer noopener\"><strong>&nbsp;Calendario Solidario<\/strong><\/a>&nbsp;en el que personas influyentes se implican para colaborar y se fotograf\u00edan con algunos de los perros para crear un calendario ben\u00e9fico.<\/p>\n\n\n\n<p>En la mayor\u00eda de los casos es el propio gu\u00eda el que se queda con su compa\u00f1ero, pero en algunas ocasiones eso no es posible y es cuando entra en acci\u00f3n H\u00e9roes de 4 Patas para encontrar un hogar adecuado para cada perro.<\/p>\n\n\n\n<p>Para sufragar todos los gastos que se generan, como la asistencia veterinaria, ayuda con la conducta y otros gastos necesarios para el desarrollo de la actividad de la asociaci\u00f3n, se edita este calendario, y se pone a la venta merchandising.<\/p>\n\n\n\n<p>Tambi\u00e9n se aceptan colaboraciones y aportaciones de empresas privadas y donativos de particulares. Para m\u00e1s informaci\u00f3n visita la web&nbsp;<a href=\"https:\/\/adoptaunjubilado.org\/\" target=\"_blank\" rel=\"noreferrer noopener\">AdoptaUnJubilado.<\/a><\/p>\n\n\n\n<h2 class=\"wp-block-heading\" id=\"resTit_6\">\u00bfC\u00f3mo celebrar el D\u00eda Mundial del Perro de Trabajo?<\/h2>\n\n\n\n<p>T\u00fa tambi\u00e9n puedes contribuir con esta noble causa, aportando tu granito de arena. Aqu\u00ed te dejamos algunas ideas para participar y hacer de este d\u00eda algo especial:<\/p>\n\n\n\n<ul class=\"wp-block-list\">\n<li><strong>Difunde el mensaje en redes sociales.<\/strong>\u00a0Utiliza el hashtag\u00a0<em><strong>#D\u00edaMundialDelPerroDeTrabajo<\/strong><\/em>\u00a0para compartir informaci\u00f3n sobre la importancia de los perros de trabajo. Comparte historias de estos animales para sensibilizar a m\u00e1s personas.<\/li>\n\n\n\n<li><strong>Si est\u00e1s pensando en adoptar una mascota,\u00a0<\/strong>considera darle un hogar a un perro de trabajo retirado. Estos animales, tras a\u00f1os de servicio, merecen una vida tranquila y llena de cari\u00f1o.<\/li>\n<\/ul>\n\n\n\n<p><\/p>\n\n\n\n<p><\/p>\n\n\n\n<p>diainternacionalde.com<\/p>\n","protected":false},"excerpt":{"rendered":"<p>El 21 de enero se celebra el D\u00eda Mundial del Perro de Trabajo, una fecha que tiene como objetivo reconocer la incre\u00edble labor de los perros de trabajo y de sus gu\u00edas, y concienciar sobre la importancia de garantizar una jubilaci\u00f3n digna para estos h\u00e9roes de 4 patas. Sus compa\u00f1eros les cambiaron radicalmente la vida. [&hellip;]<\/p>\n","protected":false},"author":1,"featured_media":202596,"comment_status":"open","ping_status":"open","sticky":false,"template":"","format":"standard","meta":{"_acf_changed":false,"_jetpack_memberships_contains_paid_content":false,"footnotes":"","jetpack_publicize_message":"","jetpack_publicize_feature_enabled":true,"jetpack_social_post_already_shared":true,"jetpack_social_options":{"image_generator_settings":{"template":"highway","default_image_id":0,"font":"","enabled":false},"version":2}},"categories":[108],"tags":[],"class_list":["post-202595","post","type-post","status-publish","format-standard","has-post-thumbnail","hentry","category-dia-mundial"],"acf":[],"jetpack_publicize_connections":[],"jetpack_featured_media_url":"https:\/\/i0.wp.com\/sportseco.com\/wp-content\/uploads\/2026\/01\/01-21_dia-mundial-perro-trabajo.jpg?fit=305%2C203&ssl=1","jetpack_sharing_enabled":true,"_links":{"self":[{"href":"https:\/\/sportseco.com\/index.php?rest_route=\/wp\/v2\/posts\/202595","targetHints":{"allow":["GET"]}}],"collection":[{"href":"https:\/\/sportseco.com\/index.php?rest_route=\/wp\/v2\/posts"}],"about":[{"href":"https:\/\/sportseco.com\/index.php?rest_route=\/wp\/v2\/types\/post"}],"author":[{"embeddable":true,"href":"https:\/\/sportseco.com\/index.php?rest_route=\/wp\/v2\/users\/1"}],"replies":[{"embeddable":true,"href":"https:\/\/sportseco.com\/index.php?rest_route=%2Fwp%2Fv2%2Fcomments&post=202595"}],"version-history":[{"count":1,"href":"https:\/\/sportseco.com\/index.php?rest_route=\/wp\/v2\/posts\/202595\/revisions"}],"predecessor-version":[{"id":202597,"href":"https:\/\/sportseco.com\/index.php?rest_route=\/wp\/v2\/posts\/202595\/revisions\/202597"}],"wp:featuredmedia":[{"embeddable":true,"href":"https:\/\/sportseco.com\/index.php?rest_route=\/wp\/v2\/media\/202596"}],"wp:attachment":[{"href":"https:\/\/sportseco.com\/index.php?rest_route=%2Fwp%2Fv2%2Fmedia&parent=202595"}],"wp:term":[{"taxonomy":"category","embeddable":true,"href":"https:\/\/sportseco.com\/index.php?rest_route=%2Fwp%2Fv2%2Fcategories&post=202595"},{"taxonomy":"post_tag","embeddable":true,"href":"https:\/\/sportseco.com\/index.php?rest_route=%2Fwp%2Fv2%2Ftags&post=202595"}],"curies":[{"name":"wp","href":"https:\/\/api.w.org\/{rel}","templated":true}]}}