{"id":202632,"date":"2026-01-21T17:34:37","date_gmt":"2026-01-21T22:34:37","guid":{"rendered":"https:\/\/sportseco.com\/?p=202632"},"modified":"2026-01-21T17:50:32","modified_gmt":"2026-01-21T22:50:32","slug":"quintana-senalado-como-el-capitan-de-colombia-para-el-clasico-mundial","status":"publish","type":"post","link":"https:\/\/sportseco.com\/?p=202632","title":{"rendered":"Quintana se\u00f1alado como el capit\u00e1n de Colombia para el Cl\u00e1sico Mundial"},"content":{"rendered":"\n<p>Con 113 victorias a lo largo de 14 campa\u00f1as en las Grandes Ligas,&nbsp;<a href=\"https:\/\/www.mlb.com\/es\/player\/jose-quintana-500779\" target=\"_blank\" rel=\"noreferrer noopener\"><strong>Jos\u00e9 Quintana<\/strong><\/a>&nbsp;es el l\u00edder de victorias entre los serpentineros colombianos. Ahora, el zurdo volver\u00e1 a representar a su pa\u00eds como el capit\u00e1n de la selecci\u00f3n de Colombia para el Cl\u00e1sico Mundial de B\u00e9isbol.<\/p>\n\n\n\n<p>La Federaci\u00f3n Colombiana de B\u00e9isbol hizo el anuncio por medio de sus redes sociales el mi\u00e9rcoles, aunque los rosters se concretar\u00e1n el 5 de febrero.<\/p>\n\n\n\n<p>Quintana viene de una exitosa campa\u00f1a del 2025, registrando foja de 11-7 con efectividad de 3.96 en 131.2 entradas por los Cerveceros, y ahora integrar\u00e1 una escuadra colombiana por primera vez desde el torneo del 2017. En dicho a\u00f1o, Quintana se enfrent\u00f3 a los eventuales campeones, Estados Unidos, y los blanque\u00f3 por 5.2 episodios. Concedi\u00f3 apenas un imparable y una carrera antes de salir sin decisi\u00f3n. Ten\u00eda previsto lanzar en la versi\u00f3n del 2023, pero una dolencia en las costillas que sufri\u00f3 durante los Entrenamientos de Primavera lo oblig\u00f3 a ser excluido del roster.<\/p>\n\n\n\n<p>Aunque no se ha realizado un anuncio formal, Quintana podr\u00eda estar acompa\u00f1ado por Julio Teher\u00e1n en la rotaci\u00f3n abridora de Colombia. Teher\u00e1n, quien llev\u00f3 un partido sin hits ni carreras hasta la sexta entrada contra Brasil en las Eliminatorias de Tucson en el 2025, tiene la segunda mayor cantidad de victorias entre los pitchers colombianos con 81.<\/p>\n\n\n\n<p>Colombia comenzar\u00e1 su fase de grupos en el Cl\u00e1sico Mundial de B\u00e9isbol contra Puerto Rico el 6 de marzo en San Juan.<\/p>\n\n\n\n<p>\u00bfTe gust\u00f3 este art\u00edculo?<\/p>\n\n\n\n<p>Michael Clair es escritor para MLB.com.<\/p>\n\n\n\n<p>mlb.com<\/p>\n","protected":false},"excerpt":{"rendered":"<p>Con 113 victorias a lo largo de 14 campa\u00f1as en las Grandes Ligas,&nbsp;Jos\u00e9 Quintana&nbsp;es el l\u00edder de victorias entre los serpentineros colombianos. Ahora, el zurdo volver\u00e1 a representar a su pa\u00eds como el capit\u00e1n de la selecci\u00f3n de Colombia para el Cl\u00e1sico Mundial de B\u00e9isbol. La Federaci\u00f3n Colombiana de B\u00e9isbol hizo el anuncio por medio [&hellip;]<\/p>\n","protected":false},"author":1,"featured_media":202633,"comment_status":"open","ping_status":"open","sticky":false,"template":"","format":"standard","meta":{"_acf_changed":false,"_jetpack_memberships_contains_paid_content":false,"footnotes":"","jetpack_publicize_message":"","jetpack_publicize_feature_enabled":true,"jetpack_social_post_already_shared":true,"jetpack_social_options":{"image_generator_settings":{"template":"highway","default_image_id":0,"font":"","enabled":false},"version":2}},"categories":[22],"tags":[],"class_list":["post-202632","post","type-post","status-publish","format-standard","has-post-thumbnail","hentry","category-baseball"],"acf":[],"jetpack_publicize_connections":[],"jetpack_featured_media_url":"https:\/\/i0.wp.com\/sportseco.com\/wp-content\/uploads\/2026\/01\/620464415_18525874246066609_8640198175565184623_n.jpg?fit=1350%2C1688&ssl=1","jetpack_sharing_enabled":true,"_links":{"self":[{"href":"https:\/\/sportseco.com\/index.php?rest_route=\/wp\/v2\/posts\/202632","targetHints":{"allow":["GET"]}}],"collection":[{"href":"https:\/\/sportseco.com\/index.php?rest_route=\/wp\/v2\/posts"}],"about":[{"href":"https:\/\/sportseco.com\/index.php?rest_route=\/wp\/v2\/types\/post"}],"author":[{"embeddable":true,"href":"https:\/\/sportseco.com\/index.php?rest_route=\/wp\/v2\/users\/1"}],"replies":[{"embeddable":true,"href":"https:\/\/sportseco.com\/index.php?rest_route=%2Fwp%2Fv2%2Fcomments&post=202632"}],"version-history":[{"count":1,"href":"https:\/\/sportseco.com\/index.php?rest_route=\/wp\/v2\/posts\/202632\/revisions"}],"predecessor-version":[{"id":202634,"href":"https:\/\/sportseco.com\/index.php?rest_route=\/wp\/v2\/posts\/202632\/revisions\/202634"}],"wp:featuredmedia":[{"embeddable":true,"href":"https:\/\/sportseco.com\/index.php?rest_route=\/wp\/v2\/media\/202633"}],"wp:attachment":[{"href":"https:\/\/sportseco.com\/index.php?rest_route=%2Fwp%2Fv2%2Fmedia&parent=202632"}],"wp:term":[{"taxonomy":"category","embeddable":true,"href":"https:\/\/sportseco.com\/index.php?rest_route=%2Fwp%2Fv2%2Fcategories&post=202632"},{"taxonomy":"post_tag","embeddable":true,"href":"https:\/\/sportseco.com\/index.php?rest_route=%2Fwp%2Fv2%2Ftags&post=202632"}],"curies":[{"name":"wp","href":"https:\/\/api.w.org\/{rel}","templated":true}]}}