{"id":202750,"date":"2026-01-24T08:34:48","date_gmt":"2026-01-24T13:34:48","guid":{"rendered":"https:\/\/sportseco.com\/?p=202750"},"modified":"2026-01-24T08:34:48","modified_gmt":"2026-01-24T13:34:48","slug":"dia-internacional-de-la-educacion-24-de-enero","status":"publish","type":"post","link":"https:\/\/sportseco.com\/?p=202750","title":{"rendered":"D\u00eda Internacional de la Educaci\u00f3n, 24 de enero"},"content":{"rendered":"\n<p><img data-recalc-dims=\"1\" decoding=\"async\" src=\"https:\/\/i0.wp.com\/www.un.org\/sites\/un2.un.org\/files\/styles\/banner-image-style-27-10\/public\/education_day_2023.jpg?w=640&#038;ssl=1\" alt=\"Unos estudiantes sonrientes disfrutando de una sesi\u00f3n de clase.\"\/><\/p>\n\n\n\n<p>Seg\u00fan la UNESCO, en la actualidad, 250 millones de ni\u00f1os y adolescentes est\u00e1n sin escolarizar y 763 millones de adultos son analfabetos.<\/p>\n\n\n\n<p><strong>Foto:<\/strong>\u00a9 UNESCO\/Emily Pinna<\/p>\n\n\n\n<h2 class=\"wp-block-heading\">El poder de la juventud en la cocreaci\u00f3n de la educaci\u00f3<strong>n<\/strong><\/h2>\n\n\n\n<p>La juventud representa m\u00e1s de la mitad de la poblaci\u00f3n mundial y es uno de los principales motores de la innovaci\u00f3n, el cambio social y el desarrollo sostenible. Sin embargo, muchos j\u00f3venes siguen enfrent\u00e1ndose a obst\u00e1culos persistentes que les impiden construir el futuro que desean, como la pobreza y la desigualdad o el acceso limitado a una educaci\u00f3n de calidad y a un trabajo digno.<\/p>\n\n\n\n<p>Como sus vidas y opciones dependen directamente de la educaci\u00f3n que reciben, los j\u00f3venes deben participar activamente en la reinvenci\u00f3n del aprendizaje. En un momento de transformaci\u00f3n radical inducida por la revoluci\u00f3n tecnol\u00f3gica, es crucial que los j\u00f3venes participen en la creaci\u00f3n conjunta de sistemas educativos modernos, pertinentes e inclusivos, para que la ense\u00f1anza y el aprendizaje respondan realmente a sus aspiraciones.<\/p>\n\n\n\n<p>M\u00e1s informaci\u00f3n en la p\u00e1gina de&nbsp;<a href=\"https:\/\/www.unesco.org\/es\/days\/education\">UNESCO<\/a>&nbsp;y descubre c\u00f3mo puedes participar en el&nbsp;<a href=\"https:\/\/www.unesco.org\/en\/articles\/how-you-can-join-international-day-education-2026?hub=66580\">D\u00eda Internacional de la Educaci\u00f3n 2026<\/a>.<\/p>\n\n\n\n<figure class=\"wp-block-image\"><a href=\"https:\/\/www.unesco.org\/en\/articles\/international-day-education-2025-global-event-paris-artificial-intelligence-and-education-preserving?hub=66580\"><img data-recalc-dims=\"1\" decoding=\"async\" src=\"https:\/\/i0.wp.com\/www.un.org\/sites\/un2.un.org\/files\/education-day-2026.jpg?w=640&#038;ssl=1\" alt=\"Varios c\u00edrculos con simbolog\u00eda de inteligencia artificial y una mano con un l\u00e1piz se\u00f1al\u00e1ndolos.\"\/><\/a><\/figure>\n\n\n\n<h3 class=\"wp-block-heading\"><a href=\"https:\/\/www.unesco.org\/en\/articles\/international-day-education-2026-global-event-power-youth-co-creating-education?hub=66580\">Inteligencia artificial y educaci\u00f3n: preservar la autonom\u00eda en un mundo automatizado<\/a><\/h3>\n\n\n\n<h4 class=\"wp-block-heading\"><strong>23 de enero de 2026: de las 10 a las 17 horas (hora de Par\u00eds)<\/strong><\/h4>\n\n\n\n<p><strong>Lugar:&nbsp;<\/strong>sede de la UNESCO&nbsp;en Par\u00eds (Francia), Sal\u00f3n I<br \/><strong>Inscripci\u00f3n:<\/strong>&nbsp;<a href=\"https:\/\/indico.un.org\/event\/1021749\/registrations\/24393\/\">presencial<\/a>,&nbsp;<a href=\"https:\/\/unesco-org.zoom.us\/webinar\/register\/WN_8ImUu1otTF-1hBkdaIsCXw#\/registration\">virtual<\/a><\/p>\n\n\n\n<h2 class=\"wp-block-heading\">Las buenas escuelas necesitan buenos l\u00edderes escolares<\/h2>\n\n\n\n<p>El liderazgo es esencial para una educaci\u00f3n de calidad. Se considera el segundo factor m\u00e1s importante con influencia en los resultados del aprendizaje. El liderazgo eficaz ocurre en varios niveles, que van desde la propia escuela hasta el gobierno.<\/p>\n\n\n\n<p>La \u00faltima edici\u00f3n del&nbsp;<a href=\"https:\/\/www.unesco.org\/gem-report\/es\">Informe de monitoreo de la educaci\u00f3n a nivel global<\/a>&nbsp;examina los requisitos de un buen liderazgo en educaci\u00f3n y c\u00f3mo var\u00edan entre pa\u00edses y a lo largo del tiempo. El documento explora las visiones que impulsan el liderazgo, las pr\u00e1cticas que conducen a mejores resultados educativos y el impacto de los factores sociales, culturales y gubernamentales en un liderazgo eficaz.&nbsp;<a href=\"https:\/\/unesdoc.unesco.org\/ark:\/48223\/pf0000391758_spa\">Aqu\u00ed dispones de un resumen del mismo en espa\u00f1ol<\/a>.&nbsp;<\/p>\n\n\n\n<p>https:\/\/youtube.com\/watch?v=q8LGqWwwNgw%3Fsi%3D5E6VbGvou8Uv22Xv%26enablejsapi%3D1%26origin%3Dhttps%253A%252F%252Fwww.un.org<\/p>\n\n\n\n<h2 class=\"wp-block-heading\">Antecedentes<\/h2>\n\n\n\n<p>La educaci\u00f3n es un derecho humano, un bien p\u00fablico y una responsabilidad colectiva.<\/p>\n\n\n\n<p>La Asamblea General de las Naciones Unidas&nbsp;<a href=\"https:\/\/undocs.org\/es\/A\/RES\/73\/25\">proclam\u00f3<\/a>&nbsp;el 24 de enero D\u00eda Internacional de la Educaci\u00f3n, en celebraci\u00f3n del papel que la educaci\u00f3n desempe\u00f1a en la paz y el desarrollo.<\/p>\n\n\n\n<h3 class=\"wp-block-heading\">La educaci\u00f3n es un derecho humano<\/h3>\n\n\n\n<p>El derecho a la educaci\u00f3n est\u00e1 consagrado en el art\u00edculo 26 de la&nbsp;<a href=\"https:\/\/www.un.org\/es\/universal-declaration-human-rights\/index.html\">Declaraci\u00f3n Universal de los Derechos Humanos<\/a>. La declaraci\u00f3n exige la educaci\u00f3n primaria gratuita y obligatoria. La&nbsp;<a href=\"https:\/\/www.ohchr.org\/SP\/ProfessionalInterest\/Pages\/CRC.aspx\">Convenci\u00f3n sobre los Derechos del Ni\u00f1o<\/a>, adoptada en 1989, va m\u00e1s all\u00e1 al estipular que los pa\u00edses deber\u00e1n hacer que la educaci\u00f3n superior sea accesible para todos.<\/p>\n\n\n\n<h3 class=\"wp-block-heading\">La educaci\u00f3n es clave para el desarrollo sostenible<\/h3>\n\n\n\n<p>Cuando se adopt\u00f3 la Agenda 2030 para el Desarrollo Sostenible, la comunidad internacional reconoci\u00f3 que la educaci\u00f3n es esencial para el \u00e9xito de sus 17 objetivos. El Objetivo n\u00famero 4 de Desarrollo Sostenible tiene, concretamente, como objetivo \u201cgarantizar una educaci\u00f3n de calidad inclusiva y equitativa y promover oportunidades de aprendizaje permanente para todos\u201d para el a\u00f1o 2030.<\/p>\n\n\n\n<h3 class=\"wp-block-heading\">Los desaf\u00edos para lograr la educaci\u00f3n universal<\/h3>\n\n\n\n<p>La educaci\u00f3n ofrece a los ni\u00f1os y las ni\u00f1as una oportunidad de salir de la pobreza y un camino para alcanzar un futuro prometedor. Sin embargo, 244 millones de ni\u00f1os y j\u00f3venes est\u00e1n sin escolarizar, 617 millones de ni\u00f1os y adolescentes no pueden leer ni tienen los conocimientos b\u00e1sicos de matem\u00e1ticas; menos del 40 por ciento de las ni\u00f1as del \u00c1frica Subsahariana completan los estudios de secundaria de ciclo inferior y unos 4 millones de ni\u00f1os y j\u00f3venes refugiados no pueden asistir a la escuela. El derecho a la educaci\u00f3n de estas personas se ve afectado y eso es inaceptable.<\/p>\n\n\n\n<p>Sin una educaci\u00f3n de calidad, inclusiva y equitativa para todos y de oportunidades de aprendizaje a lo largo de toda la vida, los pa\u00edses no lograr\u00e1n alcanzar la igualdad de g\u00e9nero ni romper el ciclo de pobreza que deja rezagados a millones de ni\u00f1os, j\u00f3venes y adultos.<\/p>\n","protected":false},"excerpt":{"rendered":"<p>Seg\u00fan la UNESCO, en la actualidad, 250 millones de ni\u00f1os y adolescentes est\u00e1n sin escolarizar y 763 millones de adultos son analfabetos. Foto:\u00a9 UNESCO\/Emily Pinna El poder de la juventud en la cocreaci\u00f3n de la educaci\u00f3n La juventud representa m\u00e1s de la mitad de la poblaci\u00f3n mundial y es uno de los principales motores de [&hellip;]<\/p>\n","protected":false},"author":1,"featured_media":202751,"comment_status":"open","ping_status":"open","sticky":false,"template":"","format":"standard","meta":{"_acf_changed":false,"_jetpack_memberships_contains_paid_content":false,"footnotes":"","jetpack_publicize_message":"","jetpack_publicize_feature_enabled":true,"jetpack_social_post_already_shared":true,"jetpack_social_options":{"image_generator_settings":{"template":"highway","default_image_id":0,"font":"","enabled":false},"version":2}},"categories":[108],"tags":[],"class_list":["post-202750","post","type-post","status-publish","format-standard","has-post-thumbnail","hentry","category-dia-mundial"],"acf":[],"jetpack_publicize_connections":[],"jetpack_featured_media_url":"https:\/\/i0.wp.com\/sportseco.com\/wp-content\/uploads\/2026\/01\/education-day-2026.jpg?fit=610%2C407&ssl=1","jetpack_sharing_enabled":true,"_links":{"self":[{"href":"https:\/\/sportseco.com\/index.php?rest_route=\/wp\/v2\/posts\/202750","targetHints":{"allow":["GET"]}}],"collection":[{"href":"https:\/\/sportseco.com\/index.php?rest_route=\/wp\/v2\/posts"}],"about":[{"href":"https:\/\/sportseco.com\/index.php?rest_route=\/wp\/v2\/types\/post"}],"author":[{"embeddable":true,"href":"https:\/\/sportseco.com\/index.php?rest_route=\/wp\/v2\/users\/1"}],"replies":[{"embeddable":true,"href":"https:\/\/sportseco.com\/index.php?rest_route=%2Fwp%2Fv2%2Fcomments&post=202750"}],"version-history":[{"count":1,"href":"https:\/\/sportseco.com\/index.php?rest_route=\/wp\/v2\/posts\/202750\/revisions"}],"predecessor-version":[{"id":202752,"href":"https:\/\/sportseco.com\/index.php?rest_route=\/wp\/v2\/posts\/202750\/revisions\/202752"}],"wp:featuredmedia":[{"embeddable":true,"href":"https:\/\/sportseco.com\/index.php?rest_route=\/wp\/v2\/media\/202751"}],"wp:attachment":[{"href":"https:\/\/sportseco.com\/index.php?rest_route=%2Fwp%2Fv2%2Fmedia&parent=202750"}],"wp:term":[{"taxonomy":"category","embeddable":true,"href":"https:\/\/sportseco.com\/index.php?rest_route=%2Fwp%2Fv2%2Fcategories&post=202750"},{"taxonomy":"post_tag","embeddable":true,"href":"https:\/\/sportseco.com\/index.php?rest_route=%2Fwp%2Fv2%2Ftags&post=202750"}],"curies":[{"name":"wp","href":"https:\/\/api.w.org\/{rel}","templated":true}]}}