{"id":202759,"date":"2026-01-24T08:54:15","date_gmt":"2026-01-24T13:54:15","guid":{"rendered":"https:\/\/sportseco.com\/?p=202759"},"modified":"2026-01-24T08:54:15","modified_gmt":"2026-01-24T13:54:15","slug":"dia-mundial-de-la-cultura-africana-y-de-los-afrodescendientes-24-de-enero-4","status":"publish","type":"post","link":"https:\/\/sportseco.com\/?p=202759","title":{"rendered":"D\u00eda Mundial de la Cultura Africana y de los Afrodescendientes, 24 de enero"},"content":{"rendered":"\n<p>24 de enero<\/p>\n\n\n\n<p>El D\u00eda Mundial de la Cultura Africana y&nbsp;<strong>de los Afrodescendientes<\/strong>, que se celebra cada a\u00f1o el 24 de enero, rinde homenaje a las numerosas y vibrantes culturas del continente africano y de las di\u00e1sporas africanas en el mundo, reforzando as\u00ed el mandato de la UNESCO de promover el respeto de la diversidad cultural y la creatividad humana en todo el planeta. Valiosa fuente del patrimonio mundial compartido, la promoci\u00f3n de la cultura africana y de los afrodescendientes es crucial para el desarrollo sostenible, el respeto mutuo, el di\u00e1logo y la paz.<\/p>\n\n\n\n<p>La UNESCO adopt\u00f3 el 24 de enero como D\u00eda Mundial de la Cultura Africana y de los Afrodescendientes durante la 40\u00aa sesi\u00f3n de su Conferencia General en 2019. Esta fecha coincide con la adopci\u00f3n de la Carta para el Renacimiento Cultural de Africa en 2006 por parte de los Jefes de Estado y del Gobierno de la Uni\u00f3n Africana. La celebraci\u00f3n de este d\u00eda tambi\u00e9n tiene como objetivo promover la ratificaci\u00f3n y aplicaci\u00f3n m\u00e1s amplia posible de esta Carta por parte de los Estados africanos, reforzando as\u00ed el papel de la cultura en la promoci\u00f3n de la paz en el continente.<a href=\"https:\/\/www.unesco.org\/es\/unesco-media\/26476\/lightbox?hub=66581\"><\/a><\/p>\n\n\n\n<p>UNESCO<\/p>\n\n\n\n<h2 class=\"wp-block-heading\">Salvaguardar el patrimonio vivo de las culturas africanas y de los afrodescendientes<\/h2>\n\n\n\n<p>El vibrante y rico patrimonio vivo de \u00c1frica desempe\u00f1a un papel fundamental en la construcci\u00f3n de una fuerte identidad cultural y de los valores compartidos en toda la regi\u00f3n, que son clave para lograr resultados de paz y desarrollo en el marco de la Agenda 2063 de la Uni\u00f3n Africana y la Agenda 2030 para el Desarrollo Sostenible.<\/p>\n\n\n\n<p>La Convenci\u00f3n de 2003 de la UNESCO para la Salvaguardia del Patrimonio Cultural Inmaterial proporciona a las partes interesadas una plataforma para promover la cooperaci\u00f3n y la asistencia internacional, as\u00ed como sensibilizar sobre la importancia de salvaguardar el patrimonio vivo de las comunidades africanas y de los afrodescendientes como vector para el desarrollo sostenible, el di\u00e1logo y la paz.<\/p>\n\n\n\n<p>Dar visibilidad internacional al patrimonio vivo de las comunidades africanas y de los afrodescendientes es una importante medida de salvaguardia, que refuerza la viabilidad de su patrimonio vivo y garantiza su transmisi\u00f3n para el bienestar de las generaciones futuras. Las inscripciones pueden brindar a las comunidades africanas y afrodescendientes la oportunidad de asegurarse de que se tienen en cuenta sus experiencias y necesidades en la salvaguardia de su patrimonio vivo, al tiempo que se las involucra en los procesos de toma de decisiones que les conciernen a ellas y a su patrimonio.<\/p>\n\n\n\n<figure class=\"wp-block-image\"><img data-recalc-dims=\"1\" decoding=\"async\" src=\"https:\/\/i0.wp.com\/www.unesco.org\/sites\/default\/files\/styles\/paragraph_medium_desktop\/public\/2023-01\/pexels-muhammadtaha-ibrahim-8239433.jpg.webp?w=640&#038;ssl=1\" alt=\"Smiling black sisters standing close and hugging tenderly\"\/><\/figure>\n\n\n\n<p>pexels \/ Muhammad-taha Ibrahim<\/p>\n\n\n\n<p>unesco.org<\/p>\n","protected":false},"excerpt":{"rendered":"<p>24 de enero El D\u00eda Mundial de la Cultura Africana y&nbsp;de los Afrodescendientes, que se celebra cada a\u00f1o el 24 de enero, rinde homenaje a las numerosas y vibrantes culturas del continente africano y de las di\u00e1sporas africanas en el mundo, reforzando as\u00ed el mandato de la UNESCO de promover el respeto de la diversidad [&hellip;]<\/p>\n","protected":false},"author":1,"featured_media":202760,"comment_status":"open","ping_status":"open","sticky":false,"template":"","format":"standard","meta":{"_acf_changed":false,"_jetpack_memberships_contains_paid_content":false,"footnotes":"","jetpack_publicize_message":"","jetpack_publicize_feature_enabled":true,"jetpack_social_post_already_shared":true,"jetpack_social_options":{"image_generator_settings":{"template":"highway","default_image_id":0,"font":"","enabled":false},"version":2}},"categories":[108],"tags":[],"class_list":["post-202759","post","type-post","status-publish","format-standard","has-post-thumbnail","hentry","category-dia-mundial"],"acf":[],"jetpack_publicize_connections":[],"jetpack_featured_media_url":"https:\/\/i0.wp.com\/sportseco.com\/wp-content\/uploads\/2026\/01\/shutterstock_1329292760.jpg.webp?fit=1920%2C792&ssl=1","jetpack_sharing_enabled":true,"_links":{"self":[{"href":"https:\/\/sportseco.com\/index.php?rest_route=\/wp\/v2\/posts\/202759","targetHints":{"allow":["GET"]}}],"collection":[{"href":"https:\/\/sportseco.com\/index.php?rest_route=\/wp\/v2\/posts"}],"about":[{"href":"https:\/\/sportseco.com\/index.php?rest_route=\/wp\/v2\/types\/post"}],"author":[{"embeddable":true,"href":"https:\/\/sportseco.com\/index.php?rest_route=\/wp\/v2\/users\/1"}],"replies":[{"embeddable":true,"href":"https:\/\/sportseco.com\/index.php?rest_route=%2Fwp%2Fv2%2Fcomments&post=202759"}],"version-history":[{"count":1,"href":"https:\/\/sportseco.com\/index.php?rest_route=\/wp\/v2\/posts\/202759\/revisions"}],"predecessor-version":[{"id":202761,"href":"https:\/\/sportseco.com\/index.php?rest_route=\/wp\/v2\/posts\/202759\/revisions\/202761"}],"wp:featuredmedia":[{"embeddable":true,"href":"https:\/\/sportseco.com\/index.php?rest_route=\/wp\/v2\/media\/202760"}],"wp:attachment":[{"href":"https:\/\/sportseco.com\/index.php?rest_route=%2Fwp%2Fv2%2Fmedia&parent=202759"}],"wp:term":[{"taxonomy":"category","embeddable":true,"href":"https:\/\/sportseco.com\/index.php?rest_route=%2Fwp%2Fv2%2Fcategories&post=202759"},{"taxonomy":"post_tag","embeddable":true,"href":"https:\/\/sportseco.com\/index.php?rest_route=%2Fwp%2Fv2%2Ftags&post=202759"}],"curies":[{"name":"wp","href":"https:\/\/api.w.org\/{rel}","templated":true}]}}