{"id":202866,"date":"2026-01-26T09:50:41","date_gmt":"2026-01-26T14:50:41","guid":{"rendered":"https:\/\/sportseco.com\/?p=202866"},"modified":"2026-01-26T09:50:41","modified_gmt":"2026-01-26T14:50:41","slug":"cali-disfruto-de-su-segunda-ciclovida-del-ano-a-lo-largo-de-58-kilometros","status":"publish","type":"post","link":"https:\/\/sportseco.com\/?p=202866","title":{"rendered":"Cali disfrut\u00f3 de su segunda Ciclovida del a\u00f1o a lo largo de 58 kil\u00f3metros"},"content":{"rendered":"\n<figure class=\"wp-block-image\"><img data-recalc-dims=\"1\" decoding=\"async\" src=\"https:\/\/i0.wp.com\/www.cali.gov.co\/info\/caligovco_se\/media\/pubInt\/thumbs\/thpubInt_700X400_190980.webp?w=640&#038;ssl=1\" alt=\"Cali disfrut\u00f3 de su segunda Ciclovida del a\u00f1o a lo largo de 58 kil\u00f3metros\" title=\"Cali disfrut\u00f3 de su segunda Ciclovida del a\u00f1o a lo largo de 58 kil\u00f3metros\"\/><\/figure>\n\n\n\n<ul class=\"wp-block-list\">\n<li><em>Montar en bicicleta, en patines o patinetas, caminar el trazado y de postre la aerorrumba, coparon la atenci\u00f3n de decenas de personas que desafiaron la fuerte temperatura para recordar que en Cali el deporte hace parte de nuestro ADN.<\/em><\/li>\n<\/ul>\n\n\n\n<p><strong>Santiago de Cali, 25 de enero de 2026<\/strong><\/p>\n\n\n\n<p>Siguen las reacciones positivas por el comienzo de la Ciclovida de Cali en enero. Este domingo&nbsp;<em>(25.01.2026),<\/em>&nbsp;la comunidad de la Zona 7, compuesta por los tramos 13, 14 y 15, en el norte de la ciudad, sali\u00f3 a disfrutar de las actividades recreativas y la integraci\u00f3n que permite el programa preferido de las familias cale\u00f1as, que de igual forma asistieron a los otros puntos habilitados.<\/p>\n\n\n\n<p>Montar en bicicleta, en patines o patinetas, caminar el trazado y de postre la aerorrumba, coparon la atenci\u00f3n de decenas de personas que desafiaron la fuerte temperatura para recordar que en Cali el deporte hace parte de nuestro ADN.<\/p>\n\n\n\n<p>La del norte es una porci\u00f3n de los 58 kil\u00f3metros de recorrido que conecta la ciudad en sus 17 tramos, para que la poblaci\u00f3n pueda disfrutar del circuito completo que hoy ofrece este espacio tradicional de los habitantes de la \u2018Sucursal del Cielo\u2019.<\/p>\n\n\n\n<p>Alexander Camacho, secretario del Deporte y la Recreaci\u00f3n Distrital, acompa\u00f1\u00f3 el recorrido: \u201cHoy, 25 de enero, segundo domingo de ciclov\u00eda en Cali, le madrugamos a la ciudad para traer esta oferta deportiva que hace parte del coraz\u00f3n de miles y miles de cale\u00f1os. Estamos en la ciclov\u00eda en el norte, en la Carrera Primera con 56, una ciclov\u00eda tradicional, la gente ya gozando de este espacio donde tenemos zona canina, zona infantil, pista de juegos deportivos y por supuesto la aerorrumba y los tramos para que la gente salga en bici. La invitaci\u00f3n a todos los cale\u00f1os es a que salgan. Esta es la alcald\u00eda de Alejandro Eder, desde muy temprano con actividad f\u00edsica, deporte, recreaci\u00f3n y bienestar para todos.\u201d.<\/p>\n\n\n\n<p>Helena Restrepo, habitante de Los Andes, se\u00f1al\u00f3 que \u201cmuy ch\u00e9vere, maravilloso, porque la verdad es que el deporte hace mucha falta, la ruta muy buena y el sector muy agradable. Me hablaron de la extensi\u00f3n de 58 kil\u00f3metros, hicieron un cambio porque antes iba hasta el cementerio Metropolitano con Calle 70, ahora me pareci\u00f3 mucho mejor as\u00ed. Buen\u00edsimo, porque el deporte es salud y eso es lo que debemos hacer todas las personas. Los invitamos para que vengan a participar de la ciclov\u00eda, el deporte es salud, bienvenidos\u201d.<\/p>\n\n\n\n<p>Por su parte, Steven, quien asisti\u00f3 con su esposa Diana y su hija Mariana, manifest\u00f3: \u201cEstos espacios son adecuados para promover el ejercicio, para salir en familia y disfrutar, nosotros visitamos normalmente los tramos que est\u00e1n cercanos a donde vivimos. Lo que hemos podido notar es un cambio de rutas y est\u00e1 bien para buscar alternativas, para que la gente pueda encontrar otras rutas que pueda disfrutar\u201d.<\/p>\n\n\n\n<p><strong>Para tener en cuenta<\/strong><\/p>\n\n\n\n<p>Aparte de las actividades realizadas en las diferentes estaciones, la jornada tuvo como atractivo un entrenamiento funcional (de 5 programados) en el Kil\u00f3metro Cero (Carrera 39 con calle 9 esquina) para quienes van a participar en la tercera edici\u00f3n de la Marat\u00f3n de Cali, a comienzos de mayo.<\/p>\n\n\n\n<p><strong><em>Comunicaciones Secretar\u00eda del Deporte y la Recreaci\u00f3n Distrital<\/em><\/strong><\/p>\n\n\n\n<p><strong><em>Alcald\u00eda de Santiago de Cali<\/em><\/strong><\/p>\n\n\n\n<p>cali.gov.co<\/p>\n","protected":false},"excerpt":{"rendered":"<p>Santiago de Cali, 25 de enero de 2026 Siguen las reacciones positivas por el comienzo de la Ciclovida de Cali en enero. Este domingo&nbsp;(25.01.2026),&nbsp;la comunidad de la Zona 7, compuesta por los tramos 13, 14 y 15, en el norte de la ciudad, sali\u00f3 a disfrutar de las actividades recreativas y la integraci\u00f3n que permite [&hellip;]<\/p>\n","protected":false},"author":1,"featured_media":202867,"comment_status":"open","ping_status":"open","sticky":false,"template":"","format":"standard","meta":{"_acf_changed":false,"_jetpack_memberships_contains_paid_content":false,"footnotes":"","jetpack_publicize_message":"","jetpack_publicize_feature_enabled":true,"jetpack_social_post_already_shared":true,"jetpack_social_options":{"image_generator_settings":{"template":"highway","default_image_id":0,"font":"","enabled":false},"version":2}},"categories":[6],"tags":[],"class_list":["post-202866","post","type-post","status-publish","format-standard","has-post-thumbnail","hentry","category-ecologia"],"acf":[],"jetpack_publicize_connections":[],"jetpack_featured_media_url":"https:\/\/i0.wp.com\/sportseco.com\/wp-content\/uploads\/2026\/01\/thgaleria_700X400_338603.webp?fit=700%2C394&ssl=1","jetpack_sharing_enabled":true,"_links":{"self":[{"href":"https:\/\/sportseco.com\/index.php?rest_route=\/wp\/v2\/posts\/202866","targetHints":{"allow":["GET"]}}],"collection":[{"href":"https:\/\/sportseco.com\/index.php?rest_route=\/wp\/v2\/posts"}],"about":[{"href":"https:\/\/sportseco.com\/index.php?rest_route=\/wp\/v2\/types\/post"}],"author":[{"embeddable":true,"href":"https:\/\/sportseco.com\/index.php?rest_route=\/wp\/v2\/users\/1"}],"replies":[{"embeddable":true,"href":"https:\/\/sportseco.com\/index.php?rest_route=%2Fwp%2Fv2%2Fcomments&post=202866"}],"version-history":[{"count":1,"href":"https:\/\/sportseco.com\/index.php?rest_route=\/wp\/v2\/posts\/202866\/revisions"}],"predecessor-version":[{"id":202868,"href":"https:\/\/sportseco.com\/index.php?rest_route=\/wp\/v2\/posts\/202866\/revisions\/202868"}],"wp:featuredmedia":[{"embeddable":true,"href":"https:\/\/sportseco.com\/index.php?rest_route=\/wp\/v2\/media\/202867"}],"wp:attachment":[{"href":"https:\/\/sportseco.com\/index.php?rest_route=%2Fwp%2Fv2%2Fmedia&parent=202866"}],"wp:term":[{"taxonomy":"category","embeddable":true,"href":"https:\/\/sportseco.com\/index.php?rest_route=%2Fwp%2Fv2%2Fcategories&post=202866"},{"taxonomy":"post_tag","embeddable":true,"href":"https:\/\/sportseco.com\/index.php?rest_route=%2Fwp%2Fv2%2Ftags&post=202866"}],"curies":[{"name":"wp","href":"https:\/\/api.w.org\/{rel}","templated":true}]}}