{"id":202887,"date":"2026-01-26T13:34:33","date_gmt":"2026-01-26T18:34:33","guid":{"rendered":"https:\/\/sportseco.com\/?p=202887"},"modified":"2026-01-26T13:34:33","modified_gmt":"2026-01-26T18:34:33","slug":"mar-mediterraneo-record-de-calentamiento-y-de-olas-de-calor-marinas-en-2025","status":"publish","type":"post","link":"https:\/\/sportseco.com\/?p=202887","title":{"rendered":"Mar Mediterr\u00e1neo: r\u00e9cord de calentamiento y de olas de calor marinas en 2025"},"content":{"rendered":"\n<p><strong>Palma.- El mar Mediterr\u00e1neo alcanz\u00f3 en 2025 temperaturas del agua de hasta 6,5 grados cent\u00edgrados por encima del promedio del per\u00edodo 1982-2015 en algunas zonas y registr\u00f3 una media de 190 d\u00edas de olas de calor marinas en toda la cuenca, seg\u00fan el Informe Anual 2025 del Sistema de Observaci\u00f3n Costero de las Illes Balears (SOCIB).<\/strong><\/p>\n\n\n\n<p>El informe constata que las Islas Baleares vivieron en 2025 el a\u00f1o con la temperatura superficial del mar m\u00e1s c\u00e1lida de su historia, en un contexto de calentamiento oce\u00e1nico continuado e intensificado en todo el Mediterr\u00e1neo.<\/p>\n\n\n\n<p>Los datos figuran en el informe \u2018Annual Report 2025: Global Warming Impacts in the Mediterranean Sea and Balearic Islands Region\u2019, elaborado a partir de herramientas de monitorizaci\u00f3n de indicadores oce\u00e1nicos y olas de calor marinas del SOCIB, que combinan observaciones satelitales de largo plazo del Servicio Marino de Copernicus con mediciones in situ obtenidas mediante boyas costeras, planeadores submarinos y flotadores perfiladores aut\u00f3nomos.<\/p>\n\n\n\n<h2 class=\"wp-block-heading\">Efectos de la crisis clim\u00e1tica<\/h2>\n\n\n\n<p>Seg\u00fan la cient\u00edfica del SOCIB M\u00e9lanie Juza, el cambio clim\u00e1tico ha tra\u00eddo nuevos r\u00e9cords en 2025 en cuanto a temperaturas oce\u00e1nicas, salinidad y nivel del mar en el Mediterr\u00e1neo, lo que confirma la continuidad y la intensificaci\u00f3n del calentamiento oce\u00e1nico en toda la cuenca y en la columna de agua.<\/p>\n\n\n\n<p>A escala global, 2025 ha sido clasificado como el tercer a\u00f1o m\u00e1s c\u00e1lido registrado, mientras que el per\u00edodo 2023-2025 ha marcado el primer promedio trianual por encima de 1,5 grados cent\u00edgrados respecto a los niveles preindustriales.<\/p>\n\n\n\n<p>Incluso en ausencia del fen\u00f3meno de El Ni\u00f1o, las temperaturas superficiales del mar se han mantenido excepcionalmente elevadas.<\/p>\n\n\n\n<p>En el Mediterr\u00e1neo, las observaciones satelitales del programa Copernicus confirman una tasa de calentamiento a largo plazo de aproximadamente 0,4 grados por d\u00e9cada desde 1982, con una marcada variabilidad regional.<\/p>\n\n\n\n<p>En 2025, la temperatura media anual de la superficie del mar en el conjunto de la cuenca alcanz\u00f3 los 21,1 grados, lo que lo sit\u00faa como el segundo a\u00f1o m\u00e1s c\u00e1lido registrado, solo por detr\u00e1s de 2024.<\/p>\n\n\n\n<h2 class=\"wp-block-heading\">28,4 grados<\/h2>\n\n\n\n<p>Las Islas Baleares figuran entre las regiones m\u00e1s afectadas. Durante una ola de calor marina extrema registrada entre junio y principios de julio, la temperatura superficial media regional alcanz\u00f3 los 28,4 grados el 3 de julio, casi cinco grados por encima del promedio hist\u00f3rico.<\/p>\n\n\n\n<p>Mientras tanto, las boyas costeras registraron temperaturas locales cercanas a los 31 grados, especialmente en aguas pr\u00f3ximas a la costa.<\/p>\n\n\n\n<p>El calentamiento sostenido estuvo acompa\u00f1ado por una ocurrencia excepcional de olas de calor marinas, definidas como per\u00edodos en los que la temperatura superficial del mar supera el percentil 90 de los valores hist\u00f3ricos durante al menos cinco d\u00edas consecutivos.<\/p>\n\n\n\n<p>En 2025, el Mediterr\u00e1neo acumul\u00f3 190 d\u00edas bajo estas condiciones, con intensidades medias que superaron los cuatro grados por encima del promedio del per\u00edodo 1982-2015.<\/p>\n\n\n\n<p>El Mediterr\u00e1neo occidental ha sido una de las zonas m\u00e1s afectadas en junio y julio. El 2 de julio de 2025, las temperaturas superficiales del mar en el \u00e1rea Liguro-Provenzal se situaron de media 6,5 grados por encima de los valores habituales, alcanzando localmente cerca de ocho grados en zonas costeras del golfo de Le\u00f3n.<\/p>\n\n\n\n<h2 class=\"wp-block-heading\">Aumento del nivel del mar<\/h2>\n\n\n\n<p>El informe tambi\u00e9n documenta niveles r\u00e9cord de salinidad en el Mediterr\u00e1neo oriental, asociados al aumento de la evaporaci\u00f3n provocado por aguas m\u00e1s c\u00e1lidas, as\u00ed como una aceleraci\u00f3n en la subida del nivel del mar.<\/p>\n\n\n\n<p>Desde 1993, la tendencia media en la cuenca es de 3,4 cent\u00edmetros por d\u00e9cada, con tasas superiores en algunas subregiones.<\/p>\n\n\n\n<p>En el caso de Baleares, 2025 fue tambi\u00e9n un a\u00f1o r\u00e9cord en cuanto al aumento del nivel del mar, superando los registros alcanzados en 2023 y 2024.<\/p>\n\n\n\n<p>El SOCIB advierte de que el aumento de las temperaturas oce\u00e1nicas y la intensificaci\u00f3n de las olas de calor marinas tienen impactos de gran alcance sobre los ecosistemas marinos y las comunidades costeras, con efectos como una mayor estratificaci\u00f3n, menor disponibilidad de ox\u00edgeno y amenazas para h\u00e1bitats clave como las praderas de Posidonia oce\u00e1nica.<\/p>\n\n\n\n<p>El informe advierte, adem\u00e1s, de riesgos crecientes para sectores econ\u00f3micos como la pesca y el turismo, as\u00ed como una mayor exposici\u00f3n a eventos meteorol\u00f3gicos extremos, inundaciones costeras e impactos sobre la salud humana. EFEverde<\/p>\n\n\n\n<p>ja\/icn<\/p>\n","protected":false},"excerpt":{"rendered":"<p>Palma.- El mar Mediterr\u00e1neo alcanz\u00f3 en 2025 temperaturas del agua de hasta 6,5 grados cent\u00edgrados por encima del promedio del per\u00edodo 1982-2015 en algunas zonas y registr\u00f3 una media de 190 d\u00edas de olas de calor marinas en toda la cuenca, seg\u00fan el Informe Anual 2025 del Sistema de Observaci\u00f3n Costero de las Illes Balears [&hellip;]<\/p>\n","protected":false},"author":1,"featured_media":202888,"comment_status":"open","ping_status":"open","sticky":false,"template":"","format":"standard","meta":{"_acf_changed":false,"_jetpack_memberships_contains_paid_content":false,"footnotes":"","jetpack_publicize_message":"","jetpack_publicize_feature_enabled":true,"jetpack_social_post_already_shared":true,"jetpack_social_options":{"image_generator_settings":{"template":"highway","default_image_id":0,"font":"","enabled":false},"version":2}},"categories":[6],"tags":[],"class_list":["post-202887","post","type-post","status-publish","format-standard","has-post-thumbnail","hentry","category-ecologia"],"acf":[],"jetpack_publicize_connections":[],"jetpack_featured_media_url":"https:\/\/i0.wp.com\/sportseco.com\/wp-content\/uploads\/2026\/01\/Mar-Mediterraneo.-EFE-Pedro-Pablo-G.-May.jpg?fit=1055%2C783&ssl=1","jetpack_sharing_enabled":true,"_links":{"self":[{"href":"https:\/\/sportseco.com\/index.php?rest_route=\/wp\/v2\/posts\/202887","targetHints":{"allow":["GET"]}}],"collection":[{"href":"https:\/\/sportseco.com\/index.php?rest_route=\/wp\/v2\/posts"}],"about":[{"href":"https:\/\/sportseco.com\/index.php?rest_route=\/wp\/v2\/types\/post"}],"author":[{"embeddable":true,"href":"https:\/\/sportseco.com\/index.php?rest_route=\/wp\/v2\/users\/1"}],"replies":[{"embeddable":true,"href":"https:\/\/sportseco.com\/index.php?rest_route=%2Fwp%2Fv2%2Fcomments&post=202887"}],"version-history":[{"count":1,"href":"https:\/\/sportseco.com\/index.php?rest_route=\/wp\/v2\/posts\/202887\/revisions"}],"predecessor-version":[{"id":202889,"href":"https:\/\/sportseco.com\/index.php?rest_route=\/wp\/v2\/posts\/202887\/revisions\/202889"}],"wp:featuredmedia":[{"embeddable":true,"href":"https:\/\/sportseco.com\/index.php?rest_route=\/wp\/v2\/media\/202888"}],"wp:attachment":[{"href":"https:\/\/sportseco.com\/index.php?rest_route=%2Fwp%2Fv2%2Fmedia&parent=202887"}],"wp:term":[{"taxonomy":"category","embeddable":true,"href":"https:\/\/sportseco.com\/index.php?rest_route=%2Fwp%2Fv2%2Fcategories&post=202887"},{"taxonomy":"post_tag","embeddable":true,"href":"https:\/\/sportseco.com\/index.php?rest_route=%2Fwp%2Fv2%2Ftags&post=202887"}],"curies":[{"name":"wp","href":"https:\/\/api.w.org\/{rel}","templated":true}]}}