{"id":202906,"date":"2026-01-27T08:48:42","date_gmt":"2026-01-27T13:48:42","guid":{"rendered":"https:\/\/sportseco.com\/?p=202906"},"modified":"2026-01-27T08:48:42","modified_gmt":"2026-01-27T13:48:42","slug":"memoria-del-holocausto-y-educacion-2026","status":"publish","type":"post","link":"https:\/\/sportseco.com\/?p=202906","title":{"rendered":"Memoria del Holocausto y Educaci\u00f3n 2026"},"content":{"rendered":"\n<p><img data-recalc-dims=\"1\" decoding=\"async\" src=\"https:\/\/i0.wp.com\/www.un.org\/sites\/un2.un.org\/files\/06546_little_boys.jpg?w=640&#038;ssl=1\"\/><em>Retrato de los hermanos Rosenthal, Emanuel, de dos a\u00f1os, y Avram, de cinco, en el gueto de Kovno (Lituania), en febrero de 1944. Llevan un distintivo de identificaci\u00f3n como jud\u00edos. El t\u00edo de los ni\u00f1os, Shraga Wainer, hab\u00eda pedido a otro prisionero del gueto, George Kadish, que les hiciera una foto. Semanas m\u00e1s tarde, ambos ni\u00f1os fueron asesinados en lo que se conoci\u00f3 como \u00abAcci\u00f3n infantil\u00bb del 27 y 28 de marzo, cuando las tropas alemanas y los antiguos soldados sovi\u00e9ticos, la mayor\u00eda de los cuales hab\u00edan sido prisioneros de guerra, capturaron a todos los ni\u00f1os menores de 12 a\u00f1os, a los enfermos y a los ancianos del gueto. Las 1300 v\u00edctimas fueron fusiladas en el Noveno Fuerte, o bien deportadas a un lugar desconocido donde fueron asesinadas. Wainer y Kadish sobrevivieron al Holocausto. Al terminar la guerra, Kadish le entreg\u00f3 una copia de la fotograf\u00eda a Wainer en el campo de desplazados de Landsberg. La fotograf\u00eda pervive, como reflejo del amor de un t\u00edo y de la persistencia en preservar la humanidad ante los esfuerzos antisemitas por eliminarla. Cr\u00e9dito: Museo Memorial del Holocausto de los Estados Unidos, cortes\u00eda de Shraga Wainer.<\/em><\/p>\n\n\n\n<hr class=\"wp-block-separator has-alpha-channel-opacity\"\/>\n\n\n\n<h2 class=\"wp-block-heading\"><br \/>Tema: Memoria del Holocausto por la dignidad y los derechos humanos<\/h2>\n\n\n\n<p>El tema \u00abMemoria del Holocausto por la dignidad y los derechos humanos\u00bb servir\u00e1 de gu\u00eda para las actividades de conmemoraci\u00f3n y educaci\u00f3n sobre el Holocausto de las Naciones Unidas en 2026. La memoria dignifica a las v\u00edctimas y los supervivientes del Holocausto. Mantiene vivo el recuerdo de las comunidades, las tradiciones y los seres queridos que los nazis intentaron eliminar. El Holocausto nos recuerda hasta d\u00f3nde pueden llegar el antisemitismo, el odio, la deshumanizaci\u00f3n y la indiferencia cuando no se les pone freno. &nbsp;M\u00e1s de ochenta a\u00f1os despu\u00e9s del Holocausto, somos testigos de agresiones diarias contra nuestros conciudadanos de todo el mundo. Repuntan el antisemitismo y el odio. Persiste la negaci\u00f3n y la distorsi\u00f3n del Holocausto. La recordaci\u00f3n del Holocausto pone en evidencia la negaci\u00f3n y la distorsi\u00f3n, rechaza las afirmaciones falsas, se enfrenta al odio e insiste en la humanidad de las v\u00edctimas. La defensa de los derechos universales es fundamental para una paz sostenible y es la esencia misma de las Naciones Unidas. Al recordar a las v\u00edctimas del Holocausto, reafirmamos nuestra humanidad compartida y nos comprometemos a defender la dignidad y los derechos humanos de todas las personas.<\/p>\n\n\n\n<hr class=\"wp-block-separator has-alpha-channel-opacity\"\/>\n\n\n\n<h2 class=\"wp-block-heading\">&nbsp;<\/h2>\n\n\n\n<h2 class=\"wp-block-heading\">Calendario de eventos<\/h2>\n\n\n\n<h3 class=\"wp-block-heading\">&nbsp;<\/h3>\n\n\n\n<h3 class=\"wp-block-heading\"><a href=\"https:\/\/www.un.org\/es\/node\/add\/page?translation=237025&amp;target=es\"><strong>Enero y&nbsp;febrero<\/strong><\/a><\/h3>\n\n\n\n<h3 class=\"wp-block-heading\"><strong>Martes, 27 de enero de 2026<\/strong><\/h3>\n\n\n\n<h3 class=\"wp-block-heading\"><strong>Conmemoraci\u00f3n del Holocausto en las Naciones Unidas<\/strong><\/h3>\n\n\n\n<p><strong>11:00 h (hora de Nueva York), Sal\u00f3n de la Asamblea General, Sede de las Naciones Unidas<\/strong><\/p>\n\n\n\n<p>La ceremonia conmemorativa del Holocausto tendr\u00e1 lugar el D\u00eda Internacional de Conmemoraci\u00f3n en memoria de las v\u00edctimas del Holocausto. La ceremonia estar\u00e1 presidida por Melissa Fleming, Secretaria General Adjunta de Comunicaci\u00f3n Global de las Naciones Unidas. Supervivientes del Holocausto compartir\u00e1n sus testimonios junto con otros invitados, entre ellos, el Secretario General de las Naciones Unidas, la Presidenta del 80.\u00ba per\u00edodo de sesiones de la Asamblea General y representantes de los Estados Miembros. &nbsp;<\/p>\n\n\n\n<p><strong><a href=\"https:\/\/forms.cloud.microsoft\/e\/k8k4Wt1YMX\"><u>Inscr\u00edbase antes del 18 de enero de 2026&nbsp;<\/u><\/a>&nbsp;<\/strong>|<strong>&nbsp;Siga el evento en&nbsp;<a href=\"https:\/\/webtv.un.org\/en\/asset\/k1x\/k1xip44jo7?_gl=1*1cnpg2g*_ga*NDM1ODE0MjAyLjE3MjU0NzQzNzc.*_ga_TK9BQL5X7Z*czE3NjU4MjU4OTMkbzYyNSRnMSR0MTc2NTgyODA3MSRqNjAkbDAkaDA.\">UN WebTV<\/a>, YouTube&nbsp;y X<\/strong><\/p>\n\n\n\n<h3 class=\"wp-block-heading\"><strong>Del 15 de enero al 20 de febrero de 2026<\/strong><\/h3>\n\n\n\n<h3 class=\"wp-block-heading\"><strong>Exposici\u00f3n:&nbsp;<em>Entre la vida y la muerte: historias de salvamento durante el Holocausto<\/em><\/strong><\/h3>\n\n\n\n<p><strong>Vest\u00edbulo de visitantes, Sede de las Naciones Unidas<\/strong><\/p>\n\n\n\n<p>La exposici\u00f3n presenta las historias de supervivientes y salvadores y explora la complejidad de las relaciones humanas durante el Holocausto, concretamente durante la Segunda Guerra Mundial. La exposici\u00f3n incluye testimonios de trece pa\u00edses europeos y recoge las actuaciones de diplom\u00e1ticos de once pa\u00edses. La exposici\u00f3n ofrece una visi\u00f3n del contexto hist\u00f3rico m\u00e1s amplio que permite profundizar en la comprensi\u00f3n de las diversas posibilidades de supervivencia y los esfuerzos para salvar a personas que se dieron en cada lugar. La exposici\u00f3n ha sido comisariada por la Red Europea de Memoria y Solidaridad (ENRS), en colaboraci\u00f3n con el Museo POLIN de la Historia de los Jud\u00edos Polacos de Varsovia y el Centro Conmemorativo de los H\u00e9roes Silenciosos de Berl\u00edn.&nbsp;<\/p>\n\n\n\n<h3 class=\"wp-block-heading\"><strong>Del 15 de enero al 8 de febrero de 2026<\/strong><\/h3>\n\n\n\n<h3 class=\"wp-block-heading\"><strong>Exposici\u00f3n:<em>&nbsp;Conmemoraci\u00f3n del Holocausto: un compromiso con la verdad<\/em><\/strong><\/h3>\n\n\n\n<p><strong>Vest\u00edbulo de visitantes, Sede de las Naciones Unidas<\/strong><\/p>\n\n\n\n<p>A trav\u00e9s de testimonios de supervivientes y de fotograf\u00edas, esta exposici\u00f3n documenta la persecuci\u00f3n y destrucci\u00f3n sistem\u00e1ticas de familias, comunidades y tradiciones jud\u00edas por parte de los nazis y sus aliados. La exposici\u00f3n da testimonio del sufrimiento de roman\u00edes y sinti, as\u00ed como de otros grupos que fueron objeto del odio racista y la ideolog\u00eda supremacista. La exposici\u00f3n ilustra el valor de las v\u00edctimas para resistir la deshumanizaci\u00f3n y de quienes intentaron ayudarles. &nbsp;La exposici\u00f3n est\u00e1 comisariada por el Programa de Divulgaci\u00f3n sobre el Holocausto y las Naciones Unidas, del Departamento de Comunicaci\u00f3n Global de las Naciones Unidas.<\/p>\n\n\n\n<h3 class=\"wp-block-heading\">&nbsp;<\/h3>\n\n\n\n<h3 class=\"wp-block-heading\"><strong>Exposici\u00f3n:<em>&nbsp;Para que no olvidemos<\/em><\/strong><\/h3>\n\n\n\n<p><strong>Vest\u00edbulo de visitantes, Sede de las Naciones Unidas<\/strong><\/p>\n\n\n\n<p>En esta exposici\u00f3n pueden contemplarse momentos en los que reinaban la bondad y la compasi\u00f3n, la alegr\u00eda de vivir y los lazos estrechos que exist\u00edan en las familias y comunidades jud\u00edas antes del Holocausto. Las fotograf\u00edas son una prueba fehaciente de la profunda y terrible p\u00e9rdida y de la destrucci\u00f3n que causaron los nazis y sus colaboradores racistas durante el Holocausto, en su intento de aniquilar cualquier rastro de vida, tradiciones, comunidades, hogares, familias y personas jud\u00edas. Las fotograf\u00edas reflejan la humanidad de las v\u00edctimas del Holocausto y subrayan la magnitud de la destrucci\u00f3n de los nazis y sus c\u00f3mplices racistas. Esas im\u00e1genes son un recordatorio de nuestra humanidad com\u00fan y de nuestra responsabilidad de defender el derecho de todas las personas a vivir con dignidad y en paz.&nbsp;<br \/>La exposici\u00f3n est\u00e1 comisariada por el Programa de Divulgaci\u00f3n sobre el Holocausto y las Naciones Unidas, del Departamento de Comunicaci\u00f3n Global de las Naciones Unidas.&nbsp;<\/p>\n\n\n\n<p><strong>Las exposiciones son gratuitas y est\u00e1n abiertas al p\u00fablico. No es necesario inscribirse. Para m\u00e1s informaci\u00f3n sobre c\u00f3mo visitar las exposiciones, consulte la p\u00e1gina&nbsp;<a href=\"https:\/\/www.un.org\/es\/page\/preguntas-m%C3%A1s-frecuentes-visitantes\">Exposiciones de las Naciones Unidas<\/a>.&nbsp;<\/strong><\/p>\n\n\n\n<h3 class=\"wp-block-heading\"><strong>Martes, 27 de enero de 2026<\/strong><\/h3>\n\n\n\n<h3 class=\"wp-block-heading\">Proyecci\u00f3n de pel\u00edcula y debate:<em>&nbsp;Los \u00faltimos de Auschwitz&nbsp;<\/em><strong><em><a><\/a>&nbsp;<\/em><\/strong><\/h3>\n\n\n\n<p><strong>Solo con invitaci\u00f3n<\/strong><\/p>\n\n\n\n<p>En este documental de 70 minutos, dirigido y producido por Sophie Nahum, Leslie Benitah y Bob Rayers, 28 de los \u00faltimos testigos del campo de concentraci\u00f3n y exterminio nazi alem\u00e1n de Auschwitz Birkenau hablan sobre su infancia durante el Holocausto y el per\u00edodo posterior, adem\u00e1s de reflexionar sobre el presente.&nbsp;<\/p>\n\n\n\n<h3 class=\"wp-block-heading\"><strong>Jueves, 29 de enero de 2026<\/strong><\/h3>\n\n\n\n<h3 class=\"wp-block-heading\"><strong>Mesa redonda:&nbsp;<em>La memoria del Holocausto hoy: una responsabilidad viva<\/em><\/strong><\/h3>\n\n\n\n<p><strong>19:00 horas (hora de Nueva York), Centro de Historia Jud\u00eda, 15 W 16th Street, Nueva York, NY 10011<\/strong><\/p>\n\n\n\n<p>En el marco de la exposici\u00f3n&nbsp;<em>Entre la vida y la muerte. Historias de salvamento durante el Holocausto &nbsp;<\/em>de las Naciones Unidas, se celebra una mesa redonda en el Centro de Historia Jud\u00eda bajo el t\u00edtulo&nbsp;<em>La memoria del Holocausto hoy: una responsabilidad viva<\/em>. La superviviente del Holocausto El\u017cbieta Ficowska y los historiadores Jay Winter y Daniel Blatman analizar\u00e1n c\u00f3mo ha evolucionado la recordaci\u00f3n del Holocausto, c\u00f3mo se pueden compartir las historias de los salvadores y los supervivientes con las generaciones m\u00e1s j\u00f3venes y c\u00f3mo se pueden abordar retos como la desinformaci\u00f3n, la inteligencia artificial y el paulatino desvanecimiento de la memoria viva. La mesa redonda se celebra en conjunci\u00f3n con la exposici\u00f3n Entre la vida y la muerte: historias de salvamento durante el Holocausto, que se exhibe en la sede de las Naciones Unidas. El debate est\u00e1 organizado conjuntamente por la Red Europea de Memoria y Solidaridad (ENRS), el Instituto YIVO para la Investigaci\u00f3n Jud\u00eda y el Centro de Historia Jud\u00eda, junto con el Programa de Divulgaci\u00f3n sobre el Holocausto y las Naciones Unidas. Cuenta con el apoyo de la Fundaci\u00f3n Sousa Mendes.<\/p>\n\n\n\n<p><strong><a href=\"https:\/\/yivo.org\/Holocaust-Remembrance\">Inscr\u00edbase&nbsp;<\/a><\/strong><\/p>\n\n\n\n<p>un.org<\/p>\n","protected":false},"excerpt":{"rendered":"<p>Retrato de los hermanos Rosenthal, Emanuel, de dos a\u00f1os, y Avram, de cinco, en el gueto de Kovno (Lituania), en febrero de 1944. Llevan un distintivo de identificaci\u00f3n como jud\u00edos. El t\u00edo de los ni\u00f1os, Shraga Wainer, hab\u00eda pedido a otro prisionero del gueto, George Kadish, que les hiciera una foto. Semanas m\u00e1s tarde, ambos [&hellip;]<\/p>\n","protected":false},"author":1,"featured_media":202907,"comment_status":"open","ping_status":"open","sticky":false,"template":"","format":"standard","meta":{"_acf_changed":false,"_jetpack_memberships_contains_paid_content":false,"footnotes":"","jetpack_publicize_message":"","jetpack_publicize_feature_enabled":true,"jetpack_social_post_already_shared":true,"jetpack_social_options":{"image_generator_settings":{"template":"highway","default_image_id":0,"font":"","enabled":false},"version":2}},"categories":[108],"tags":[],"class_list":["post-202906","post","type-post","status-publish","format-standard","has-post-thumbnail","hentry","category-dia-mundial"],"acf":[],"jetpack_publicize_connections":[],"jetpack_featured_media_url":"https:\/\/i0.wp.com\/sportseco.com\/wp-content\/uploads\/2026\/01\/06546_little_boys-scaled.jpg?fit=2560%2C1647&ssl=1","jetpack_sharing_enabled":true,"_links":{"self":[{"href":"https:\/\/sportseco.com\/index.php?rest_route=\/wp\/v2\/posts\/202906","targetHints":{"allow":["GET"]}}],"collection":[{"href":"https:\/\/sportseco.com\/index.php?rest_route=\/wp\/v2\/posts"}],"about":[{"href":"https:\/\/sportseco.com\/index.php?rest_route=\/wp\/v2\/types\/post"}],"author":[{"embeddable":true,"href":"https:\/\/sportseco.com\/index.php?rest_route=\/wp\/v2\/users\/1"}],"replies":[{"embeddable":true,"href":"https:\/\/sportseco.com\/index.php?rest_route=%2Fwp%2Fv2%2Fcomments&post=202906"}],"version-history":[{"count":1,"href":"https:\/\/sportseco.com\/index.php?rest_route=\/wp\/v2\/posts\/202906\/revisions"}],"predecessor-version":[{"id":202908,"href":"https:\/\/sportseco.com\/index.php?rest_route=\/wp\/v2\/posts\/202906\/revisions\/202908"}],"wp:featuredmedia":[{"embeddable":true,"href":"https:\/\/sportseco.com\/index.php?rest_route=\/wp\/v2\/media\/202907"}],"wp:attachment":[{"href":"https:\/\/sportseco.com\/index.php?rest_route=%2Fwp%2Fv2%2Fmedia&parent=202906"}],"wp:term":[{"taxonomy":"category","embeddable":true,"href":"https:\/\/sportseco.com\/index.php?rest_route=%2Fwp%2Fv2%2Fcategories&post=202906"},{"taxonomy":"post_tag","embeddable":true,"href":"https:\/\/sportseco.com\/index.php?rest_route=%2Fwp%2Fv2%2Ftags&post=202906"}],"curies":[{"name":"wp","href":"https:\/\/api.w.org\/{rel}","templated":true}]}}