{"id":202926,"date":"2026-01-27T09:40:00","date_gmt":"2026-01-27T14:40:00","guid":{"rendered":"https:\/\/sportseco.com\/?p=202926"},"modified":"2026-01-27T09:40:00","modified_gmt":"2026-01-27T14:40:00","slug":"con-jornadas-pedagogicas-gobernacion-fortalece-la-conciencia-ambiental-de-los-vallecaucanos","status":"publish","type":"post","link":"https:\/\/sportseco.com\/?p=202926","title":{"rendered":"Con jornadas pedag\u00f3gicas, gobernaci\u00f3n fortalece la conciencia ambiental de los vallecaucanos"},"content":{"rendered":"\n<figure class=\"wp-block-image\"><img data-recalc-dims=\"1\" decoding=\"async\" src=\"https:\/\/i0.wp.com\/www.valledelcauca.gov.co\/info\/gobvalle\/media\/pubInt\/thumbs\/thpubInt_700X400_88309.webp?w=640&#038;ssl=1\" alt=\"Con jornadas pedag\u00f3gicas, gobernaci\u00f3n fortalece la conciencia ambiental de los vallecaucanos\" title=\"Con jornadas pedag\u00f3gicas, gobernaci\u00f3n fortalece la conciencia ambiental de los vallecaucanos\"\/><\/figure>\n\n\n\n<p><strong>Santiago de Cali, enero 26 de 2026.<\/strong>&nbsp;Un total de 77 personas participaron el pasado fin de semana en dos jornadas pedag\u00f3gicas ambientales realizadas en los r\u00edos Yumbo y Pance, actividades lideradas por Inciva con el prop\u00f3sito de reflexionar sobre la importancia de proteger los ecosistemas.<\/p>\n\n\n\n<p>\u201cGracias a la visi\u00f3n de conservaci\u00f3n del patrimonio natural del Valle del Cauca por parte de&nbsp;<a href=\"http:\/\/www.valledelcauca.gov.co\/\">la gobernadora<\/a>&nbsp;Dilian Francisca Toro, se desarrollaron con \u00e9xito dos jornadas pedag\u00f3gicas ambientales en el corregimiento de Pance y el municipio de Yumbo, orientadas a promover el reconocimiento, cuidado y conservaci\u00f3n de la naturaleza, as\u00ed como la consolidaci\u00f3n de la gobernanza ambiental\u201d, explic\u00f3 Emily V\u00e9lez, directora de Inciva<\/p>\n\n\n\n<p>&nbsp; &nbsp; &nbsp; &nbsp; &nbsp; &nbsp; &nbsp;&nbsp;<a href=\"https:\/\/whatsapp.com\/channel\/0029VZzdGgUJP20xwbpJaP1G\">\u00daNETE A NUESTRO CANAL DE WHATSAPP<\/a><\/p>\n\n\n\n<p>Durante estas jornadas se utilizaron diferentes din\u00e1micas que fueron clave para sensibilizar sobre la conservaci\u00f3n de los entornos y distintos recursos naturales, promoviendo la adopci\u00f3n de pr\u00e1cticas responsables y sostenibles para el cuidado del medio ambiente.<\/p>\n\n\n\n<p>\u201cEn la actividad realizada en Pance se cont\u00f3 con la participaci\u00f3n de 43 personas,&nbsp;<strong>quienes realizaron un recorrido por el r\u00edo y comprendieron la importancia de este afluente como un ecosistema estrat\u00e9gico de alto valor ambiental y social<\/strong>. Por su parte, en Yumbo, los 34 asistentes realizaron un recorrido ecol\u00f3gico por la ronda del r\u00edo, generando espacios de sensibilizaci\u00f3n y di\u00e1logo sobre la importancia de la protecci\u00f3n y la adopci\u00f3n de pr\u00e1cticas responsables y sostenibles para el cuidado del medio ambiente\u201d, mencion\u00f3 la funcionaria.<\/p>\n\n\n\n<p>Willington Montero, presidente de la Junta de Acci\u00f3n Comunal del barrio La Trinidad 1, resalt\u00f3 el acompa\u00f1amiento del Gobierno departamental afirmando que \u201cestas charlas son muy importantes porque nos ayudan a preservar y a cuidar nuestra fauna y flora.&nbsp;<strong>Adem\u00e1s, contamos con grupos de apoyo tan bonitos como Inciva, desde la Gobernaci\u00f3n, el cual es un pilar en este sector porque ha sido siempre part\u00edcipe de ayudar y preservar el medio ambiente<\/strong>\u201d.<\/p>\n\n\n\n<p>Mar\u00eda Zulay Mu\u00f1oz, habitante de Yumbo, por su parte asegur\u00f3 que \u201c<strong>lo que se ha aprendido sobre el cuidado del agua es bastante valioso y muy interesante, y aporta mucho para nosotros educar a los ni\u00f1os en los colegios y a la comunidad que estamos impactando<\/strong>\u201d.<\/p>\n\n\n\n<p>\u201c<strong>Con acciones como estas ratificamos nuestro compromiso con el fortalecimiento de la gobernanza ambiental&nbsp;<\/strong>y de esta manera seguir construyendo nuestro para\u00edso de todos\u201d, concluy\u00f3 la directora de Inciva.&nbsp;&nbsp;<\/p>\n\n\n\n<p><strong><em>Oficina de Comunicaciones&nbsp;<\/em><br \/>Gobernaci\u00f3n del Valle del Cauca<\/strong><\/p>\n\n\n\n<p>valledelcauca.gov.co<\/p>\n","protected":false},"excerpt":{"rendered":"<p>Santiago de Cali, enero 26 de 2026.&nbsp;Un total de 77 personas participaron el pasado fin de semana en dos jornadas pedag\u00f3gicas ambientales realizadas en los r\u00edos Yumbo y Pance, actividades lideradas por Inciva con el prop\u00f3sito de reflexionar sobre la importancia de proteger los ecosistemas. \u201cGracias a la visi\u00f3n de conservaci\u00f3n del patrimonio natural del [&hellip;]<\/p>\n","protected":false},"author":1,"featured_media":202927,"comment_status":"open","ping_status":"open","sticky":false,"template":"","format":"standard","meta":{"_acf_changed":false,"_jetpack_memberships_contains_paid_content":false,"footnotes":"","jetpack_publicize_message":"","jetpack_publicize_feature_enabled":true,"jetpack_social_post_already_shared":true,"jetpack_social_options":{"image_generator_settings":{"template":"highway","default_image_id":0,"font":"","enabled":false},"version":2}},"categories":[6],"tags":[],"class_list":["post-202926","post","type-post","status-publish","format-standard","has-post-thumbnail","hentry","category-ecologia"],"acf":[],"jetpack_publicize_connections":[],"jetpack_featured_media_url":"https:\/\/i0.wp.com\/sportseco.com\/wp-content\/uploads\/2026\/01\/thpubInt_700X400_88309.webp?fit=533%2C400&ssl=1","jetpack_sharing_enabled":true,"_links":{"self":[{"href":"https:\/\/sportseco.com\/index.php?rest_route=\/wp\/v2\/posts\/202926","targetHints":{"allow":["GET"]}}],"collection":[{"href":"https:\/\/sportseco.com\/index.php?rest_route=\/wp\/v2\/posts"}],"about":[{"href":"https:\/\/sportseco.com\/index.php?rest_route=\/wp\/v2\/types\/post"}],"author":[{"embeddable":true,"href":"https:\/\/sportseco.com\/index.php?rest_route=\/wp\/v2\/users\/1"}],"replies":[{"embeddable":true,"href":"https:\/\/sportseco.com\/index.php?rest_route=%2Fwp%2Fv2%2Fcomments&post=202926"}],"version-history":[{"count":1,"href":"https:\/\/sportseco.com\/index.php?rest_route=\/wp\/v2\/posts\/202926\/revisions"}],"predecessor-version":[{"id":202928,"href":"https:\/\/sportseco.com\/index.php?rest_route=\/wp\/v2\/posts\/202926\/revisions\/202928"}],"wp:featuredmedia":[{"embeddable":true,"href":"https:\/\/sportseco.com\/index.php?rest_route=\/wp\/v2\/media\/202927"}],"wp:attachment":[{"href":"https:\/\/sportseco.com\/index.php?rest_route=%2Fwp%2Fv2%2Fmedia&parent=202926"}],"wp:term":[{"taxonomy":"category","embeddable":true,"href":"https:\/\/sportseco.com\/index.php?rest_route=%2Fwp%2Fv2%2Fcategories&post=202926"},{"taxonomy":"post_tag","embeddable":true,"href":"https:\/\/sportseco.com\/index.php?rest_route=%2Fwp%2Fv2%2Ftags&post=202926"}],"curies":[{"name":"wp","href":"https:\/\/api.w.org\/{rel}","templated":true}]}}