{"id":202954,"date":"2026-01-27T16:03:18","date_gmt":"2026-01-27T21:03:18","guid":{"rendered":"https:\/\/sportseco.com\/?p=202954"},"modified":"2026-01-27T16:03:18","modified_gmt":"2026-01-27T21:03:18","slug":"carlo-buontempo-copernicus-vamos-disparados-a-pasar-el-grado-y-medio-en-los-proximos-cinco-anos","status":"publish","type":"post","link":"https:\/\/sportseco.com\/?p=202954","title":{"rendered":"Carlo Buontempo (Copernicus): \u00abVamos disparados a pasar el grado y medio en los pr\u00f3ximos cinco a\u00f1os\u00bb"},"content":{"rendered":"\n<p>Mari Navas<\/p>\n\n\n\n<p><strong>Madrid.- Con una tendencia \u00abclara\u00bb al calentamiento de la Tierra, la pregunta para Carlo Buontempo ya no es si se sobrepasar\u00e1 el l\u00edmite de 1,5 grados que recoge el Acuerdo de Par\u00eds, algo que \u00abvamos disparados a pasar\u00bb en los pr\u00f3ximos cinco a\u00f1os, sino c\u00f3mo se gestiona esta transici\u00f3n y si existe voluntad para terminar el siglo por debajo de esta marca.<\/strong><\/p>\n\n\n\n<p>As\u00ed lo ha se\u00f1alado en una entrevista a EFEverde el director del Servicio de Cambio Clim\u00e1tico de Copernicus (C3S) -el programa de observaci\u00f3n de la Tierra de la Uni\u00f3n Europea-, que en su informe anual, presentado hace unas semanas, constat\u00f3 que 2025 fue el tercero m\u00e1s c\u00e1lido de la historia.<br \/>https:\/\/www.youtube.com\/embed\/t5ckAMz2am8<\/p>\n\n\n\n<p>Seg\u00fan los datos del organismo europeo, la temperatura del trienio comprendido entre 2023 y 2025 super\u00f3 de media los 1,5 grados en comparaci\u00f3n con el nivel preindustrial y los \u00faltimos 11 a\u00f1os han sido los m\u00e1s c\u00e1lidos desde que hay registros.<\/p>\n\n\n\n<h2 class=\"wp-block-heading\">Una tendencia clara<\/h2>\n\n\n\n<p>Una tendencia que va a continuar, ya que, seg\u00fan explica Buontempo, estos \u00faltimos a\u00f1os \u00abpueden ser el principio de un ritmo nuevo de calentamiento\u00bb.<\/p>\n\n\n\n<p>\u00abEs muy probable que el pr\u00f3ximo a\u00f1o tengamos 12, porque la temperatura va subiendo y es un poco inevitable que lo veamos. No es solo un extremo estad\u00edstico, es la consecuencia natural del calentamiento generalizado del clima\u00bb, ha asegurado Buontempo.<\/p>\n\n\n\n<p>Una de las se\u00f1ales de esta \u00abtendencia al calentamiento clara\u00bb, en su opini\u00f3n, es que en 2025 no se dio El Ni\u00f1o y, a\u00fan as\u00ed, fue el tercer a\u00f1o m\u00e1s c\u00e1lido a muy poco de los dos anteriores: \u00abA pesar de El Ni\u00f1o, seguimos estando en temperaturas s\u00faper altas\u00bb.<\/p>\n\n\n\n<p>Por ello, para Buontempo \u00abno hay manera f\u00edsica de que la temperatura se quede por debajo [de los 1,5 grados] de manera estable y la tendencia apunta a que se superar\u00e1 el l\u00edmite que recoge el Acuerdo de Par\u00eds en 2029, antes de que finalice esta d\u00e9cada.<\/p>\n\n\n\n<p>\u00abEs bastante significativo porque el mismo c\u00e1lculo hecho hace 10 a\u00f1os, cuando se firm\u00f3 el Acuerdo de Par\u00eds, nos indicaba que se pod\u00eda pasar ese umbral a lo mejor a finales de los 40. Se ha acelerado mucho\u00bb, ha continuado.<\/p>\n\n\n\n<h2 class=\"wp-block-heading\">Necesidad de voluntad pol\u00edtica<\/h2>\n\n\n\n<p>En este contexto, el desaf\u00edo actual es gestionar esta transici\u00f3n y se act\u00faa para limitar al m\u00e1ximo este calentamiento: \u00abSi tenemos una voluntad muy fuerte y una capacidad t\u00e9cnica muy alta, a lo mejor hay una peque\u00f1a posibilidad de quedar por debajo del grado y medio al final del siglo, pero es extremadamente dif\u00edcil, cada d\u00eda m\u00e1s\u00bb.<\/p>\n\n\n\n<p>Para ellos, el cient\u00edfico insiste en que es necesaria voluntad, ya que decisiones pol\u00edticas como lo que se quiere emitir o de instrumentos como puede ser la captura de carbono, pueden \u00abalterar el camino clim\u00e1tico que se est\u00e1 siguiendo\u00bb, con escenarios que plantean que se podr\u00edan llegar hasta a alcanzar un aumento de la temperatura de cuatro grados a final de siglo.<\/p>\n\n\n\n<p>\u00abSi miramos lo que han sido los acuerdos hasta ahora, yo dir\u00eda que esta voluntad pol\u00edtica de hacer un cambio de rumbo radical, a lo mejor porque puede ser caro e impopular, pero esta voluntad pol\u00edtica no ha sido tan fuerte como hubiera podido ser\u00bb, ha continuado.<\/p>\n\n\n\n<p>Todo, pese a que los cient\u00edficos s\u00ed que han hecho su trabajo: \u00abNuestro trabajo es sacar la informaci\u00f3n, hacer las observaciones y mejoras que podemos y proporcionar esta informaci\u00f3n de la manera m\u00e1s clara disponible. Y despu\u00e9s los pol\u00edticos que, por cierto, est\u00e1n elegidos por nosotros, tienen el trabajo de decidir c\u00f3mo utilizar esta informaci\u00f3n. Yo hago mi trabajo, espero que los pol\u00edticos hagan lo mismo\u00bb.<\/p>\n\n\n\n<p>El director del C3S tambi\u00e9n ha pedido abordar el cambio clim\u00e1tico desde \u00abuna \u00f3ptica distinta\u00bb para cambiar la discusi\u00f3n y mostrar c\u00f3mo la informaci\u00f3n clim\u00e1tica es una ventaja econ\u00f3mica, t\u00e9cnica, que permite gestionar mejor el riesgo, salva vidas y reduce el gasto.<\/p>\n\n\n\n<p>Todo ello en un mundo en el discurso contra el cambio clim\u00e1tico ha tomado protagonismo -Donald Trump es el mejor ejemplo de ello- y en el que los cient\u00edficos se han convertido en la diana de las cr\u00edticas, aunque Buontempo que las ignora.<\/p>\n\n\n\n<h2 class=\"wp-block-heading\">Un mayor impacto<\/h2>\n\n\n\n<p>En un mundo en la que la temperatura global sigue subiendo, a Espa\u00f1a le esperan \u00abolas de calor m\u00e1s intensas que durar\u00e1n m\u00e1s y que empezar\u00e1n antes del verano, incendios, falta de agua o temperaturas extremas\u00bb, fen\u00f3menos que ya se est\u00e1n dando pero que \u00abvan a ser peor al subir la temperatura\u00bb.<\/p>\n\n\n\n<p>Entre estos impactos, Buontempo pone el foco en la subida del nivel del mar ya que, frente a otros datos que se ven afectados por mucho ruido que provocan oscilaciones, esta tendencia se mantiene a\u00f1o a a\u00f1o: \u00abEl impacto sobre nuestra actividad, en nuestra infraestructura, en nuestra ciudad es enorme, gigante\u00bb.<\/p>\n\n\n\n<p>Por ello, nuestra capacidad de adaptaci\u00f3n, que ha mejorado mucho en los \u00faltimos a\u00f1os, tiene que seguir haci\u00e9ndolo, no solo para adaptar las ciudades, sino tambi\u00e9n \u00abpara asistir y reducir la exposici\u00f3n de la gente m\u00e1s vulnerable\u00bb.<\/p>\n\n\n\n<p>Mientras tanto, el mundo afrontar\u00e1 un 2026 en el que, aunque \u00abtodav\u00eda es temprano para decirlo\u00bb, cabe la posibilidad de que se convierta en un nuevo a\u00f1o r\u00e9cord si se da El Ni\u00f1o. A\u00fan as\u00ed, el cient\u00edfico ha insistido en que todav\u00eda se puede cambiar la trayectoria.<\/p>\n\n\n\n<p>\u00abNo hicimos los deberes hace 20 a\u00f1os, no lo hicimos hace 10 a\u00f1os y seguimos no haci\u00e9ndolo bien, pero siempre podemos cambiar, \u00bfno?\u00bb, ha sentenciado. EFEverde<\/p>\n","protected":false},"excerpt":{"rendered":"<p>Mari Navas Madrid.- Con una tendencia \u00abclara\u00bb al calentamiento de la Tierra, la pregunta para Carlo Buontempo ya no es si se sobrepasar\u00e1 el l\u00edmite de 1,5 grados que recoge el Acuerdo de Par\u00eds, algo que \u00abvamos disparados a pasar\u00bb en los pr\u00f3ximos cinco a\u00f1os, sino c\u00f3mo se gestiona esta transici\u00f3n y si existe voluntad [&hellip;]<\/p>\n","protected":false},"author":1,"featured_media":202955,"comment_status":"open","ping_status":"open","sticky":false,"template":"","format":"standard","meta":{"_acf_changed":false,"_jetpack_memberships_contains_paid_content":false,"footnotes":"","jetpack_publicize_message":"","jetpack_publicize_feature_enabled":true,"jetpack_social_post_already_shared":true,"jetpack_social_options":{"image_generator_settings":{"template":"highway","default_image_id":0,"font":"","enabled":false},"version":2}},"categories":[6],"tags":[],"class_list":["post-202954","post","type-post","status-publish","format-standard","has-post-thumbnail","hentry","category-ecologia"],"acf":[],"jetpack_publicize_connections":[],"jetpack_featured_media_url":"https:\/\/i0.wp.com\/sportseco.com\/wp-content\/uploads\/2026\/01\/carlo-buontempo-ecmwf-copernicus-climate-2.jpg?fit=1920%2C1280&ssl=1","jetpack_sharing_enabled":true,"_links":{"self":[{"href":"https:\/\/sportseco.com\/index.php?rest_route=\/wp\/v2\/posts\/202954","targetHints":{"allow":["GET"]}}],"collection":[{"href":"https:\/\/sportseco.com\/index.php?rest_route=\/wp\/v2\/posts"}],"about":[{"href":"https:\/\/sportseco.com\/index.php?rest_route=\/wp\/v2\/types\/post"}],"author":[{"embeddable":true,"href":"https:\/\/sportseco.com\/index.php?rest_route=\/wp\/v2\/users\/1"}],"replies":[{"embeddable":true,"href":"https:\/\/sportseco.com\/index.php?rest_route=%2Fwp%2Fv2%2Fcomments&post=202954"}],"version-history":[{"count":1,"href":"https:\/\/sportseco.com\/index.php?rest_route=\/wp\/v2\/posts\/202954\/revisions"}],"predecessor-version":[{"id":202956,"href":"https:\/\/sportseco.com\/index.php?rest_route=\/wp\/v2\/posts\/202954\/revisions\/202956"}],"wp:featuredmedia":[{"embeddable":true,"href":"https:\/\/sportseco.com\/index.php?rest_route=\/wp\/v2\/media\/202955"}],"wp:attachment":[{"href":"https:\/\/sportseco.com\/index.php?rest_route=%2Fwp%2Fv2%2Fmedia&parent=202954"}],"wp:term":[{"taxonomy":"category","embeddable":true,"href":"https:\/\/sportseco.com\/index.php?rest_route=%2Fwp%2Fv2%2Fcategories&post=202954"},{"taxonomy":"post_tag","embeddable":true,"href":"https:\/\/sportseco.com\/index.php?rest_route=%2Fwp%2Fv2%2Ftags&post=202954"}],"curies":[{"name":"wp","href":"https:\/\/api.w.org\/{rel}","templated":true}]}}