{"id":202965,"date":"2026-01-28T08:29:45","date_gmt":"2026-01-28T13:29:45","guid":{"rendered":"https:\/\/sportseco.com\/?p=202965"},"modified":"2026-01-28T08:29:45","modified_gmt":"2026-01-28T13:29:45","slug":"dia-internacional-de-la-coexistencia-pacifica-28-de-enero","status":"publish","type":"post","link":"https:\/\/sportseco.com\/?p=202965","title":{"rendered":"D\u00eda Internacional de la Coexistencia Pac\u00edfica, 28 de enero"},"content":{"rendered":"\n<p><img data-recalc-dims=\"1\" decoding=\"async\" src=\"https:\/\/i0.wp.com\/www.un.org\/sites\/un2.un.org\/files\/styles\/banner-image-style-27-10\/public\/2025\/08\/peaceful_coexistence_day_2025.jpg?w=640&#038;ssl=1\" alt=\"Imagen de \u00abUniverso iluminado\u00bb, del artista Crist\u00f3bal Gabarr\u00f3n.\"\/><\/p>\n\n\n\n<p>\u00abUniverso iluminado\u00bb, del artista espa\u00f1ol Crist\u00f3bal Gabarr\u00f3n, representa setenta figuras cogidas de la mano alrededor de una esfera que simboliza la Tierra. Celebra los valores colectivos y la responsabilidad compartida de construir un mundo inclusivo.<\/p>\n\n\n\n<p><strong>Foto:<\/strong>UNRIC Bruselas<\/p>\n\n\n\n<blockquote class=\"wp-block-quote is-layout-flow wp-block-quote-is-layout-flow\">\n<p><em>\u201cLa paz no se puede mantener recurriendo a la fuerza; solo se puede lograr mediante el entendimiento.\u201d<\/em><\/p>\n\n\n\n<p><small>Albert Einstein<\/small><\/p>\n<\/blockquote>\n\n\n\n<h2 class=\"wp-block-heading\">Coexistencia pac\u00edfica y un mundo seguro e inclusivo<\/h2>\n\n\n\n<p>La paz es mucho m\u00e1s que la ausencia de guerra. Es la capacidad de convivir a pesar de nuestras diferencias \u2014de sexo, raza, idioma, religi\u00f3n o cultura\u2014 y defender al mismo tiempo la justicia y los derechos humanos que hacen posible esa convivencia.&nbsp;Es un proceso continuo y un objetivo a largo plazo que exige el cuidado constante, la vigilancia y la participaci\u00f3n activa de todas las personas.<br \/>Como uno de los cinco pilares de la&nbsp;<a href=\"https:\/\/docs.un.org\/es\/A\/RES\/70\/1\">Agenda 2030<\/a>&nbsp;\u2014junto con las personas, el planeta, la prosperidad y las alianzas\u2014, la paz es fundamental para la&nbsp;visi\u00f3n en conjunto de la Agenda. El pre\u00e1mbulo&nbsp;subraya el objetivo de fomentar sociedades pac\u00edficas, justas e inclusivas, libres de miedo y violencia.<\/p>\n\n\n\n<p>En un clima de creciente inestabilidad y conflictos a nivel mundial, el D\u00eda Internacional de la Convivencia pac\u00edfica sirve de plataforma para crear conciencia sobre la diversidad de culturas, valores, formas de vida y creencias, y para destacar el papel de la educaci\u00f3n en la promoci\u00f3n de la tolerancia.<\/p>\n\n\n\n<p>Esta celebraci\u00f3n ofrece tambi\u00e9n a la comunidad internacional la oportunidad de reafirmar su compromiso con los&nbsp;<a href=\"http:\/\/www.un.org\/es\/about-us\/un-charter\/full-text\">prop\u00f3sitos y principios fundacionales de las Naciones Unidas<\/a>, consagrados en acuerdos y declaraciones internacionales a lo largo de los a\u00f1os.<\/p>\n\n\n\n<h3 class=\"wp-block-heading\">La coexistencia pac\u00edfica: documentos clave<\/h3>\n\n\n\n<p><a href=\"https:\/\/www.un.org\/es\/about-us\/un-charter\/\"><\/a><\/p>\n\n\n\n<h4 class=\"wp-block-heading\">Carta de las Naciones Unidas<\/h4>\n\n\n\n<p>Como piedra angular del derecho internacional, la Carta consagra los principios esenciales para la coexistencia pac\u00edfica, entre ellos la igualdad soberana de los Estados, la soluci\u00f3n de controversias por medios pac\u00edficos, la prohibici\u00f3n de la amenaza o el uso de la fuerza y la promoci\u00f3n de relaciones amistosas entre las naciones.<a href=\"https:\/\/www.un.org\/es\/about-us\/un-charter\/full-text\">Texto completo<\/a><\/p>\n\n\n\n<p><a href=\"https:\/\/www.un.org\/es\/about-us\/universal-declaration-of-human-rights\"><\/a><\/p>\n\n\n\n<h4 class=\"wp-block-heading\">Declaraci\u00f3n Universal de los Derechos Humanos<\/h4>\n\n\n\n<p>La Declaraci\u00f3n sienta las bases para la coexistencia pac\u00edfica al afirmar la dignidad, la igualdad y los derechos de todas las personas. Al proteger las libertades y prevenir la discriminaci\u00f3n independientemente de la raza, religi\u00f3n o cultura, fomenta el respeto y el entendimiento mutuos. La Declaraci\u00f3n Universal de los Derechos Humanos proporciona la base \u00e9tica y jur\u00eddica para construir sociedades justas, tolerantes e inclusivas, esenciales para una paz duradera y la prevenci\u00f3n de conflictos.<a href=\"https:\/\/www.un.org\/es\/about-us\/universal-declaration-of-human-rights\">M\u00e1s informaci\u00f3n<\/a><\/p>\n\n\n\n<p><a href=\"https:\/\/docs.un.org\/A\/RES\/53\/243\"><\/a><\/p>\n\n\n\n<h4 class=\"wp-block-heading\">Declaraci\u00f3n y Programa de Acci\u00f3n sobre una Cultura de Paz<\/h4>\n\n\n\n<p>Esboza un marco para promover la no violencia, la tolerancia, el di\u00e1logo y el entendimiento mutuo. Hace hincapi\u00e9 en la educaci\u00f3n, los derechos humanos, la igualdad y la gobernanza participativa, aborda las causas profundas de los conflictos y fomenta la confianza entre las comunidades y las naciones. Al promover el respeto por la diversidad, la eliminaci\u00f3n de la discriminaci\u00f3n y el di\u00e1logo inclusivo, la Declaraci\u00f3n fomenta la coexistencia pac\u00edfica y sienta las bases para una paz, una seguridad y una armon\u00eda duraderas.<a href=\"https:\/\/docs.un.org\/es\/A\/RES\/53\/243\">Leer la resoluci\u00f3n<\/a><\/p>\n\n\n\n<h3 class=\"wp-block-heading\">Antecedentes<\/h3>\n\n\n\n<p>El 4 de marzo de 2025, la Asamblea General de las Naciones Unidas aprob\u00f3 la resoluci\u00f3n&nbsp;<a href=\"https:\/\/docs.un.org\/es\/A\/RES\/79\/269\">A\/RES\/79\/269<\/a>, en la que se proclama el 28 de enero como D\u00eda Internacional de la Convivencia Pac\u00edfica.&nbsp;<\/p>\n\n\n\n<p>La resoluci\u00f3n destaca el papel de los Estados Miembros y las partes interesadas en la promoci\u00f3n de la tolerancia, el respeto de la diversidad religiosa y cultural y los derechos humanos. Tambi\u00e9n invita a todos los pa\u00edses, las organizaciones internacionales, la sociedad civil y los medios de comunicaci\u00f3n a celebrar el D\u00eda Internacional mediante actividades significativas que fomenten una cultura de paz, inclusi\u00f3n, comprensi\u00f3n y solidaridad.<\/p>\n\n\n\n<p><\/p>\n\n\n\n<p>un.org<\/p>\n","protected":false},"excerpt":{"rendered":"<p>\u00abUniverso iluminado\u00bb, del artista espa\u00f1ol Crist\u00f3bal Gabarr\u00f3n, representa setenta figuras cogidas de la mano alrededor de una esfera que simboliza la Tierra. Celebra los valores colectivos y la responsabilidad compartida de construir un mundo inclusivo. Foto:UNRIC Bruselas \u201cLa paz no se puede mantener recurriendo a la fuerza; solo se puede lograr mediante el entendimiento.\u201d Albert [&hellip;]<\/p>\n","protected":false},"author":1,"featured_media":202966,"comment_status":"open","ping_status":"open","sticky":false,"template":"","format":"standard","meta":{"_acf_changed":false,"_jetpack_memberships_contains_paid_content":false,"footnotes":"","jetpack_publicize_message":"","jetpack_publicize_feature_enabled":true,"jetpack_social_post_already_shared":true,"jetpack_social_options":{"image_generator_settings":{"template":"highway","default_image_id":0,"font":"","enabled":false},"version":2}},"categories":[6],"tags":[],"class_list":["post-202965","post","type-post","status-publish","format-standard","has-post-thumbnail","hentry","category-ecologia"],"acf":[],"jetpack_publicize_connections":[],"jetpack_featured_media_url":"https:\/\/i0.wp.com\/sportseco.com\/wp-content\/uploads\/2026\/01\/peaceful_coexistence_day_2025.jpg?fit=1350%2C500&ssl=1","jetpack_sharing_enabled":true,"_links":{"self":[{"href":"https:\/\/sportseco.com\/index.php?rest_route=\/wp\/v2\/posts\/202965","targetHints":{"allow":["GET"]}}],"collection":[{"href":"https:\/\/sportseco.com\/index.php?rest_route=\/wp\/v2\/posts"}],"about":[{"href":"https:\/\/sportseco.com\/index.php?rest_route=\/wp\/v2\/types\/post"}],"author":[{"embeddable":true,"href":"https:\/\/sportseco.com\/index.php?rest_route=\/wp\/v2\/users\/1"}],"replies":[{"embeddable":true,"href":"https:\/\/sportseco.com\/index.php?rest_route=%2Fwp%2Fv2%2Fcomments&post=202965"}],"version-history":[{"count":1,"href":"https:\/\/sportseco.com\/index.php?rest_route=\/wp\/v2\/posts\/202965\/revisions"}],"predecessor-version":[{"id":202967,"href":"https:\/\/sportseco.com\/index.php?rest_route=\/wp\/v2\/posts\/202965\/revisions\/202967"}],"wp:featuredmedia":[{"embeddable":true,"href":"https:\/\/sportseco.com\/index.php?rest_route=\/wp\/v2\/media\/202966"}],"wp:attachment":[{"href":"https:\/\/sportseco.com\/index.php?rest_route=%2Fwp%2Fv2%2Fmedia&parent=202965"}],"wp:term":[{"taxonomy":"category","embeddable":true,"href":"https:\/\/sportseco.com\/index.php?rest_route=%2Fwp%2Fv2%2Fcategories&post=202965"},{"taxonomy":"post_tag","embeddable":true,"href":"https:\/\/sportseco.com\/index.php?rest_route=%2Fwp%2Fv2%2Ftags&post=202965"}],"curies":[{"name":"wp","href":"https:\/\/api.w.org\/{rel}","templated":true}]}}