{"id":203309,"date":"2026-02-04T08:10:22","date_gmt":"2026-02-04T13:10:22","guid":{"rendered":"https:\/\/sportseco.com\/?p=203309"},"modified":"2026-02-04T08:10:32","modified_gmt":"2026-02-04T13:10:32","slug":"dia-internacional-de-la-fraternidad-humana-4-de-febrero","status":"publish","type":"post","link":"https:\/\/sportseco.com\/?p=203309","title":{"rendered":"D\u00eda Internacional de la Fraternidad Humana, 4 de febrero"},"content":{"rendered":"\n<p><img data-recalc-dims=\"1\" decoding=\"async\" src=\"https:\/\/i0.wp.com\/www.un.org\/sites\/un2.un.org\/files\/styles\/banner-image-style-27-10\/public\/ga-doors-panels.jpg?w=640&#038;ssl=1\" alt=\"Montaje de una foto de las puertas de la Asamblea General y un detalle de unos recuadros de alpaca que simbolizan la fraternidad, la paz, la justicia y la verdad. \"\/><\/p>\n\n\n\n<p>El 27 de marzo de 1953, el gobierno canadiense present\u00f3 siete puertas de alpaca para el edificio de la Asamblea General. En cada una de ellas hay cuatro paneles en bajorrelieve que simbolizan la fraternidad (recuadro), la paz, la justicia y la verdad.<\/p>\n\n\n\n<p><strong>Foto:<\/strong>Naciones Unidas\/DN<\/p>\n\n\n\n<h2 class=\"wp-block-heading\">La importancia de la fraternidad<\/h2>\n\n\n\n<p>La fraternidad humana para la paz y la cooperaci\u00f3n se fundamenta en un reconocimiento sencillo: las personas de todas las religiones y creencias realizan una contribuci\u00f3n valiosa y duradera a la humanidad. El di\u00e1logo entre las comunidades religiosas y las diferentes&nbsp;creencias puede profundizar la comprensi\u00f3n y destacar los valores que compartimos. Promover el conocimiento de las diferentes culturas, religiones y creencias contribuye a fomentar la tolerancia, arraigada en el respeto, la inclusi\u00f3n y la aceptaci\u00f3n de la diversidad, incluida la libre expresi\u00f3n de la identidad religiosa.<\/p>\n\n\n\n<p>La educaci\u00f3n, especialmente en el \u00e1mbito escolar, desempe\u00f1a un papel vital en el fomento de estos principios y en la prevenci\u00f3n de la discriminaci\u00f3n por motivos de religi\u00f3n o creencias. La tolerancia, el respeto mutuo y la convivencia pac\u00edfica en la diversidad son esenciales para la fraternidad humana y la armon\u00eda social, por lo que el di\u00e1logo interreligioso e intercultural es fundamental en todos los niveles: global, regional, nacional y local.<\/p>\n\n\n\n<h3 class=\"wp-block-heading\">Di\u00e1logo frente a divisi\u00f3n, tema de este a\u00f1o 2026<\/h3>\n\n\n\n<p>El 4 de febrero, D\u00eda Internacional de la Fraternidad Humana, nos recuerda que pertenecemos a una sola familia humana diversa en cultura y creencias, igual en dignidad y m\u00e1s fuerte cuando elegimos el respeto en lugar de la desconfianza. En un momento de crecientes tensiones y polarizaci\u00f3n, la fraternidad humana no es solo un ideal; es un compromiso pr\u00e1ctico para vivir juntos en paz y proteger los derechos y la dignidad de cada persona.<\/p>\n\n\n\n<p>El tema de este a\u00f1o nos invita a todos a priorizar el di\u00e1logo sobre la divisi\u00f3n. Dialogar no significa que debamos estar de acuerdo en todo. Significa escuchar, hablar con responsabilidad y reconocer la humanidad del otro, especialmente cuando sentimos miedo, enfado o incertidumbre.<\/p>\n\n\n\n<p>Tambi\u00e9n significa rechazar la discriminaci\u00f3n, el racismo, la xenofobia y el discurso de odio, y crear espacios, tanto en l\u00ednea como fuera de ella, donde las diferencias puedan debatirse sin que se conviertan en fuente de da\u00f1o.<\/p>\n\n\n\n<p>Todos debemos recordar que la fraternidad humana comienza en la vida cotidiana: en c\u00f3mo tratamos a nuestros vecinos, compa\u00f1eros de clase, colegas y desconocidos; en c\u00f3mo compartimos informaci\u00f3n; y en c\u00f3mo reaccionamos cuando alguien es discriminado por su identidad o creencias. Cada uno de nosotros puede contribuir a construir comunidades m\u00e1s fuertes e inclusivas desafiando los estereotipos, defendiendo la dignidad y la inclusi\u00f3n, aprendiendo sobre otras culturas y tradiciones religiosas, y apoyando las iniciativas locales que unen a las personas. Las peque\u00f1as decisiones que tomamos a diario pueden fortalecer los lazos que permiten que las sociedades se mantengan pac\u00edficas y resilientes.<\/p>\n\n\n\n<h3 class=\"wp-block-heading\">Momentos clave y logros<\/h3>\n\n\n\n<p>Tras la Segunda Guerra Mundial, se fundaron las Naciones Unidas para evitar que las generaciones futuras sufrieran los horrores de los conflictos y para fortalecer la cooperaci\u00f3n internacional en la soluci\u00f3n de los desaf\u00edos mundiales. Un elemento central de esta misi\u00f3n es la promoci\u00f3n y protecci\u00f3n de los derechos humanos y las libertades fundamentales para todos, sin discriminaci\u00f3n, y la construcci\u00f3n de la paz mediante la responsabilidad compartida y la acci\u00f3n colectiva.<\/p>\n\n\n\n<p>En 1999, este compromiso se reafirm\u00f3 con la&nbsp;<a href=\"https:\/\/docs.un.org\/es\/a\/res\/53\/243\">Declaraci\u00f3n y el Programa de Acci\u00f3n sobre una Cultura de Paz<\/a>, que proporciona un marco universal para fomentar la paz y la no violencia en beneficio de las generaciones presentes y futuras. Basada en el principio reflejado en la Constituci\u00f3n de la UNESCO &#8211; que la paz debe construirse en la mente de las personas-, la&nbsp;<em>Cultura de Paz&nbsp;<\/em>reconoce que la paz no es simplemente la ausencia de guerra, sino un proceso continuo fundamentado en el di\u00e1logo, la participaci\u00f3n y la cooperaci\u00f3n.<\/p>\n\n\n\n<p>En este contexto, la Asamblea General de las Naciones Unidas ha destacado la importancia del entendimiento mutuo y el di\u00e1logo interreligioso, incluyendo el establecimiento de la<a href=\"https:\/\/www.un.org\/es\/observances\/interfaith-harmony-week\">&nbsp;Semana Mundial de la Armon\u00eda Interconfesional<\/a>&nbsp;en 2010&nbsp;para fortalecer la armon\u00eda, la cooperaci\u00f3n y la coexistencia pac\u00edfica entre personas de todas las creencias. En muchas tradiciones religiosas existe un llamado com\u00fan a la solidaridad, la compasi\u00f3n y el respeto por nuestra humanidad compartida; sin embargo, persisten los conflictos, la intolerancia, el desplazamiento y la propagaci\u00f3n del odio. En reconocimiento del poder de la fraternidad para contrarrestar la divisi\u00f3n y promover la paz, la Asamblea General de las Naciones Unidas proclam\u00f3 el 4 de febrero como el D\u00eda Internacional de la Fraternidad Humana, reafirmando un compromiso global con la unidad, el di\u00e1logo y la coexistencia pac\u00edfica.<\/p>\n\n\n\n<p><\/p>\n\n\n\n<p><\/p>\n\n\n\n<p>un.org<\/p>\n","protected":false},"excerpt":{"rendered":"<p>El 27 de marzo de 1953, el gobierno canadiense present\u00f3 siete puertas de alpaca para el edificio de la Asamblea General. En cada una de ellas hay cuatro paneles en bajorrelieve que simbolizan la fraternidad (recuadro), la paz, la justicia y la verdad. Foto:Naciones Unidas\/DN La importancia de la fraternidad La fraternidad humana para la [&hellip;]<\/p>\n","protected":false},"author":1,"featured_media":203310,"comment_status":"open","ping_status":"open","sticky":false,"template":"","format":"standard","meta":{"_acf_changed":false,"_jetpack_memberships_contains_paid_content":false,"footnotes":"","jetpack_publicize_message":"","jetpack_publicize_feature_enabled":true,"jetpack_social_post_already_shared":true,"jetpack_social_options":{"image_generator_settings":{"template":"highway","default_image_id":0,"font":"","enabled":false},"version":2}},"categories":[108],"tags":[],"class_list":["post-203309","post","type-post","status-publish","format-standard","has-post-thumbnail","hentry","category-dia-mundial"],"acf":[],"jetpack_publicize_connections":[],"jetpack_featured_media_url":"https:\/\/i0.wp.com\/sportseco.com\/wp-content\/uploads\/2026\/02\/ga-doors-panels.jpg?fit=1350%2C500&ssl=1","jetpack_sharing_enabled":true,"_links":{"self":[{"href":"https:\/\/sportseco.com\/index.php?rest_route=\/wp\/v2\/posts\/203309","targetHints":{"allow":["GET"]}}],"collection":[{"href":"https:\/\/sportseco.com\/index.php?rest_route=\/wp\/v2\/posts"}],"about":[{"href":"https:\/\/sportseco.com\/index.php?rest_route=\/wp\/v2\/types\/post"}],"author":[{"embeddable":true,"href":"https:\/\/sportseco.com\/index.php?rest_route=\/wp\/v2\/users\/1"}],"replies":[{"embeddable":true,"href":"https:\/\/sportseco.com\/index.php?rest_route=%2Fwp%2Fv2%2Fcomments&post=203309"}],"version-history":[{"count":2,"href":"https:\/\/sportseco.com\/index.php?rest_route=\/wp\/v2\/posts\/203309\/revisions"}],"predecessor-version":[{"id":203312,"href":"https:\/\/sportseco.com\/index.php?rest_route=\/wp\/v2\/posts\/203309\/revisions\/203312"}],"wp:featuredmedia":[{"embeddable":true,"href":"https:\/\/sportseco.com\/index.php?rest_route=\/wp\/v2\/media\/203310"}],"wp:attachment":[{"href":"https:\/\/sportseco.com\/index.php?rest_route=%2Fwp%2Fv2%2Fmedia&parent=203309"}],"wp:term":[{"taxonomy":"category","embeddable":true,"href":"https:\/\/sportseco.com\/index.php?rest_route=%2Fwp%2Fv2%2Fcategories&post=203309"},{"taxonomy":"post_tag","embeddable":true,"href":"https:\/\/sportseco.com\/index.php?rest_route=%2Fwp%2Fv2%2Ftags&post=203309"}],"curies":[{"name":"wp","href":"https:\/\/api.w.org\/{rel}","templated":true}]}}