{"id":203721,"date":"2026-02-12T08:24:23","date_gmt":"2026-02-12T13:24:23","guid":{"rendered":"https:\/\/sportseco.com\/?p=203721"},"modified":"2026-02-12T08:24:23","modified_gmt":"2026-02-12T13:24:23","slug":"dia-internacional-para-la-prevencion-del-extremismo-violento-cuando-conduzca-al-terrorismo-12-de-febrero-3","status":"publish","type":"post","link":"https:\/\/sportseco.com\/?p=203721","title":{"rendered":"D\u00eda Internacional para la Prevenci\u00f3n del Extremismo Violento cuando Conduzca al Terrorismo, 12 de febrero"},"content":{"rendered":"\n<h2 class=\"wp-block-heading\">El extremismo violento y sus consecuencias<\/h2>\n\n\n\n<p>El extremismo violento es una afrenta a los prop\u00f3sitos y principios de las Naciones Unidas. Socava la paz y la seguridad internacionales, los derechos humanos y el desarrollo sostenible. Ning\u00fan pa\u00eds ni regi\u00f3n es inmune a sus efectos.<\/p>\n\n\n\n<p>El extremismo violento es un fen\u00f3meno diverso, sin una clara definici\u00f3n. No es ni nuevo ni exclusivo de ninguna regi\u00f3n, nacionalidad o sistema de creencias. No obstante, en los \u00faltimos a\u00f1os, grupos terroristas como el Estado Isl\u00e1mico del Iraq y el Levante (EIIL), Al-Qaida y Boko Haram han configurado nuestra imagen del extremismo violento y el debate sobre la manera de abordar esta amenaza. El mensaje de estos grupos, de intolerancia religiosa, cultural o social, ha tenido consecuencias dr\u00e1sticas para muchas regiones del mundo. Con la ocupaci\u00f3n de territorio y la utilizaci\u00f3n de los medios sociales para la comunicaci\u00f3n en tiempo real a nivel mundial de sus ideas y proezas, pretenden cuestionar nuestros valores comunes de paz, justicia y dignidad humana.<\/p>\n\n\n\n<p>La propagaci\u00f3n del extremismo violento ha agravado a\u00fan m\u00e1s una crisis humanitaria sin precedentes que ya sobrepasa los l\u00edmites de una determinada regi\u00f3n. Millones de personas han abandonado los territorios controlados por grupos terroristas y grupos extremistas violentos. Las corrientes migratorias han aumentado fuera de las zonas de conflicto y hacia ellas, e incluyen a quienes buscan seguridad y a aquellos atra\u00eddos al conflicto como combatientes terroristas extranjeros, desestabilizando a\u00fan m\u00e1s las regiones afectadas.<\/p>\n\n\n\n<p>Nada puede justificar el extremismo violento, pero tambi\u00e9n debemos reconocer que no se plantea en el vac\u00edo. Las historias de agravios, injusticia real o supuesta, la promesa de empoderamiento y cambios radicales son elementos atractivos en aquellos pa\u00edses en que se violan los derechos humanos, se hace caso omiso de la buena gesti\u00f3n de los asuntos p\u00fablicos y las aspiraciones se ven frustradas.<\/p>\n\n\n\n<h3 class=\"wp-block-heading\">D\u00eda Internacional para la Prevenci\u00f3n del Extremismo Violento cuando Conduzca al Terrorismo<\/h3>\n\n\n\n<p>En su&nbsp;<a href=\"http:\/\/undocs.org\/es\/A\/RES\/77\/243\">resoluci\u00f3n 77\/243<\/a>, la Asamblea General decidi\u00f3 declarar el 12 de febrero D\u00eda Internacional para la Prevenci\u00f3n del Extremismo Violento cuando Conduza al Terrorismo para concienciar sobre las amenazas vinculadas al extremismo violento, como y cuando propicie el terrorismo, y mejorar la cooperaci\u00f3n internacional a este respecto.<\/p>\n\n\n\n<p>La Asamblea General subray\u00f3 en este contexto la responsabilidad primordial de los Estados miembros y de sus respectivas instituciones nacionales en la lucha contra el terrorismo, resaltando la importante funci\u00f3n que desempe\u00f1an las organizaciones intergubernamentales, la sociedad civil, el mundo acad\u00e9mico, los l\u00edderes religiosos y los medios de comunicaci\u00f3n en la lucha contra el terrorismo y la prevenci\u00f3n del extremismo violento.<\/p>\n\n\n\n<p>La resoluci\u00f3n reafirma que el terrorismo y el extremismo violento cuando conduzca al terrorismo no pueden ni deben vincularse a ninguna religi\u00f3n, nacionalidad, civilizaci\u00f3n o grupo \u00e9tnico.<\/p>\n\n\n\n<p><a href=\"https:\/\/www.un.org\/counterterrorism\/\"><\/a><\/p>\n","protected":false},"excerpt":{"rendered":"<p>El extremismo violento y sus consecuencias El extremismo violento es una afrenta a los prop\u00f3sitos y principios de las Naciones Unidas. Socava la paz y la seguridad internacionales, los derechos humanos y el desarrollo sostenible. Ning\u00fan pa\u00eds ni regi\u00f3n es inmune a sus efectos. El extremismo violento es un fen\u00f3meno diverso, sin una clara definici\u00f3n. [&hellip;]<\/p>\n","protected":false},"author":1,"featured_media":203722,"comment_status":"open","ping_status":"open","sticky":false,"template":"","format":"standard","meta":{"_acf_changed":false,"_jetpack_memberships_contains_paid_content":false,"footnotes":"","jetpack_publicize_message":"","jetpack_publicize_feature_enabled":true,"jetpack_social_post_already_shared":true,"jetpack_social_options":{"image_generator_settings":{"template":"highway","default_image_id":0,"font":"","enabled":false},"version":2}},"categories":[108],"tags":[],"class_list":["post-203721","post","type-post","status-publish","format-standard","has-post-thumbnail","hentry","category-dia-mundial"],"acf":[],"jetpack_publicize_connections":[],"jetpack_featured_media_url":"https:\/\/i0.wp.com\/sportseco.com\/wp-content\/uploads\/2026\/02\/living-in-peace-day-banner.jpg?fit=1350%2C500&ssl=1","jetpack_sharing_enabled":true,"_links":{"self":[{"href":"https:\/\/sportseco.com\/index.php?rest_route=\/wp\/v2\/posts\/203721","targetHints":{"allow":["GET"]}}],"collection":[{"href":"https:\/\/sportseco.com\/index.php?rest_route=\/wp\/v2\/posts"}],"about":[{"href":"https:\/\/sportseco.com\/index.php?rest_route=\/wp\/v2\/types\/post"}],"author":[{"embeddable":true,"href":"https:\/\/sportseco.com\/index.php?rest_route=\/wp\/v2\/users\/1"}],"replies":[{"embeddable":true,"href":"https:\/\/sportseco.com\/index.php?rest_route=%2Fwp%2Fv2%2Fcomments&post=203721"}],"version-history":[{"count":1,"href":"https:\/\/sportseco.com\/index.php?rest_route=\/wp\/v2\/posts\/203721\/revisions"}],"predecessor-version":[{"id":203723,"href":"https:\/\/sportseco.com\/index.php?rest_route=\/wp\/v2\/posts\/203721\/revisions\/203723"}],"wp:featuredmedia":[{"embeddable":true,"href":"https:\/\/sportseco.com\/index.php?rest_route=\/wp\/v2\/media\/203722"}],"wp:attachment":[{"href":"https:\/\/sportseco.com\/index.php?rest_route=%2Fwp%2Fv2%2Fmedia&parent=203721"}],"wp:term":[{"taxonomy":"category","embeddable":true,"href":"https:\/\/sportseco.com\/index.php?rest_route=%2Fwp%2Fv2%2Fcategories&post=203721"},{"taxonomy":"post_tag","embeddable":true,"href":"https:\/\/sportseco.com\/index.php?rest_route=%2Fwp%2Fv2%2Ftags&post=203721"}],"curies":[{"name":"wp","href":"https:\/\/api.w.org\/{rel}","templated":true}]}}