{"id":203731,"date":"2026-02-12T08:57:58","date_gmt":"2026-02-12T13:57:58","guid":{"rendered":"https:\/\/sportseco.com\/?p=203731"},"modified":"2026-02-12T09:37:15","modified_gmt":"2026-02-12T14:37:15","slug":"dia-mundial-contra-el-uso-de-ninos-soldado-12-de-febrero","status":"publish","type":"post","link":"https:\/\/sportseco.com\/?p=203731","title":{"rendered":"D\u00eda Mundial contra el Uso de Ni\u00f1os Soldado, 12 de febrero"},"content":{"rendered":"\n<p><strong>El D\u00eda Mundial contra el Uso de Ni\u00f1os Soldado se conmemora el 12 de febrero&nbsp;<\/strong>con el objetivo de recordar a todos los ni\u00f1os que han sido usados por grupos armados en distintos pa\u00edses, para formar parte de conflictos brutales.<\/p>\n\n\n\n<p>Esta circunstancia les han tra\u00eddo como consecuencia da\u00f1os f\u00edsicos y psicol\u00f3gicos irreversibles y en el peor de los casos, la p\u00e9rdida de sus propias vidas.<\/p>\n\n\n\n<figure class=\"wp-block-embed is-type-rich is-provider-gestor-del-servicio wp-block-embed-gestor-del-servicio wp-embed-aspect-16-9 wp-has-aspect-ratio\"><div class=\"wp-block-embed__wrapper\">\n<iframe loading=\"lazy\" title=\"Yenny Londo\u00f1o on Children Affected by Conflict\" width=\"640\" height=\"360\" src=\"https:\/\/www.youtube.com\/embed\/NZSSRz6ocyo?feature=oembed\" frameborder=\"0\" allow=\"accelerometer; autoplay; clipboard-write; encrypted-media; gyroscope; picture-in-picture; web-share\" referrerpolicy=\"strict-origin-when-cross-origin\" allowfullscreen><\/iframe>\n<\/div><\/figure>\n\n\n\n<p>Yenny Londo\u00f1o, una ex ni\u00f1a soldado comparte su historia de reclutamiento y reintegraci\u00f3n en Colombia.<\/p>\n\n\n\n<h2 class=\"wp-block-heading\" id=\"resTit_2\">Ni\u00f1os soldados v\u00edctimas de las guerras<\/h2>\n\n\n\n<p>De acuerdo a distintas organizaciones defensoras de los derechos de los ni\u00f1os, actualmente es alarmante la cifra de ni\u00f1os que, en todo el planeta, son presa f\u00e1cil de los grupos armados.<\/p>\n\n\n\n<p>Muchos ni\u00f1os son reclutados, entrenados y utilizados como soldados, sobre todo, en aquellas naciones donde la guerra pareciera no tener fin.<\/p>\n\n\n\n<h2 class=\"wp-block-heading\" id=\"resTit_3\">La dura realidad de los ni\u00f1os soldados<\/h2>\n\n\n\n<p>Cada a\u00f1o, miles de ni\u00f1os son usados para hacer frente a enfrentamientos armados, lo que es un hecho lamentable, pero sigue siendo una dura realidad a nivel mundial. Ni\u00f1os y ni\u00f1as que sufren las m\u00e1s terribles vejaciones a la que pueda someterse a un ser humano.<\/p>\n\n\n\n<p><strong>En el caso de las ni\u00f1as<\/strong>, son utilizadas como esclavas sexuales, en edades muy tempranas o tambi\u00e9n, a cumplir el rol de esposas de hombres con mucha m\u00e1s edad.<\/p>\n\n\n\n<p>El papel de los ni\u00f1os, tambi\u00e9n resulta indignante, ya que son obligados a ser soldados y a cumplir otros roles muy peligrosos como&nbsp;<strong>detectores de minas o fabricantes de bombas<\/strong>.<\/p>\n\n\n\n<p>Esta dura, pero real situaci\u00f3n, es determinante en el porvenir de estos ni\u00f1os, quienes quedan marcados de por vida, si logran sobrevivir.<\/p>\n\n\n\n<p>Para los que corren con menos suerte, su futuro es incierto, ya que muchos de ellos terminan asesinados por los ej\u00e9rcitos confrontados.<\/p>\n\n\n\n<h2 class=\"wp-block-heading\" id=\"resTit_4\">El papel de Francia en la lucha contra el reclutamiento de ni\u00f1os soldados<\/h2>\n\n\n\n<p>El papel desempe\u00f1ado por&nbsp;<strong>Francia<\/strong>&nbsp;para evitar que los ni\u00f1os sean reclutados como soldados ha sido realmente relevante. A trav\u00e9s de sus planes de acci\u00f3n, ha logrado la puesta en marcha de algunas normas internacionales para brindar protecci\u00f3n a la infancia a trav\u00e9s de los llamados&nbsp;<strong>Principios y Compromisos de Paris<\/strong>.<\/p>\n\n\n\n<p>Han sido 20 largos a\u00f1os de lucha, sin embargo, hoy han dado algunos frutos, ya que han permitido que m\u00e1s de 100.000 ni\u00f1os en condici\u00f3n de soldados, puedan gozar de libertad y tener acceso a la educaci\u00f3n, un hogar y una vida m\u00e1s plena.<\/p>\n\n\n\n<h2 class=\"wp-block-heading\" id=\"resTit_5\">\u00bfQu\u00e9 hacer para erradicar el uso de ni\u00f1os soldado?<\/h2>\n\n\n\n<figure class=\"wp-block-image\"><img data-recalc-dims=\"1\" decoding=\"async\" src=\"https:\/\/i0.wp.com\/www.diainternacionalde.com\/imagenes\/dias\/febrero\/02-12_dia-mundial-contra-uso-ninos-soldado_s.jpg?w=640&#038;ssl=1\" alt=\"\" title=\"\"\/><\/figure>\n\n\n\n<p>Aunque acabar con el reclutamiento de ni\u00f1os soldados resulta una tarea ardua, es importante destacar, que actualmente existen algunos organismos como&nbsp;<strong><em>UNICEF<\/em><\/strong>, que se han dedicado a aunar esfuerzos para erradicar para siempre esta dura realidad que afecta a ni\u00f1os y ni\u00f1as de todo el mundo.<\/p>\n\n\n\n<p>En la llamada&nbsp;<strong>Declaraci\u00f3n del Milenio del a\u00f1o 2000<\/strong>, en Francia, se realiz\u00f3 una conferencia internacional, donde se establecieron los llamados \u00ab<strong><em>Principios de Paris<\/em><\/strong>\u00bb y en la cual hubo acuerdos para la creaci\u00f3n de planes y programas que permitan la pronta liberaci\u00f3n y protecci\u00f3n de miles de ni\u00f1os que todav\u00eda se encuentran prisioneros de los grupos armados.<\/p>\n\n\n\n<p>Durante los \u00faltimos a\u00f1os Francia,&nbsp;<strong><em>UNICEF<\/em><\/strong>&nbsp;y m\u00e1s de 108 Estados han unido esfuerzos para poner fin al reclutamiento de ni\u00f1os a nivel global, sin embargo, hace falta que m\u00e1s pa\u00edses y gobiernos se involucren de forma responsable para poner fin a lo que puede ser considerado un crimen de lesa humanidad.<\/p>\n\n\n\n<h2 class=\"wp-block-heading\" id=\"resTit_6\">\u00bfEs posible otra realidad para el ni\u00f1o soldado?<\/h2>\n\n\n\n<p>De acuerdo a lo expresado por UNICEF, los ni\u00f1os que han sido v\u00edctimas de los grupos armados, hoy se encuentran en una situaci\u00f3n bastante vulnerable, por todas las experiencias traum\u00e1ticas que han tenido que enfrentar en su corta vida. Para ellos, pensar en un ma\u00f1ana mejor es algo impensable.<\/p>\n\n\n\n<p>Por otro lado, mientras sigan existiendo estos ej\u00e9rcitos armados, el problema se mantiene. En la&nbsp;<strong>regi\u00f3n centroafricana y pa\u00edses como Nigeria o Irak<\/strong>, resulta dif\u00edcil, ya que la poblaci\u00f3n infantil est\u00e1 tan alienada al conflicto, que lo ven y sienten como parte de ellos.<\/p>\n\n\n\n<p>Aunque esta organizaci\u00f3n, a trav\u00e9s de los a\u00f1os ha unido esfuerzos por liberar y reinsertar en la sociedad a un gran n\u00famero de ellos, el trabajo no termina all\u00ed.<\/p>\n\n\n\n<p>Sin embargo, para los que logran salir de esa triste situaci\u00f3n, est\u00e1 la posibilidad de iniciar una nueva vida, con acceso a la educaci\u00f3n, la capacitaci\u00f3n y la oportunidad de tener una familia de acogida.<\/p>\n\n\n\n<h2 class=\"wp-block-heading\" id=\"resTit_7\"><\/h2>\n\n\n\n<p>diainternacionalde.com<\/p>\n","protected":false},"excerpt":{"rendered":"<p>El D\u00eda Mundial contra el Uso de Ni\u00f1os Soldado se conmemora el 12 de febrero&nbsp;con el objetivo de recordar a todos los ni\u00f1os que han sido usados por grupos armados en distintos pa\u00edses, para formar parte de conflictos brutales. Esta circunstancia les han tra\u00eddo como consecuencia da\u00f1os f\u00edsicos y psicol\u00f3gicos irreversibles y en el peor [&hellip;]<\/p>\n","protected":false},"author":1,"featured_media":203746,"comment_status":"open","ping_status":"open","sticky":false,"template":"","format":"standard","meta":{"_acf_changed":false,"_jetpack_memberships_contains_paid_content":false,"footnotes":"","jetpack_publicize_message":"","jetpack_publicize_feature_enabled":true,"jetpack_social_post_already_shared":true,"jetpack_social_options":{"image_generator_settings":{"template":"highway","default_image_id":0,"font":"","enabled":false},"version":2}},"categories":[108],"tags":[],"class_list":["post-203731","post","type-post","status-publish","format-standard","has-post-thumbnail","hentry","category-dia-mundial"],"acf":[],"jetpack_publicize_connections":[],"jetpack_featured_media_url":"https:\/\/i0.wp.com\/sportseco.com\/wp-content\/uploads\/2026\/02\/image1170x530cropped-5.jpg?fit=1170%2C530&ssl=1","jetpack_sharing_enabled":true,"_links":{"self":[{"href":"https:\/\/sportseco.com\/index.php?rest_route=\/wp\/v2\/posts\/203731","targetHints":{"allow":["GET"]}}],"collection":[{"href":"https:\/\/sportseco.com\/index.php?rest_route=\/wp\/v2\/posts"}],"about":[{"href":"https:\/\/sportseco.com\/index.php?rest_route=\/wp\/v2\/types\/post"}],"author":[{"embeddable":true,"href":"https:\/\/sportseco.com\/index.php?rest_route=\/wp\/v2\/users\/1"}],"replies":[{"embeddable":true,"href":"https:\/\/sportseco.com\/index.php?rest_route=%2Fwp%2Fv2%2Fcomments&post=203731"}],"version-history":[{"count":1,"href":"https:\/\/sportseco.com\/index.php?rest_route=\/wp\/v2\/posts\/203731\/revisions"}],"predecessor-version":[{"id":203734,"href":"https:\/\/sportseco.com\/index.php?rest_route=\/wp\/v2\/posts\/203731\/revisions\/203734"}],"wp:featuredmedia":[{"embeddable":true,"href":"https:\/\/sportseco.com\/index.php?rest_route=\/wp\/v2\/media\/203746"}],"wp:attachment":[{"href":"https:\/\/sportseco.com\/index.php?rest_route=%2Fwp%2Fv2%2Fmedia&parent=203731"}],"wp:term":[{"taxonomy":"category","embeddable":true,"href":"https:\/\/sportseco.com\/index.php?rest_route=%2Fwp%2Fv2%2Fcategories&post=203731"},{"taxonomy":"post_tag","embeddable":true,"href":"https:\/\/sportseco.com\/index.php?rest_route=%2Fwp%2Fv2%2Ftags&post=203731"}],"curies":[{"name":"wp","href":"https:\/\/api.w.org\/{rel}","templated":true}]}}