{"id":203788,"date":"2026-02-13T08:41:43","date_gmt":"2026-02-13T13:41:43","guid":{"rendered":"https:\/\/sportseco.com\/?p=203788"},"modified":"2026-02-13T08:41:43","modified_gmt":"2026-02-13T13:41:43","slug":"dia-mundial-de-la-radio-13-de-febrero","status":"publish","type":"post","link":"https:\/\/sportseco.com\/?p=203788","title":{"rendered":"D\u00eda Mundial de la Radio, 13 de febrero"},"content":{"rendered":"\n<p><img data-recalc-dims=\"1\" decoding=\"async\" src=\"https:\/\/i0.wp.com\/www.un.org\/sites\/un2.un.org\/files\/styles\/banner-image-style-27-10\/public\/hub_wrd2026_1900x800_fr_es.png?w=640&#038;ssl=1\" alt=\"Se muestra la silueta oscura del perfil de un rostro humano, como si estuviera hablando por un micr\u00f3fono, con las letras &quot;IA&quot; (inteligencia artificial) iluminadas.\"\/><\/p>\n\n\n\n<p>Si se utiliza de forma \u00e9tica y responsable para favorecer el criterio profesional, la creatividad y los valores del servicio p\u00fablico, la inteligencia artificial (IA) puede ser un valioso aliado para fidelizar al p\u00fablico.<\/p>\n\n\n\n<p><strong>Foto:<\/strong>UNESCO<\/p>\n\n\n\n<blockquote class=\"wp-block-quote is-layout-flow wp-block-quote-is-layout-flow\">\n<figure class=\"wp-block-image\"><img data-recalc-dims=\"1\" decoding=\"async\" src=\"https:\/\/i0.wp.com\/www.un.org\/sites\/un2.un.org\/files\/wrd-unesco-photo_khaled_ahmed_el_enany_ali_ezz.jpg?w=640&#038;ssl=1\" alt=\"\"\/><\/figure>\n\n\n\n<p>Juntos, procuremos que la IA est\u00e9 al servicio del p\u00fablico, y no a la inversa. Asegur\u00e9monos de que la radio siga informando con integridad, conectando con empat\u00eda y hablando con voz humana\u00bb.<small><a href=\"https:\/\/unesdoc.unesco.org\/ark:\/48223\/pf0000397287_spa\">Khaled El-Enany, Director-General of UNESCO<\/a><\/small><\/p>\n<\/blockquote>\n\n\n\n<h2 class=\"wp-block-heading\">La radio y la inteligencia artificial<\/h2>\n\n\n\n<p>La radio se encuentra en un momento de transformaci\u00f3n y la inteligencia artificial puede contribuir a reforzar su misi\u00f3n principal: informar, educar y entretener. Al automatizar tareas rutinarias, como la programaci\u00f3n, el control de voz, las actualizaciones meteorol\u00f3gicas y deportivas, y los flujos de trabajo administrativos, las emisoras pueden liberar a sus equipos para que se centren en la creatividad y la conexi\u00f3n.<\/p>\n\n\n\n<p>La IA tambi\u00e9n permite obtener informaci\u00f3n m\u00e1s detallada sobre la audiencia, ofrecer publicidad m\u00e1s relevante, personalizar las experiencias auditivas y dar mayor visibilidad a las voces menos representadas. Gracias a herramientas que mejoran la verificaci\u00f3n de datos, la validaci\u00f3n y la b\u00fasqueda en archivos, la radio puede ofrecer contenidos de mayor calidad al tiempo que mantiene como elemento central el criterio humano. En \u00faltima instancia, estas innovaciones refuerzan lo que m\u00e1s importa:&nbsp;<strong>la confianza de los oyentes<\/strong>.<\/p>\n\n\n\n<h3 class=\"wp-block-heading\">La IA para reinventar&nbsp;los medios de comunicaci\u00f3n<\/h3>\n\n\n\n<p>Para hacer un uso responsable de la inteligencia artificial, las emisoras necesitan una&nbsp;<strong>estrategia bien pensada<\/strong>, no solo tecnolog\u00eda. Esto pasa por crear pol\u00edticas internas \u00e9ticas, proteger la privacidad y la propiedad de los datos, garantizar la transparencia y una utilizaci\u00f3n escrupulosa del audio generativo. Tambi\u00e9n implica invertir en el personal, en su formaci\u00f3n;&nbsp;as\u00ed como establecer medidas legales y de seguridad para gestionar los nuevos riesgos.<\/p>\n\n\n\n<p>En el&nbsp;D\u00eda Mundial de la Radio de 2026, la&nbsp;UNESCO anima a las emisoras a abordar la IA como una oportunidad de crecimiento e innovaci\u00f3n, al tiempo que se preserva la calidez, la fiabilidad y el toque humano que valora el p\u00fablico.<\/p>\n\n\n\n<h2 class=\"wp-block-heading\">Invol\u00facrate en el #D\u00edaMundialDeLaRadio<\/h2>\n\n\n\n<p>Entre los numerosos actos que se est\u00e1n preparando para el D\u00eda Mundial de la Radio, la UNESCO invita a las emisoras de radio a aprovechar los nuevos recursos gratuitos, entre otros,&nbsp;&nbsp;<a href=\"https:\/\/www.unesco.org\/es\/days\/world-radio\/offers-technological-enterprises?hub=66636\">acceso a herramientas de IA relacionadas con la radiodifusi\u00f3n<\/a>&nbsp;and&nbsp;<a href=\"https:\/\/www.unesco.org\/es\/days\/world-radio\/ai-training-sessions?hub=66636\">formaciones gratuitas en IA<\/a>. Como en a\u00f1os anteriores, las emisoras pueden&nbsp;<a href=\"https:\/\/webforms.unesco.org\/en\/form\/mde002\">inscribirse<\/a>&nbsp;para que su emisora aparezca&nbsp;<a href=\"https:\/\/www.unesco.org\/en\/days\/world-radio\/map?hub=66636\">mapa del D\u00eda Mundial de la Radio<\/a>.<\/p>\n\n\n\n<p>Tu emisora de radio tendr\u00e1 la oportunidad de conectar con una emisora de otra localidad o pa\u00eds. A trav\u00e9s de estas colaboraciones, podr\u00e9is intercambiar ideas, materiales e historias, experiencias, archivos sonoros; compartir programas, considerar una coproducci\u00f3n, e incluso plantearse establecer una relaci\u00f3n a largo plazo m\u00e1s all\u00e1 del 13 de febrero de 2025. \u00a1No dejes pasar esta oportunidad!<\/p>\n\n\n\n<figure class=\"wp-block-image\"><a href=\"https:\/\/www.unesco.org\/es\/days\/world-radio\/13ideas?hub=66636\"><img data-recalc-dims=\"1\" decoding=\"async\" src=\"https:\/\/i0.wp.com\/www.un.org\/sites\/un2.un.org\/files\/wrd2026_13ideas_01_voix_augmente.jpg?w=640&#038;ssl=1\" alt=\"A microphone lighted by two focus\"\/><\/a><\/figure>\n\n\n\n<h3 class=\"wp-block-heading\">&nbsp;<\/h3>\n\n\n\n<h3 class=\"wp-block-heading\">13 ideas para celebrar el 13 de febrero<\/h3>\n\n\n\n<p>Animamos a las emisoras de radio a preparar programas en directo con \u201c<a href=\"https:\/\/www.unesco.org\/es\/days\/world-radio\/13ideas?hub=66636\">13 ideas para celebrar el 13 de febrero<\/a>\u00ab.<\/p>\n\n\n\n<h3 class=\"wp-block-heading\">Antecedentes<\/h3>\n\n\n\n<p>Proclamado en 2011 por la UNESCO y respaldado por la Asamblea General de las Naciones Unidas (<a href=\"https:\/\/undocs.org\/A\/RES\/67\/124\">A\/RES\/67\/124<\/a>) en 2012, el D\u00eda Mundial de la Radio conmemora la fecha en que se cre\u00f3 la&nbsp;<a href=\"http:\/\/media.un.org\/avlibrary\/en\/series\/un-radio-classics\">Radio de las Naciones Unidas<\/a>&nbsp;en 1946.<\/p>\n\n\n\n<p>La radio es un medio de comunicaci\u00f3n \u00fanico para celebrar la diversidad humana y constituye una plataforma para el discurso democr\u00e1tico. La radio sigue siendo, adem\u00e1s, el medio de comunicaci\u00f3n m\u00e1s usado en todo el mundo. Esta capacidad de llegar al mayor n\u00famero de p\u00fablico posible la convierte en una herramienta indispensable para dar forma a la experiencia de la sociedad en la diversidad, y es el escenario perfecto para que todas las voces se expresen libremente, se sientan representadas y puedan ser escuchadas. Las emisoras de radio deben servir a comunidades diversas, ofrecer una amplia variedad de programas, puntos de vista y contenido, y deben reflejar la diversidad de audiencias en sus organizaciones y operaciones.<\/p>\n\n\n\n<p>La radio es un medio potente y de bajo coste, adecuado sobre todo para llegar a las comunidades m\u00e1s remotas y a las vulnerables. La radio estimula el debate p\u00fablico y permite una participaci\u00f3n igualitaria, independientemente del nivel educativo de los oyentes. Asimismo, la radio desempe\u00f1a un papel fundamental en la comunicaci\u00f3n en situaciones de emergencia y en las operaciones de socorro en casos de desastre.<\/p>\n\n\n\n<p>Este medio se encuentra en una posici\u00f3n \u00fanica para unir a las comunidades y fomentar el di\u00e1logo positivo y el cambio. Al escuchar a sus audiencias y responder a sus necesidades, los servicios de la radio nos proveen de los distintos puntos de vista y diferentes voces que necesitamos para afrontar los cambios a los que nos enfrentamos en la actualidad.<\/p>\n\n\n\n<p><\/p>\n\n\n\n<p>un.org<\/p>\n","protected":false},"excerpt":{"rendered":"<p>Si se utiliza de forma \u00e9tica y responsable para favorecer el criterio profesional, la creatividad y los valores del servicio p\u00fablico, la inteligencia artificial (IA) puede ser un valioso aliado para fidelizar al p\u00fablico. Foto:UNESCO La radio y la inteligencia artificial La radio se encuentra en un momento de transformaci\u00f3n y la inteligencia artificial puede [&hellip;]<\/p>\n","protected":false},"author":1,"featured_media":203789,"comment_status":"open","ping_status":"open","sticky":false,"template":"","format":"standard","meta":{"_acf_changed":false,"_jetpack_memberships_contains_paid_content":false,"footnotes":"","jetpack_publicize_message":"","jetpack_publicize_feature_enabled":true,"jetpack_social_post_already_shared":true,"jetpack_social_options":{"image_generator_settings":{"template":"highway","default_image_id":0,"font":"","enabled":false},"version":2}},"categories":[108],"tags":[],"class_list":["post-203788","post","type-post","status-publish","format-standard","has-post-thumbnail","hentry","category-dia-mundial"],"acf":[],"jetpack_publicize_connections":[],"jetpack_featured_media_url":"https:\/\/i0.wp.com\/sportseco.com\/wp-content\/uploads\/2026\/02\/audrey-hepburn.jpg?fit=717%2C478&ssl=1","jetpack_sharing_enabled":true,"_links":{"self":[{"href":"https:\/\/sportseco.com\/index.php?rest_route=\/wp\/v2\/posts\/203788","targetHints":{"allow":["GET"]}}],"collection":[{"href":"https:\/\/sportseco.com\/index.php?rest_route=\/wp\/v2\/posts"}],"about":[{"href":"https:\/\/sportseco.com\/index.php?rest_route=\/wp\/v2\/types\/post"}],"author":[{"embeddable":true,"href":"https:\/\/sportseco.com\/index.php?rest_route=\/wp\/v2\/users\/1"}],"replies":[{"embeddable":true,"href":"https:\/\/sportseco.com\/index.php?rest_route=%2Fwp%2Fv2%2Fcomments&post=203788"}],"version-history":[{"count":1,"href":"https:\/\/sportseco.com\/index.php?rest_route=\/wp\/v2\/posts\/203788\/revisions"}],"predecessor-version":[{"id":203790,"href":"https:\/\/sportseco.com\/index.php?rest_route=\/wp\/v2\/posts\/203788\/revisions\/203790"}],"wp:featuredmedia":[{"embeddable":true,"href":"https:\/\/sportseco.com\/index.php?rest_route=\/wp\/v2\/media\/203789"}],"wp:attachment":[{"href":"https:\/\/sportseco.com\/index.php?rest_route=%2Fwp%2Fv2%2Fmedia&parent=203788"}],"wp:term":[{"taxonomy":"category","embeddable":true,"href":"https:\/\/sportseco.com\/index.php?rest_route=%2Fwp%2Fv2%2Fcategories&post=203788"},{"taxonomy":"post_tag","embeddable":true,"href":"https:\/\/sportseco.com\/index.php?rest_route=%2Fwp%2Fv2%2Ftags&post=203788"}],"curies":[{"name":"wp","href":"https:\/\/api.w.org\/{rel}","templated":true}]}}