{"id":203831,"date":"2026-02-14T08:21:03","date_gmt":"2026-02-14T13:21:03","guid":{"rendered":"https:\/\/sportseco.com\/?p=203831"},"modified":"2026-02-14T08:21:03","modified_gmt":"2026-02-14T13:21:03","slug":"dia-mundial-de-la-energia-14-de-enero","status":"publish","type":"post","link":"https:\/\/sportseco.com\/?p=203831","title":{"rendered":"D\u00eda Mundial de la Energ\u00eda, 14 de enero"},"content":{"rendered":"\n<p><strong>El 14 de febrero se celebra el D\u00eda Mundial de la Energ\u00eda<\/strong>, una fecha muy significativa que apoya el uso sostenible de la energ\u00eda y los recursos energ\u00e9ticos, garantizando el uso de este recurso vital en cada rinc\u00f3n del planeta.<\/p>\n\n\n\n<p>El D\u00eda Mundial de la Energ\u00eda promueve la utilizaci\u00f3n de las energ\u00edas limpias que se obtienen de la naturaleza, a trav\u00e9s del sol y el agua, destacando su impacto ambiental.<\/p>\n\n\n\n<figure class=\"wp-block-image\"><img data-recalc-dims=\"1\" decoding=\"async\" src=\"https:\/\/i0.wp.com\/www.diainternacionalde.com\/imagenes\/dias\/febrero\/02-14_dia-mundial-energia_s.jpg?w=640&#038;ssl=1\" alt=\"\" title=\"\"\/><\/figure>\n\n\n\n<p>Con esta conmemoraci\u00f3n se pretende contribuir al logro de los siguientes Objetivos de Desarrollo Sostenible (ODS), contemplados en la Agenda 2030 para el Desarrollo Sostenible:<\/p>\n\n\n\n<p><\/p>\n\n\n\n<ul class=\"wp-block-list\">\n<li>Garantizar el acceso universal a fuentes de energ\u00eda asequibles y modernas.<\/li>\n\n\n\n<li>Expandir el uso de fuentes de energ\u00eda renovables.<\/li>\n\n\n\n<li>Mejorar la eficiencia energ\u00e9tica.<\/li>\n<\/ul>\n\n\n\n<h2 class=\"wp-block-heading\" id=\"resTit_1\">Origen del D\u00eda Mundial de la Energ\u00eda<\/h2>\n\n\n\n<p><strong>El D\u00eda Mundial de la Energ\u00eda se cre\u00f3 en el a\u00f1o 1949<\/strong>, con la finalidad de sensibilizar y concienciar a la poblaci\u00f3n mundial acerca del uso de fuentes de energ\u00edas alternativas y renovables como la energ\u00eda solar, la energ\u00eda e\u00f3lica y la biomasa, disminuyendo de esta manera el uso de energ\u00edas no renovables.<\/p>\n\n\n\n<h2 class=\"wp-block-heading\" id=\"resTit_2\">La energ\u00eda en cifras<\/h2>\n\n\n\n<p>De acuerdo a datos reflejados en informes anuales recientes del Programa de Naciones Unidas para el Medio Ambiente (PNUMA), se estima que m\u00e1s de un tercio de la poblaci\u00f3n mundial no tiene ning\u00fan acceso a las formas avanzadas de energ\u00eda.<\/p>\n\n\n\n<p>En contraposici\u00f3n a esto, los 30 pa\u00edses m\u00e1s desarrollados del planeta contabilizan un consumo de m\u00e1s del 60% de estas alternativas de energ\u00eda diariamente y sin interrupciones. Esto evidencia la utilizaci\u00f3n masiva de dispositivos y equipos que requieren de una elevada carga energ\u00e9tica.<\/p>\n\n\n\n<figure class=\"wp-block-image\"><img data-recalc-dims=\"1\" decoding=\"async\" src=\"https:\/\/i0.wp.com\/www.diainternacionalde.com\/imagenes\/dias\/febrero\/02-14_dia-mundial-energia2_s.jpg?w=640&#038;ssl=1\" alt=\"\" title=\"\"\/><\/figure>\n\n\n\n<p>Por otra parte, en la actualidad se estima que el 13% de la poblaci\u00f3n mundial, aproximadamente 1.100 millones de personas, no tiene acceso a servicios b\u00e1sicos de electricidad. Una de las regiones m\u00e1s afectadas es el \u00c1frica subsahariana.<\/p>\n\n\n\n<p>Es de vital importancia que las naciones unan esfuerzos, orientados a consolidar el acceso universal a la energ\u00eda.<\/p>\n\n\n\n<p>La utilizaci\u00f3n de fuentes no renovables a partir de combustibles f\u00f3siles como petr\u00f3leo, gas y carb\u00f3n est\u00e1 estimada en un 80%, mientras que apenas se genera un 2% de energ\u00edas renovables.<\/p>\n\n\n\n<p>Es por ello que la celebraci\u00f3n de este d\u00eda mundial pretende revertir esta realidad que impacta de manera negativa al medio ambiente.<\/p>\n\n\n\n<h2 class=\"wp-block-heading\" id=\"resTit_3\">Iniciativas internacionales para una energ\u00eda sostenible<\/h2>\n\n\n\n<p>A continuaci\u00f3n mencionamos algunas de las iniciativas que se han llevado a cabo a nivel internacional, a favor de la energ\u00eda:<\/p>\n\n\n\n<ul class=\"wp-block-list\">\n<li>La\u00a0<strong>Uni\u00f3n Europea<\/strong>\u00a0estableci\u00f3 en el a\u00f1o 2009 como objetivo previsto para el a\u00f1o 2020 que el 20% de la energ\u00eda usada fuera renovable.<\/li>\n\n\n\n<li>Los l\u00edderes de la\u00a0<strong>Uni\u00f3n Europea<\/strong>\u00a0plantearon en el a\u00f1o 2018 proyectar su objetivo para el a\u00f1o 2030 a un 32 %.<\/li>\n\n\n\n<li><strong>Copenhagen<\/strong>\u00a0(Dinamarca) plante\u00f3, para el 2025, convertirse en una ciudad neutral en carbono.<\/li>\n\n\n\n<li>En\u00a0<strong>Am\u00e9rica Latina<\/strong>, pa\u00edses como\u00a0<strong>Chile<\/strong>\u00a0y\u00a0<strong>Costa Rica<\/strong>\u00a0producen energ\u00eda verde, con un 65% de fuentes de energ\u00edas renovables.<\/li>\n<\/ul>\n\n\n\n<h2 class=\"wp-block-heading\" id=\"resTit_4\">\u00bfC\u00f3mo podemos apoyar la celebraci\u00f3n de este d\u00eda?<\/h2>\n\n\n\n<p>En la celebraci\u00f3n del&nbsp;<strong>D\u00eda Mundial de la Energ\u00eda&nbsp;<\/strong>debemos reflexionar y tomar conciencia, hoy y todos los d\u00edas, acerca de la importancia del uso racional de la energ\u00eda en nuestra vida cotidiana.<\/p>\n\n\n\n<p>Una manera sencilla de contribuir al ahorro de energ\u00eda radica en racionalizar el uso de equipos y aparatos electrodom\u00e9sticos que consumen energ\u00eda de manera pasiva, conocido como&nbsp;<strong><em>\u00abvampiros energ\u00e9ticos\u00bb<\/em><\/strong>:<\/p>\n\n\n\n<ul class=\"wp-block-list\">\n<li>Televisores.<\/li>\n\n\n\n<li>Cargadores de computadoras y celulares.<\/li>\n\n\n\n<li>Sistemas de audio.<\/li>\n\n\n\n<li>Microondas.<\/li>\n\n\n\n<li>Decodificadores de televisi\u00f3n, entre otros aparatos y equipos.<\/li>\n<\/ul>\n\n\n\n<p>Puedes consultar informaci\u00f3n adicional acerca de este tema en los art\u00edculos sobre el&nbsp;<a href=\"https:\/\/www.diainternacionalde.com\/ficha\/dia-mundial-eficiencia-energetica\" target=\"_blank\" rel=\"noreferrer noopener\"><strong>D\u00eda Mundial de la Eficiencia Energ\u00e9tica&nbsp;<\/strong><\/a>y el&nbsp;<a href=\"https:\/\/www.diainternacionalde.com\/ficha\/dia-mundial-del-ahorro-energia\" target=\"_blank\" rel=\"noreferrer noopener\"><strong>D\u00eda Mundial del Ahorro de Energ\u00eda<\/strong><\/a>.<\/p>\n\n\n\n<p>Comparte informaci\u00f3n \u00fatil e interesante sobre el&nbsp;<strong>D\u00eda Mundial de la Energ\u00eda<\/strong>, en las redes sociales. Utiliza los hashtags&nbsp;<em><strong>#Energ\u00eda #DiaMundialdelaEnergia<\/strong><\/em><\/p>\n\n\n\n<p><\/p>\n\n\n\n<p><\/p>\n\n\n\n<p>diainternacionalde.com<\/p>\n","protected":false},"excerpt":{"rendered":"<p>El 14 de febrero se celebra el D\u00eda Mundial de la Energ\u00eda, una fecha muy significativa que apoya el uso sostenible de la energ\u00eda y los recursos energ\u00e9ticos, garantizando el uso de este recurso vital en cada rinc\u00f3n del planeta. El D\u00eda Mundial de la Energ\u00eda promueve la utilizaci\u00f3n de las energ\u00edas limpias que se [&hellip;]<\/p>\n","protected":false},"author":1,"featured_media":203832,"comment_status":"open","ping_status":"open","sticky":false,"template":"","format":"standard","meta":{"_acf_changed":false,"_jetpack_memberships_contains_paid_content":false,"footnotes":"","jetpack_publicize_message":"","jetpack_publicize_feature_enabled":true,"jetpack_social_post_already_shared":true,"jetpack_social_options":{"image_generator_settings":{"template":"highway","default_image_id":0,"font":"","enabled":false},"version":2}},"categories":[108],"tags":[],"class_list":["post-203831","post","type-post","status-publish","format-standard","has-post-thumbnail","hentry","category-dia-mundial"],"acf":[],"jetpack_publicize_connections":[],"jetpack_featured_media_url":"https:\/\/i0.wp.com\/sportseco.com\/wp-content\/uploads\/2026\/02\/02-14_dia-mundial-energia.jpg?fit=305%2C203&ssl=1","jetpack_sharing_enabled":true,"_links":{"self":[{"href":"https:\/\/sportseco.com\/index.php?rest_route=\/wp\/v2\/posts\/203831","targetHints":{"allow":["GET"]}}],"collection":[{"href":"https:\/\/sportseco.com\/index.php?rest_route=\/wp\/v2\/posts"}],"about":[{"href":"https:\/\/sportseco.com\/index.php?rest_route=\/wp\/v2\/types\/post"}],"author":[{"embeddable":true,"href":"https:\/\/sportseco.com\/index.php?rest_route=\/wp\/v2\/users\/1"}],"replies":[{"embeddable":true,"href":"https:\/\/sportseco.com\/index.php?rest_route=%2Fwp%2Fv2%2Fcomments&post=203831"}],"version-history":[{"count":1,"href":"https:\/\/sportseco.com\/index.php?rest_route=\/wp\/v2\/posts\/203831\/revisions"}],"predecessor-version":[{"id":203833,"href":"https:\/\/sportseco.com\/index.php?rest_route=\/wp\/v2\/posts\/203831\/revisions\/203833"}],"wp:featuredmedia":[{"embeddable":true,"href":"https:\/\/sportseco.com\/index.php?rest_route=\/wp\/v2\/media\/203832"}],"wp:attachment":[{"href":"https:\/\/sportseco.com\/index.php?rest_route=%2Fwp%2Fv2%2Fmedia&parent=203831"}],"wp:term":[{"taxonomy":"category","embeddable":true,"href":"https:\/\/sportseco.com\/index.php?rest_route=%2Fwp%2Fv2%2Fcategories&post=203831"},{"taxonomy":"post_tag","embeddable":true,"href":"https:\/\/sportseco.com\/index.php?rest_route=%2Fwp%2Fv2%2Ftags&post=203831"}],"curies":[{"name":"wp","href":"https:\/\/api.w.org\/{rel}","templated":true}]}}