{"id":203863,"date":"2026-02-14T18:49:46","date_gmt":"2026-02-14T23:49:46","guid":{"rendered":"https:\/\/sportseco.com\/?p=203863"},"modified":"2026-02-14T18:55:28","modified_gmt":"2026-02-14T23:55:28","slug":"doble-golpe-como-clave-la-formula-del-exito-detras-de-la-victoria-en-el-weserstadion","status":"publish","type":"post","link":"https:\/\/sportseco.com\/?p=203863","title":{"rendered":"Doble golpe como clave: la f\u00f3rmula del \u00e9xito detr\u00e1s de la victoria en el Weserstadion"},"content":{"rendered":"\n<p>En la Copa contra el Leipzig el pasado mi\u00e9rcoles por la noche fueron dos goles en tres minutos. Y el s\u00e1bado por la tarde en la Bundesliga en Bremen volvieron a ser dos goles en tres minutos los que encaminaron decisivamente el partido hacia la victoria del FC Bayern Munich:&nbsp;<a href=\"https:\/\/fcbayern.com\/es\/teams\/first-team\/harry-kane\">Harry Kane<\/a>&nbsp;marc\u00f3 primero de penalti (minuto 22) y posteriormente gracias a un m\u00e1gico disparo con la derecha (minuto 25) para poner el 0-2 ante un SV Werder Bremen que no fue en absoluto d\u00e9bil, dejando el encuentro pr\u00e1cticamente sentenciado. M\u00e1s tarde,&nbsp;<a href=\"https:\/\/fcbayern.com\/es\/teams\/first-team\/leon-goretzka\">Leon Goretzka<\/a>&nbsp;puso el 0-3 definitivo, sellando la 16\u00aa victoria consecutiva como visitante del campe\u00f3n r\u00e9cord alem\u00e1n en el Weserstadion. De este modo, el Bayern sigue invicto fuera de casa en la Bundesliga, con 20 partidos ligueros consecutivos sin perder; solo entre 1985 y 1987 (26 partidos) y entre 2012 y 2014 (33) los muniqueses tuvieron rachas m\u00e1s largas como visitantes en la Bundesliga.&nbsp;&nbsp;<\/p>\n\n\n\n<h2 class=\"wp-block-heading\">Lucha y compromiso a temperaturas bajo cero<\/h2>\n\n\n\n<p>Hasta que los tres puntos quedaron oficialmente asegurados \u2014el perseguidor Borussia Dortmund se hab\u00eda acercado a solo tres puntos del l\u00edder tras cosechar un 4-0 un d\u00eda antes contra el Mainz\u2014 el Bremen, amenazado por el descenso, comenz\u00f3 tanto tras el pitido inicial como tras la reanudaci\u00f3n con un valiente impulso ofensivo que sorprendi\u00f3 a los visitantes, que salieron algo desordenados del vestuario en algunos momentos. Apenas se notaba que se trataba del 16\u00ba en la clasificaci\u00f3n, de que llevaban diez partidos seguidos sin ganar, del cambio de entrenador o que delante estaba el tercer peor ataque de la Bundesliga. El Bremen intent\u00f3, con lucha y compromiso en el fr\u00edo del norte, quitarle la alegr\u00eda de jugar al gran favorito, y apareci\u00f3 repetidamente con peligro ante la porter\u00eda b\u00e1vara.<\/p>\n\n\n\n<figure class=\"wp-block-image\"><img data-recalc-dims=\"1\" decoding=\"async\" src=\"https:\/\/i0.wp.com\/img.fcbayern.com\/image\/upload\/f_auto\/q_auto\/ar_16%3A9%2Cc_fill%2Cg_custom%2Cw_1024\/v1771089182\/cms\/public\/images\/fcbayern-com\/homepage\/Saison-25-26\/Galerien\/Spiele\/svw-fcb\/05-bremen-fcbayern-260214-get.jpg?w=640&#038;ssl=1\" alt=\"\"\/><figcaption class=\"wp-element-caption\">\u00a9 Getty Images<\/figcaption><\/figure>\n\n\n\n<p>Cuando el Bayern fue asumiendo cada vez m\u00e1s el control del juego, alcanzando cerca del 70 % de posesi\u00f3n pero todav\u00eda con dificultades para aumentar el ritmo tras el 2-0 ante Leipzig del mi\u00e9rcoles, el Bremen se mantuvo agresivo y disciplinado en defensa. Solo cuando&nbsp;<a href=\"https:\/\/fcbayern.com\/es\/teams\/first-team\/lennart-karl\">Lennart Karl<\/a>&nbsp;inici\u00f3 un gran regate, dej\u00f3 atr\u00e1s a dos defensores dentro del \u00e1rea y un tercero derrib\u00f3 al joven de 17 a\u00f1os, Kane aprovech\u00f3 la gran oportunidad desde el punto de penalti para abrir el marcador. Fue ya su noveno gol de penalti en esta temporada de Bundesliga. Solo Paul Breitner, leyenda del Bayern,&nbsp; marc\u00f3 m\u00e1s penaltis en una misma temporada (1980\/81).<\/p>\n\n\n\n<h2 class=\"wp-block-heading\">R\u00e9cord de Lewandowski igualado<\/h2>\n\n\n\n<p>Cuando Kane, tras una fuerte presi\u00f3n de Goretzka, marc\u00f3 tambi\u00e9n el 2-0 con un disparo lejano \u00abextraordinario\u00bb (en palabras de Goretzka) y alcanz\u00f3 as\u00ed su gol n\u00famero 26 de la temporada \u2014tantos como en toda la pasada campa\u00f1a de la Bundesliga\u2014 el Bremen sigui\u00f3 sin desmoronarse. Los locales mostraron car\u00e1cter y continuaron compitiendo con intensidad. El goleador muniqu\u00e9s volvi\u00f3 a hacer historia: 26 goles en 22 jornadas igualan el r\u00e9cord liguero; solo Robert Lewandowski en 2020\/21 y 2021\/22 hab\u00eda logrado tantos goles en las primeras 22 jornadas de una temporada.&nbsp;\u00abEn la primera parte no estuvimos del todo seguros en los pases y cometimos algunos errores f\u00e1ciles\u00bb, analiz\u00f3&nbsp;<a href=\"https:\/\/fcbayern.com\/es\/teams\/first-team\/coaches-and-staff\/christoph-freund\">Christoph Freund<\/a>, director deportivo del Bayern: \u00abCon el penalti y el gran gol de Harry tomamos la direcci\u00f3n correcta\u00bb. Para Kane, el disparo lejano que supuso el 2-0 fue su gol n\u00famero 500 como profesional: \u00a1qu\u00e9 cifra!&nbsp;&nbsp;<\/p>\n\n\n\n<p>Aunque el Bayern se fue al descanso con una&nbsp;merecida ventaja, solo hab\u00eda realizado cuatro disparos a puerta; solo hab\u00eda logrado menos en la primera parte esta temporada en el partido de Champions en el campo del Arsenal a finales de noviembre (tres disparos).<\/p>\n\n\n\n<p><a href=\"https:\/\/fcbayern.com\/es\/matches\/profis\/bundesliga\/2025-2026\/sv-werder-bremen-fc-bayern-muenchen-14-02-2026\/report\"><\/a><\/p>\n\n\n\n<figure class=\"wp-block-image\"><a class=\"AnchorElement-sc-1vd5ygo-0 bIENxt TeaserLink-sc-1z0lt6k-1 iXYIqd\" href=\"https:\/\/fcbayern.com\/es\/matches\/profis\/bundesliga\/2025-2026\/sv-werder-bremen-fc-bayern-muenchen-14-02-2026\/report\"><img data-recalc-dims=\"1\" decoding=\"async\" src=\"https:\/\/i0.wp.com\/img.fcbayern.com\/image\/upload\/f_auto\/q_auto\/ar_16%3A9%2Cc_fill%2Cg_custom%2Cw_1024\/v1771081648\/cms\/public\/images\/fcbayern-com\/homepage\/Saison-25-26\/Galerien\/Spiele\/svw-fcb\/06-bremen-fcbayern-260214-ima.jpg?w=640&#038;ssl=1\" alt=\"\"\/><\/a><\/figure>\n\n\n\n<figure class=\"wp-block-image\"><a class=\"AnchorElement-sc-1vd5ygo-0 bIENxt TeaserLink-sc-1z0lt6k-1 iXYIqd\" href=\"https:\/\/fcbayern.com\/es\/matches\/profis\/bundesliga\/2025-2026\/sv-werder-bremen-fc-bayern-muenchen-14-02-2026\/report\"><img data-recalc-dims=\"1\" decoding=\"async\" src=\"https:\/\/i0.wp.com\/img.fcbayern.com\/image\/upload\/f_auto\/q_auto\/ar_1%3A1%2Cc_fill%2Cg_custom%2Cw_64\/v1601391263\/cms\/public\/images\/fcbayern-com\/logos\/bundesliga\/werderbremen_500x500.png?w=640&#038;ssl=1\" alt=\"\"\/><\/a><\/figure>\n\n\n\n<p><a href=\"https:\/\/fcbayern.com\/es\/matches\/profis\/bundesliga\/2025-2026\/sv-werder-bremen-fc-bayern-muenchen-14-02-2026\/report\"><\/a><\/p>\n\n\n\n<figure class=\"wp-block-image\"><a class=\"AnchorElement-sc-1vd5ygo-0 bIENxt TeaserLink-sc-1z0lt6k-1 iXYIqd\" href=\"https:\/\/fcbayern.com\/es\/matches\/profis\/bundesliga\/2025-2026\/sv-werder-bremen-fc-bayern-muenchen-14-02-2026\/report\"><img data-recalc-dims=\"1\" decoding=\"async\" src=\"https:\/\/i0.wp.com\/img.fcbayern.com\/image\/upload\/f_auto\/q_auto\/ar_1%3A1%2Cc_fill%2Cg_custom%2Cw_64\/v1765190623\/cms\/public\/images\/fcbayern-com\/logos\/bundesliga\/fcb-logo.png?w=640&#038;ssl=1\" alt=\"Vereinslogo FC Bayern M\u00fcnchen\"\/><\/a><\/figure>\n\n\n\n<p><a href=\"https:\/\/fcbayern.com\/es\/matches\/profis\/bundesliga\/2025-2026\/sv-werder-bremen-fc-bayern-muenchen-14-02-2026\/report\"><\/a><a href=\"https:\/\/fcbayern.com\/es\/matches\/profis\/bundesliga\/2025-2026\/sv-werder-bremen-fc-bayern-muenchen-14-02-2026\/report\">Cr\u00f3nicaGaler\u00eda<\/a><\/p>\n\n\n\n<p><a href=\"https:\/\/fcbayern.com\/es\/matches\/profis\/bundesliga\/2025-2026\/sv-werder-bremen-fc-bayern-muenchen-14-02-2026\/report\">\u00a10-3 en Bremen! El Bayern logra una nueva victoria ante el Werder<\/a><\/p>\n\n\n\n<p>Quien pensara que el Bremen bajar\u00eda los brazos ante la desventaja y la superioridad muniquesa, se equivocaba. Un cabezazo de Kr\u00fcll se estrell\u00f3 en el palo de la porter\u00eda defendida por&nbsp;<a href=\"https:\/\/fcbayern.com\/es\/teams\/first-team\/jonas-urbig\">Jonas Urbig<\/a>,&nbsp;<a href=\"https:\/\/fcbayern.com\/es\/teams\/first-team\/manuel-neuer\">Manuel Neuer<\/a>&nbsp;se hab\u00eda quedado en el vestuario por leves molestias en el gemelo. \u00abFue una medida preventiva, no quer\u00edamos arriesgar nada; tiene una ligera sobrecarga en el gemelo\u00bb, explic\u00f3 Freund. \u00abJonas Urbig lo ha vuelto a hacer muy bien; su lenguaje corporal y c\u00f3mo participa en el juego\u2026 siempre que lo necesitamos, est\u00e1 ah\u00ed\u00bb.&nbsp;&nbsp;<\/p>\n\n\n\n<p>Y el guardameta fue exigido, porque ese cabezazo marc\u00f3 el inicio de la mejor fase del Bremen. El Bayern sigui\u00f3 cometiendo errores en el pase y posicionamiento que los locales aprovecharon, impulsados por su afici\u00f3n. Hasta el minuto 60 el balance de disparos era de 3 a favor del Bremen y 0 para el Bayern, y Urbig detuvo una ocasi\u00f3n clar\u00edsima cuando Schmid qued\u00f3 solo ante el gaurdameta del conjunto b\u00e1varo.<\/p>\n\n\n\n<h2 class=\"wp-block-heading\">Dos jugadores creativos marcan la diferencia<\/h2>\n\n\n\n<p><a href=\"https:\/\/fcbayern.com\/es\/teams\/first-team\/coaches-and-staff\/vincent-kompany\">Vincent Kompany<\/a>&nbsp;reaccion\u00f3 introduciendo piernas frescas y, con&nbsp;<a href=\"https:\/\/fcbayern.com\/es\/teams\/first-team\/jamal-musiala\">Jamal Musiala<\/a>&nbsp;y&nbsp;<a href=\"https:\/\/fcbayern.com\/es\/teams\/first-team\/alphonso-davies\">Alphonso Davies<\/a>, dos jugadores con enorme potencial creativo. Que pod\u00edan marcar la diferencia por s\u00ed solos lo demostraron en su primera acci\u00f3n ofensiva: Musiala de tac\u00f3n para Davies, el canadiense con gran visi\u00f3n para Goretzka, y este marc\u00f3 su primer gol como visitante en casi un a\u00f1o para hacer el 0-3. Fue el golpe final al coraz\u00f3n futbol\u00edstico del Bremen. La esperanza verdiblanca qued\u00f3 definitivamente quebrada.&nbsp;Como adem\u00e1s, Kimmich y Kane se marcharon antes, el brazalete de capit\u00e1n pas\u00f3 en este encuentro por cuatro jugadores del Bayern: Neuer,&nbsp;<a href=\"https:\/\/fcbayern.com\/es\/teams\/first-team\/joshua-kimmich\">Kimmich<\/a>, Kane y finalmente&nbsp;<a href=\"https:\/\/fcbayern.com\/es\/teams\/first-team\/jonathan-tah\">Jonathan Tah<\/a>.&nbsp;<\/p>\n\n\n\n<figure class=\"wp-block-image\"><img data-recalc-dims=\"1\" decoding=\"async\" src=\"https:\/\/i0.wp.com\/img.fcbayern.com\/image\/upload\/f_auto\/q_auto\/ar_16%3A9%2Cc_fill%2Cg_custom%2Cw_1024\/v1771089202\/cms\/public\/images\/fcbayern-com\/homepage\/Saison-25-26\/Galerien\/Spiele\/svw-fcb\/22-bremen-fcbayern-260214-get.jpg?w=640&#038;ssl=1\" alt=\"\"\/><figcaption class=\"wp-element-caption\">\u00a9 Getty Images<\/figcaption><\/figure>\n\n\n\n<p>Tambi\u00e9n destacable antes de regresar desde el fr\u00edo norte con tres importantes puntos a M\u00fanich: la asistencia de&nbsp;<a href=\"https:\/\/fcbayern.com\/es\/teams\/first-team\/luis-diaz\">Luis D\u00eda<\/a>z en el 0-2 de Kane fue su d\u00e9cima asistencia en 21 partidos con el club \u2014solo&nbsp;<a href=\"https:\/\/fcbayern.com\/es\/teams\/first-team\/michael-olise\">Michael Olise<\/a>, ausente esta vez por sanci\u00f3n, suma m\u00e1s (doce)\u2014. D\u00edaz logr\u00f3 esa misma cifra con el Liverpool en 73 partidos de Premier League.<\/p>\n\n\n\n<h2 class=\"wp-block-heading\">\u00abLa sensaci\u00f3n de que esta temporada es posible lograr muchas cosas\u00bb<\/h2>\n\n\n\n<p>Todos quieren celebrar grandes triunfos: \u00abEsta temporada tenemos la sensaci\u00f3n de que es posible lograr muchas cosas\u00bb, confes\u00f3 Goretzka. \u00abTengo la suerte de haber estado cuando ganamos seis t\u00edtulos en un a\u00f1o. S\u00e9 lo incre\u00edble que fue aquella \u00e9poca. Entonces dijimos que quer\u00edamos repetirlo con aficionados; por el coronavirus no fue posible. Lo daremos todo para poder celebrar al final los grandes t\u00edtulos junto a los aficionados\u00bb.&nbsp;El entrenador&nbsp;<a href=\"https:\/\/fcbayern.com\/es\/teams\/first-team\/coaches-and-staff\/vincent-kompany\">Vincent Kompany<\/a>&nbsp;lo expres\u00f3 de forma similar: \u00abSi el equipo est\u00e1 como ahora, entonces podemos ganar mucho. Eso es lo importante al final\u00bb.&nbsp;&nbsp;<\/p>\n\n\n\n<p><\/p>\n\n\n\n<p>fcbayern.com<\/p>\n","protected":false},"excerpt":{"rendered":"<p>En la Copa contra el Leipzig el pasado mi\u00e9rcoles por la noche fueron dos goles en tres minutos. Y el s\u00e1bado por la tarde en la Bundesliga en Bremen volvieron a ser dos goles en tres minutos los que encaminaron decisivamente el partido hacia la victoria del FC Bayern Munich:&nbsp;Harry Kane&nbsp;marc\u00f3 primero de penalti (minuto [&hellip;]<\/p>\n","protected":false},"author":1,"featured_media":203864,"comment_status":"open","ping_status":"open","sticky":false,"template":"","format":"standard","meta":{"_acf_changed":false,"_jetpack_memberships_contains_paid_content":false,"footnotes":"","jetpack_publicize_message":"","jetpack_publicize_feature_enabled":true,"jetpack_social_post_already_shared":true,"jetpack_social_options":{"image_generator_settings":{"template":"highway","default_image_id":0,"font":"","enabled":false},"version":2}},"categories":[5],"tags":[],"class_list":["post-203863","post","type-post","status-publish","format-standard","has-post-thumbnail","hentry","category-futbol"],"acf":[],"jetpack_publicize_connections":[],"jetpack_featured_media_url":"https:\/\/sportseco.com\/wp-content\/uploads\/2026\/02\/25-bremen-fcbayern-260214-mel-scaled.avif","jetpack_sharing_enabled":true,"_links":{"self":[{"href":"https:\/\/sportseco.com\/index.php?rest_route=\/wp\/v2\/posts\/203863","targetHints":{"allow":["GET"]}}],"collection":[{"href":"https:\/\/sportseco.com\/index.php?rest_route=\/wp\/v2\/posts"}],"about":[{"href":"https:\/\/sportseco.com\/index.php?rest_route=\/wp\/v2\/types\/post"}],"author":[{"embeddable":true,"href":"https:\/\/sportseco.com\/index.php?rest_route=\/wp\/v2\/users\/1"}],"replies":[{"embeddable":true,"href":"https:\/\/sportseco.com\/index.php?rest_route=%2Fwp%2Fv2%2Fcomments&post=203863"}],"version-history":[{"count":1,"href":"https:\/\/sportseco.com\/index.php?rest_route=\/wp\/v2\/posts\/203863\/revisions"}],"predecessor-version":[{"id":203865,"href":"https:\/\/sportseco.com\/index.php?rest_route=\/wp\/v2\/posts\/203863\/revisions\/203865"}],"wp:featuredmedia":[{"embeddable":true,"href":"https:\/\/sportseco.com\/index.php?rest_route=\/wp\/v2\/media\/203864"}],"wp:attachment":[{"href":"https:\/\/sportseco.com\/index.php?rest_route=%2Fwp%2Fv2%2Fmedia&parent=203863"}],"wp:term":[{"taxonomy":"category","embeddable":true,"href":"https:\/\/sportseco.com\/index.php?rest_route=%2Fwp%2Fv2%2Fcategories&post=203863"},{"taxonomy":"post_tag","embeddable":true,"href":"https:\/\/sportseco.com\/index.php?rest_route=%2Fwp%2Fv2%2Ftags&post=203863"}],"curies":[{"name":"wp","href":"https:\/\/api.w.org\/{rel}","templated":true}]}}