{"id":204033,"date":"2026-02-18T08:22:10","date_gmt":"2026-02-18T13:22:10","guid":{"rendered":"https:\/\/sportseco.com\/?p=204033"},"modified":"2026-02-18T08:22:44","modified_gmt":"2026-02-18T13:22:44","slug":"comienzo-del-ramadan-17-de-febrero","status":"publish","type":"post","link":"https:\/\/sportseco.com\/?p=204033","title":{"rendered":"Comienzo del Ramad\u00e1n, 17 de febrero"},"content":{"rendered":"\n<p>En la tradici\u00f3n isl\u00e1mica se celebra un evento de suma importancia para los musulmanes alrededor del mundo. Es el&nbsp;<strong><em>Comienzo del Ramad\u00e1n<\/em><\/strong>, considerado el noveno mes dentro del calendario isl\u00e1mico.<\/p>\n\n\n\n<h2 class=\"wp-block-heading\" id=\"noticia-2026\">\u00bfCu\u00e1ndo se celebra Ramad\u00e1n en 2026?<\/h2>\n\n\n\n<p><strong>El Ramad\u00e1n 2026 comienza el 17 de febrero por la tarde hasta el 19 de marzo.<\/strong><\/p>\n\n\n\n<p>Con ello se conmemora la primera revelaci\u00f3n del profeta Mahoma, en la cual en el a\u00f1o 610 d.C. el arc\u00e1ngel Gabriel se le apareci\u00f3 al profeta Mahoma y le revel\u00f3 el Cor\u00e1n, considerado el libro sagrado del Islam. Es por ello que los musulmanes ayunan durante este mes para conmemorar esta revelaci\u00f3n del Cor\u00e1n, denominada&nbsp;<strong><em>Laylat Al Qadaro Noche del Destino<\/em><\/strong>.<\/p>\n\n\n\n<h2 class=\"wp-block-heading\" id=\"resTit_2\">\u00bfQu\u00e9 es el Ramad\u00e1n?<\/h2>\n\n\n\n<p>La palabra&nbsp;<strong><em>Ramad\u00e1n&nbsp;<\/em><\/strong>proviene de la ra\u00edz&nbsp;<em>Ramada<\/em>, que en \u00e1rabe significa quemar y ardiente. Constituye un periodo de ayuno, oraci\u00f3n y reflexi\u00f3n en el cual los pecados son perdonados, cuya duraci\u00f3n es de veintinueve a treinta d\u00edas. Comienza con la aparici\u00f3n de la luna creciente durante el \u00faltimo d\u00eda del mes de&nbsp;<strong><em>Shaab\u00e1n&nbsp;<\/em><\/strong>(octavo mes del calendario lunar isl\u00e1mico).<\/p>\n\n\n\n<figure class=\"wp-block-image\"><img data-recalc-dims=\"1\" decoding=\"async\" src=\"https:\/\/i0.wp.com\/www.diainternacionalde.com\/imagenes\/dias-religiosos\/abril\/04-13_ramadan_rezo_s.jpg?w=640&#038;ssl=1\" alt=\"La oraci\u00f3n es una parte fundamental del Ramad\u00e1n\" title=\"La oraci\u00f3n es una parte fundamental del Ramad\u00e1n\"\/><figcaption class=\"wp-element-caption\">La oraci\u00f3n es una parte fundamental del Ramad\u00e1n<\/figcaption><\/figure>\n\n\n\n<p><strong>Para el a\u00f1o 2025 el periodo de Ramad\u00e1n est\u00e1 previsto desde el 28 de febrero al 30 de marzo de 2025.<\/strong><\/p>\n\n\n\n<h2 class=\"wp-block-heading\" id=\"resTit_3\">Sobre el ayuno<\/h2>\n\n\n\n<p>Durante el Ramad\u00e1n se debe practicar diariamente el ayuno, que se inicia al amanecer y finaliza al ocaso de cada d\u00eda. Todos los musulmanes en edad adulta (hombres y mujeres) deben ayunar de manera obligatoria, a excepci\u00f3n de los siguientes casos:<\/p>\n\n\n\n<ul class=\"wp-block-list\">\n<li>Enfermos cr\u00f3nicos.<\/li>\n\n\n\n<li>Enfermos mentales.<\/li>\n\n\n\n<li>Menores de edad.<\/li>\n\n\n\n<li>Mujeres embarazadas, en periodo de lactancia o que tengan la menstruaci\u00f3n.<\/li>\n\n\n\n<li>Diab\u00e9ticos.<\/li>\n\n\n\n<li>Personas que est\u00e9n viajando.<\/li>\n<\/ul>\n\n\n\n<p>Igualmente se contemplan algunas excepciones en las cuales se permite desayunar durante el Ramad\u00e1n, con la posibilidad de recuperar los d\u00edas que no se hizo el ayuno:<\/p>\n\n\n\n<ul class=\"wp-block-list\">\n<li>Personas que ejercen trabajos pesados.<\/li>\n\n\n\n<li>Enfermos que puedan empeorar su estado de salud con el ayuno.<\/li>\n\n\n\n<li>Personas con hambre o sed severa, que pueda repercutir negativamente en su estado de salud.<\/li>\n\n\n\n<li>Personas que est\u00e1n de viaje pueden desayunar, cuando viajan la misma distancia por la que se le permite acortar las oraciones (un d\u00eda y una noche) y rezarlas juntas.<\/li>\n<\/ul>\n\n\n\n<p>Solamente se puede comer y tomar agua o l\u00edquidos antes del alba (<strong><em>Suhur<\/em><\/strong>) y despu\u00e9s del atardecer o el ocaso del d\u00eda. Al terminar el ayuno se comienza con una ingesta moderada de agua, fruta o d\u00e1tiles, celebrando con la familia y amistades mediante un fest\u00edn nocturno o&nbsp;<strong><em>Iftar.<\/em><\/strong><\/p>\n\n\n\n<figure class=\"wp-block-image\"><img data-recalc-dims=\"1\" decoding=\"async\" src=\"https:\/\/i0.wp.com\/www.diainternacionalde.com\/imagenes\/dias-religiosos\/abril\/04-13_ramadan_iftar_s.jpg?w=640&#038;ssl=1\" alt=\"Reuni\u00f3n en familia al finalizar el ayuno diario\" title=\"Reuni\u00f3n en familia al finalizar el ayuno diario\"\/><figcaption class=\"wp-element-caption\">Reuni\u00f3n en familia al finalizar el ayuno diario<\/figcaption><\/figure>\n\n\n\n<p>Durante el Ramad\u00e1n se reciben recompensas espirituales por los ayunos realizados, denominados&nbsp;<strong><em>Saw\u0101b<\/em><\/strong>o<strong><em>Thaw\u0101b<\/em><\/strong>.<\/p>\n\n\n\n<h2 class=\"wp-block-heading\" id=\"resTit_4\">Deberes y restricciones que se deben aplicar durante el ayuno<\/h2>\n\n\n\n<p>Para practicar el ayuno se debe tener una intenci\u00f3n real y genuina en la mente y el coraz\u00f3n, en un estado de paz que promueva la conciencia divina. La abstinencia de comidas, bebidas y relaciones carnales es un aspecto esencial a cumplir durante el Ramad\u00e1n. Estas son algunos deberes y restricciones que deben aplicar los musulmanes durante el Ramad\u00e1n:<\/p>\n\n\n\n<ul class=\"wp-block-list\">\n<li>Se pueden tomar algo de alimentos y bebidas en la madrugada, antes de iniciar el ayuno (<strong><em>As-su\u1e25\u016br).<\/em><\/strong><\/li>\n\n\n\n<li>Utilizar\u00a0<strong><em>Siw\u0101k<\/em><\/strong>durante el ayuno, a modo de cepillo de dientes. Es un trozo de rama de un \u00e1rbol que se encuentra en la pen\u00ednsula ar\u00e1biga, con beneficios naturales para los dientes, enc\u00edas y la boca.<\/li>\n\n\n\n<li>Leer y recitar el Libro del Sagrado Cor\u00e1n, fortaleciendo la pureza y conciencia hacia Dios (<strong><em>Taqwa<\/em><\/strong>).<\/li>\n\n\n\n<li>Abstenerse de consumir alimentos y bebidas durante el d\u00eda.<\/li>\n\n\n\n<li>Romper inmediatamente el ayuno despu\u00e9s de la puesta del sol.<\/li>\n\n\n\n<li>Dedicarse a la oraci\u00f3n o\u00a0<strong><em>Salah\u00a0<\/em><\/strong>cinco veces al d\u00eda.<\/li>\n\n\n\n<li>No consumir productos de tabaco.<\/li>\n\n\n\n<li>No sostener relaciones sexuales ni comportamiento pecaminoso.<\/li>\n\n\n\n<li>No decir malas palabras, hacer malos actos o malos pensamientos.<\/li>\n\n\n\n<li>Ser generoso y realizar acciones ben\u00e9ficas\u00a0<strong><em>(Zakat)<\/em><\/strong>.<\/li>\n<\/ul>\n\n\n\n<h2 class=\"wp-block-heading\" id=\"resTit_5\">Oraciones efectuadas durante el Ramad\u00e1n<\/h2>\n\n\n\n<figure class=\"wp-block-image\"><img data-recalc-dims=\"1\" decoding=\"async\" src=\"https:\/\/i0.wp.com\/www.diainternacionalde.com\/imagenes\/dias-religiosos\/abril\/04-13_ramadan_oracion_s.jpg?w=640&#038;ssl=1\" alt=\"\" title=\"\"\/><\/figure>\n\n\n\n<p>En el periodo de Ramad\u00e1n se llevan a cabo 5 oraciones, durante cada d\u00eda:<\/p>\n\n\n\n<ul class=\"wp-block-list\">\n<li>Oraci\u00f3n del alba o amanecer\u00a0<strong><em>(Fajr)<\/em><\/strong>.<\/li>\n\n\n\n<li>Oraci\u00f3n del mediod\u00eda\u00a0<strong><em>(Dhuhr)<\/em><\/strong>.<\/li>\n\n\n\n<li>Oraci\u00f3n de la tarde\u00a0<strong><em>(Asr)<\/em><\/strong>.<\/li>\n\n\n\n<li>Oraci\u00f3n de la puesta de sol\u00a0<strong><em>(Maghrib)<\/em><\/strong>.<\/li>\n\n\n\n<li>Oraci\u00f3n de la noche\u00a0<strong><em>(Isha)<\/em><\/strong>.<\/li>\n<\/ul>\n\n\n\n<h2 class=\"wp-block-heading\" id=\"resTit_6\">Algunos aspectos curiosos e interesantes sobre el Ramad\u00e1n<\/h2>\n\n\n\n<p>A continuaci\u00f3n comentamos algunos datos curiosos e interesantes sobre el Ramad\u00e1n, propios de la cultura isl\u00e1mica:<\/p>\n\n\n\n<ul class=\"wp-block-list\">\n<li>Tradicionalmente el inicio y el fin del Ramad\u00e1n se calcula mediante la observaci\u00f3n directa de la luna, por parte de expertos pertenecientes al comit\u00e9 de observaci\u00f3n de la luna en Arabia Saudita.<\/li>\n\n\n\n<li>Si alguna persona creyente consume alimentos, bebidas o tiene relaciones sexuales durante el d\u00eda se anula el ayuno de dicho d\u00eda y debe hacer\u00a0<strong><em>Kaff\u0101ra<\/em><\/strong>. Consiste en una expiaci\u00f3n impuesta para liberar a un esclavo creyente o ayunar durante dos meses seguidos, si no puede dar de comer a 60 pobres.<\/li>\n\n\n\n<li>Para poder recuperar los d\u00edas no ayunados o anulados durante el Ramad\u00e1n se dispone del mes desde que finaliza el mes actual del Ramad\u00e1n hasta que comience el siguiente mes.<\/li>\n\n\n\n<li>Si alguna persona fallece y debe algunos d\u00edas del Ramad\u00e1n pueden ser cumplidos por alg\u00fan familiar encargado\u00a0<strong><em>(wal\u012b)<\/em><\/strong>\u00a0o por alg\u00fan heredero.<\/li>\n\n\n\n<li>En varios pa\u00edses no se puede comer ni beber en p\u00fablico en el d\u00eda, durante el periodo de Ramad\u00e1n.<\/li>\n\n\n\n<li>Debido a la actual pandemia por la Covid-19 se han cerrado las ciudades sagradas de La Meca y Medina, restringiendo los rezos colectivos en mezquitas y otros lugares p\u00fablicos.<\/li>\n<\/ul>\n\n\n\n<p><\/p>\n\n\n\n<p>diainternacionalde.com<\/p>\n","protected":false},"excerpt":{"rendered":"<p>En la tradici\u00f3n isl\u00e1mica se celebra un evento de suma importancia para los musulmanes alrededor del mundo. Es el&nbsp;Comienzo del Ramad\u00e1n, considerado el noveno mes dentro del calendario isl\u00e1mico. \u00bfCu\u00e1ndo se celebra Ramad\u00e1n en 2026? El Ramad\u00e1n 2026 comienza el 17 de febrero por la tarde hasta el 19 de marzo. Con ello se conmemora [&hellip;]<\/p>\n","protected":false},"author":1,"featured_media":204034,"comment_status":"open","ping_status":"open","sticky":false,"template":"","format":"standard","meta":{"_acf_changed":false,"_jetpack_memberships_contains_paid_content":false,"footnotes":"","jetpack_publicize_message":"","jetpack_publicize_feature_enabled":true,"jetpack_social_post_already_shared":true,"jetpack_social_options":{"image_generator_settings":{"template":"highway","default_image_id":0,"font":"","enabled":false},"version":2}},"categories":[108],"tags":[],"class_list":["post-204033","post","type-post","status-publish","format-standard","has-post-thumbnail","hentry","category-dia-mundial"],"acf":[],"jetpack_publicize_connections":[],"jetpack_featured_media_url":"https:\/\/i0.wp.com\/sportseco.com\/wp-content\/uploads\/2026\/02\/04-13_ramadan.jpg?fit=305%2C203&ssl=1","jetpack_sharing_enabled":true,"_links":{"self":[{"href":"https:\/\/sportseco.com\/index.php?rest_route=\/wp\/v2\/posts\/204033","targetHints":{"allow":["GET"]}}],"collection":[{"href":"https:\/\/sportseco.com\/index.php?rest_route=\/wp\/v2\/posts"}],"about":[{"href":"https:\/\/sportseco.com\/index.php?rest_route=\/wp\/v2\/types\/post"}],"author":[{"embeddable":true,"href":"https:\/\/sportseco.com\/index.php?rest_route=\/wp\/v2\/users\/1"}],"replies":[{"embeddable":true,"href":"https:\/\/sportseco.com\/index.php?rest_route=%2Fwp%2Fv2%2Fcomments&post=204033"}],"version-history":[{"count":1,"href":"https:\/\/sportseco.com\/index.php?rest_route=\/wp\/v2\/posts\/204033\/revisions"}],"predecessor-version":[{"id":204035,"href":"https:\/\/sportseco.com\/index.php?rest_route=\/wp\/v2\/posts\/204033\/revisions\/204035"}],"wp:featuredmedia":[{"embeddable":true,"href":"https:\/\/sportseco.com\/index.php?rest_route=\/wp\/v2\/media\/204034"}],"wp:attachment":[{"href":"https:\/\/sportseco.com\/index.php?rest_route=%2Fwp%2Fv2%2Fmedia&parent=204033"}],"wp:term":[{"taxonomy":"category","embeddable":true,"href":"https:\/\/sportseco.com\/index.php?rest_route=%2Fwp%2Fv2%2Fcategories&post=204033"},{"taxonomy":"post_tag","embeddable":true,"href":"https:\/\/sportseco.com\/index.php?rest_route=%2Fwp%2Fv2%2Ftags&post=204033"}],"curies":[{"name":"wp","href":"https:\/\/api.w.org\/{rel}","templated":true}]}}