{"id":204139,"date":"2026-02-20T07:53:08","date_gmt":"2026-02-20T12:53:08","guid":{"rendered":"https:\/\/sportseco.com\/?p=204139"},"modified":"2026-02-20T07:59:02","modified_gmt":"2026-02-20T12:59:02","slug":"dia-mundial-de-la-justicia-social20-de-febrero-2","status":"publish","type":"post","link":"https:\/\/sportseco.com\/?p=204139","title":{"rendered":"D\u00eda Mundial de la Justicia Social, 20 de febrero"},"content":{"rendered":"\n<p><img data-recalc-dims=\"1\" decoding=\"async\" src=\"https:\/\/i0.wp.com\/www.un.org\/sites\/un2.un.org\/files\/styles\/banner-image-style-27-10\/public\/axel_fassiocifoicraf.jpg?w=640&#038;ssl=1\" alt=\"Una campesina africana sonriente en la naturaleza.\"\/><\/p>\n\n\n\n<p>La justicia social solo puede alzcanzarse si se fomenta la igualdad de g\u00e9nero y las oportunidades para los y las j\u00f3venes, entre otros.<\/p>\n\n\n\n<p><strong>Foto:<\/strong>\u00a9 Photo by Axel Fassio CIFOR-ICRAF<\/p>\n\n\n\n<h2 class=\"wp-block-heading\">Compromiso renovado con el desarrollo social y la justicia social<\/h2>\n\n\n\n<p>En 2026, el D\u00eda Mundial de la Justicia Social se conmemora bajo el lema \u201c<strong>Compromiso renovado con el desarrollo social y la justicia social<\/strong>\u201d. Las celebraciones de este a\u00f1o tienen lugar tras la&nbsp;<a href=\"https:\/\/social.desa.un.org\/es\/world-summit-2025\">Segunda Cumbre Mundial para el Desarrollo Social&nbsp;<\/a>y la adopci\u00f3n de la&nbsp;<a href=\"https:\/\/docs.un.org\/es\/a\/res\/80\/5\">Declaraci\u00f3n Pol\u00edtica de Doha<\/a>. Los Estados Miembros, al reafirmar los compromisos de la&nbsp;<a href=\"https:\/\/www.un.org\/en\/development\/desa\/population\/migration\/generalassembly\/docs\/globalcompact\/A_CONF.166_9_Declaration.pdf\">Declaraci\u00f3n de Copenhague de 1995<\/a>, subrayaron que la erradicaci\u00f3n de la pobreza, el empleo pleno y productivo y el trabajo decente para todos, y la inclusi\u00f3n social son los pilares interrelacionados del desarrollo social.<\/p>\n\n\n\n<p>Si bien se han registrado avances significativos en la reducci\u00f3n de la pobreza, la educaci\u00f3n y la cobertura de la protecci\u00f3n social, las desigualdades estructurales, la precariedad del mercado laboral, las disparidades de g\u00e9nero y la disminuci\u00f3n de la confianza en las instituciones siguen obstaculizando el desarrollo inclusivo y sostenible. Por lo tanto, un compromiso renovado implica fortalecer la coherencia de las pol\u00edticas en las dimensiones econ\u00f3mica, social y ambiental, reforzar la cooperaci\u00f3n multilateral y situar la equidad y la solidaridad en el centro de la formulaci\u00f3n de pol\u00edticas a nivel mundial.<\/p>\n\n\n\n<h3 class=\"wp-block-heading\">Del compromiso pol\u00edtico a la aplicaci\u00f3n<\/h3>\n\n\n\n<p>Guiada por la&nbsp;<a href=\"https:\/\/docs.un.org\/es\/a\/res\/80\/5\">Declaraci\u00f3n Pol\u00edtica de Doha<\/a>&nbsp;y los resultados del&nbsp;<a href=\"https:\/\/social.desa.un.org\/csocd\/64th-session\">64.\u00ba per\u00edodo de sesiones de la Comisi\u00f3n de Desarrollo Social<\/a>, la celebraci\u00f3n de 2026 hace hincapi\u00e9 en la necesidad de traducir los compromisos pol\u00edticos en resultados concretos y cuantificables. El avance del desarrollo social y la justicia social requiere pol\u00edticas coordinadas, equitativas e inclusivas que integren la dimensi\u00f3n social en las estrategias macroecon\u00f3micas, laborales, clim\u00e1ticas, digitales e industriales.<\/p>\n\n\n\n<p>En este sentido, los Estados Miembros han reafirmado la necesidad de marcos macroecon\u00f3micos que generen oportunidades de empleo y salarios dignos, fortalezcan las instituciones del mercado laboral y garanticen la protecci\u00f3n social universal. Se necesita fomentar&nbsp;la igualdad de g\u00e9nero, las oportunidades para los j\u00f3venes, la transici\u00f3n de la econom\u00eda informal a la formal y la garant\u00eda de transformaciones justas e inclusivas en las econom\u00edas digital y verde. Es esencial mejorar la colaboraci\u00f3n entre m\u00faltiples partes interesadas, como gobiernos, organizaciones internacionales, interlocutores sociales y sociedad civil, para movilizar recursos, fomentar la innovaci\u00f3n en materia de pol\u00edticas y acelerar la aplicaci\u00f3n de los Objetivos de Desarrollo Sostenible, sin dejar a nadie atr\u00e1s.<\/p>\n\n\n\n<figure class=\"wp-block-image\"><a class=\"eventitem\" href=\"https:\/\/www.ilo.org\/sites\/default\/files\/2025-09\/9789220410530_Report_SOSJ_ENG_web_EMBARGO.pdf\"><img data-recalc-dims=\"1\" decoding=\"async\" src=\"https:\/\/i0.wp.com\/www.un.org\/sites\/un2.un.org\/files\/9789220410578_es_sosj_web_spa.jpg?w=640&#038;ssl=1\" alt=\"image of the cover of the report\"\/><\/a><\/figure>\n\n\n\n<h3 class=\"wp-block-heading\">Progresos en la situaci\u00f3n de&nbsp;la justicia social<\/h3>\n\n\n\n<p>Las conclusiones del informe ponen de relieve la urgencia de integrar la justicia social en el n\u00facleo de la formulaci\u00f3n de pol\u00edticas en todos los sectores. Destaca, adem\u00e1s,&nbsp;que las transiciones clim\u00e1tica, tecnol\u00f3gica y demogr\u00e1fica dar\u00e1n forma al futuro del trabajo y de la justicia, y que, por tanto, deben gestionarse&nbsp;de manera justa.<\/p>\n\n\n\n<h3 class=\"wp-block-heading\">Antecedentes<\/h3>\n\n\n\n<p>La Organizaci\u00f3n Internacional del Trabajo (OIT) adopt\u00f3 por unanimidad la Declaraci\u00f3n de la OIT sobre la justicia social para una globalizaci\u00f3n equitativa el 10 de junio de 2008. Esta es la tercera declaraci\u00f3n de principios y pol\u00edticas de gran alcance adoptada por la Conferencia Internacional del Trabajo desde la Constituci\u00f3n de la OIT en 1919. Es heredera de la Declaraci\u00f3n de Filadelfia, de 1944, y de la Declaraci\u00f3n de la OIT relativa a los principios y derechos fundamentales en el trabajo y su seguimiento, de 1998. La Declaraci\u00f3n de 2008 expresa la visi\u00f3n contempor\u00e1nea del mandato de la OIT en la era de la globalizaci\u00f3n.<\/p>\n\n\n\n<p>Esta Declaraci\u00f3n se\u00f1era es una decidida reafirmaci\u00f3n de los valores de la OIT. Es el resultado de consultas tripartitas que se iniciaron tras el lanzamiento del Informe de la Comisi\u00f3n Mundial sobre la Dimensi\u00f3n Social de la Globalizaci\u00f3n. Con la adopci\u00f3n de este texto, los representantes de los gobiernos y de las organizaciones de empleadores y de trabajadores de 182 Estados Miembros subrayaron la contribuci\u00f3n clave de nuestra Organizaci\u00f3n tripartita al progreso y la justicia social en el contexto de la globalizaci\u00f3n. Se comprometieron a unir sus esfuerzos para reforzar la capacidad de la OIT en el avance hacia dichas metas a trav\u00e9s de la Agenda de Trabajo Decente. La Declaraci\u00f3n institucionaliza el concepto de Trabajo Decente desarrollado por la OIT desde 1999, y lo sit\u00faa en el centro de las pol\u00edticas de la Organizaci\u00f3n para alcanzar sus objetivos constitucionales.<\/p>\n\n\n\n<p>Esta Declaraci\u00f3n surge en un momento pol\u00edtico crucial, que refleja el amplio consenso acerca de la necesidad de una fuerte dimensi\u00f3n social en la globalizaci\u00f3n, que permita conseguir mejores resultados y que estos se repartan de manera m\u00e1s equitativa entre todos. La Declaraci\u00f3n constituye una br\u00fajula para la promoci\u00f3n de una globalizaci\u00f3n equitativa basada en el Trabajo Decente, as\u00ed como una herramienta pr\u00e1ctica para acelerar el progreso en la aplicaci\u00f3n de la Agenda de Trabajo Decente a nivel de pa\u00eds. Asimismo, refleja una perspectiva productiva que destaca la importancia de las empresas sostenibles para la creaci\u00f3n de m\u00e1s empleo y oportunidades de ingresos para todos.<\/p>\n\n\n\n<p>La Asamblea General reconoce que el desarrollo social y la justicia social son indispensables para la consecuci\u00f3n y el mantenimiento de la paz y la seguridad en las naciones y entre ellas, y que, a su vez, el desarrollo social y la justicia social no pueden alcanzarse si no hay paz y seguridad o si no se respetan todos los derechos humanos y las libertades fundamentales.<\/p>\n\n\n\n<p>Reconoce adem\u00e1s que la globalizaci\u00f3n y la interdependencia est\u00e1n abriendo nuevas oportunidades mediante el comercio, las corrientes de inversi\u00f3n y capital y los adelantos de la tecnolog\u00eda, incluida la tecnolog\u00eda de la informaci\u00f3n, para el crecimiento de la econom\u00eda mundial y el desarrollo y la mejora del nivel de vida en todo el mundo, al mismo tiempo que persisten problemas graves, como agudas crisis financieras, inseguridad, pobreza, exclusi\u00f3n y desigualdad, en el seno de las sociedades y entre unas y otras, y grandes obst\u00e1culos para que haya una mayor integraci\u00f3n y una participaci\u00f3n plena de los pa\u00edses en desarrollo y de algunos pa\u00edses de econom\u00eda en transici\u00f3n en la econom\u00eda mundial.<\/p>\n\n\n\n<p>El 26 de noviembre de 2007, la Asamblea General declara que, a partir de su sexag\u00e9simo tercer per\u00edodo de sesiones, el 20 de febrero de cada a\u00f1o se celebrar\u00e1 el D\u00eda Mundial de la Justicia Social (A\/RES\/62\/10).<\/p>\n\n\n\n<p>onu.org<\/p>\n","protected":false},"excerpt":{"rendered":"<p>La justicia social solo puede alzcanzarse si se fomenta la igualdad de g\u00e9nero y las oportunidades para los y las j\u00f3venes, entre otros. Foto:\u00a9 Photo by Axel Fassio CIFOR-ICRAF Compromiso renovado con el desarrollo social y la justicia social En 2026, el D\u00eda Mundial de la Justicia Social se conmemora bajo el lema \u201cCompromiso renovado [&hellip;]<\/p>\n","protected":false},"author":1,"featured_media":204140,"comment_status":"open","ping_status":"open","sticky":false,"template":"","format":"standard","meta":{"_acf_changed":false,"_jetpack_memberships_contains_paid_content":false,"footnotes":"","jetpack_publicize_message":"","jetpack_publicize_feature_enabled":true,"jetpack_social_post_already_shared":true,"jetpack_social_options":{"image_generator_settings":{"template":"highway","default_image_id":0,"font":"","enabled":false},"version":2}},"categories":[108],"tags":[],"class_list":["post-204139","post","type-post","status-publish","format-standard","has-post-thumbnail","hentry","category-dia-mundial"],"acf":[],"jetpack_publicize_connections":[],"jetpack_featured_media_url":"https:\/\/i0.wp.com\/sportseco.com\/wp-content\/uploads\/2026\/02\/axel_fassiocifoicraf.jpg?fit=1350%2C500&ssl=1","jetpack_sharing_enabled":true,"_links":{"self":[{"href":"https:\/\/sportseco.com\/index.php?rest_route=\/wp\/v2\/posts\/204139","targetHints":{"allow":["GET"]}}],"collection":[{"href":"https:\/\/sportseco.com\/index.php?rest_route=\/wp\/v2\/posts"}],"about":[{"href":"https:\/\/sportseco.com\/index.php?rest_route=\/wp\/v2\/types\/post"}],"author":[{"embeddable":true,"href":"https:\/\/sportseco.com\/index.php?rest_route=\/wp\/v2\/users\/1"}],"replies":[{"embeddable":true,"href":"https:\/\/sportseco.com\/index.php?rest_route=%2Fwp%2Fv2%2Fcomments&post=204139"}],"version-history":[{"count":2,"href":"https:\/\/sportseco.com\/index.php?rest_route=\/wp\/v2\/posts\/204139\/revisions"}],"predecessor-version":[{"id":204142,"href":"https:\/\/sportseco.com\/index.php?rest_route=\/wp\/v2\/posts\/204139\/revisions\/204142"}],"wp:featuredmedia":[{"embeddable":true,"href":"https:\/\/sportseco.com\/index.php?rest_route=\/wp\/v2\/media\/204140"}],"wp:attachment":[{"href":"https:\/\/sportseco.com\/index.php?rest_route=%2Fwp%2Fv2%2Fmedia&parent=204139"}],"wp:term":[{"taxonomy":"category","embeddable":true,"href":"https:\/\/sportseco.com\/index.php?rest_route=%2Fwp%2Fv2%2Fcategories&post=204139"},{"taxonomy":"post_tag","embeddable":true,"href":"https:\/\/sportseco.com\/index.php?rest_route=%2Fwp%2Fv2%2Ftags&post=204139"}],"curies":[{"name":"wp","href":"https:\/\/api.w.org\/{rel}","templated":true}]}}