{"id":204343,"date":"2026-02-23T18:41:10","date_gmt":"2026-02-23T23:41:10","guid":{"rendered":"https:\/\/sportseco.com\/?p=204343"},"modified":"2026-02-23T18:41:10","modified_gmt":"2026-02-23T23:41:10","slug":"gran-respuesta-de-los-calenos-durante-la-caminata-en-el-ecoparque-de-la-biodiversidad-cop16","status":"publish","type":"post","link":"https:\/\/sportseco.com\/?p=204343","title":{"rendered":"Gran respuesta de los cale\u00f1os durante la caminata en el Ecoparque de la Biodiversidad COP16"},"content":{"rendered":"\n<figure class=\"wp-block-image\"><img data-recalc-dims=\"1\" decoding=\"async\" src=\"https:\/\/i0.wp.com\/www.cali.gov.co\/info\/caligovco_se\/media\/pubInt\/thumbs\/thpubInt_700X400_191421.webp?w=640&#038;ssl=1\" alt=\"Gran respuesta de los cale\u00f1os durante la caminata en el Ecoparque de la Biodiversidad COP16\" title=\"Gran respuesta de los cale\u00f1os durante la caminata en el Ecoparque de la Biodiversidad COP16\"\/><\/figure>\n\n\n\n<ul class=\"wp-block-list\">\n<li><em>Fue la segunda jornada en el cronograma del programa \u2018Carreras y Caminatas\u2019, esta vez articulada con el Departamento Administrativo de Gesti\u00f3n del Medio Ambiente (Dagma), que uni\u00f3 sus gu\u00edas al personal de monitores.<\/em><\/li>\n<\/ul>\n\n\n\n<p><br \/><strong>Santiago de Cali, 23 de febrero de 2026<\/strong><br \/><br \/><em>M\u00e1s de 250 personas<\/em>\u00a0aceptaron la invitaci\u00f3n de la Secretar\u00eda del Deporte y la Recreaci\u00f3n Distrital a la\u00a0<strong><em>caminata en el Ecoparque de la Biodiversidad COP16<\/em><\/strong>, en Pance, realizada el domingo (<em>22.02.2026<\/em>) en el marco de un recorrido pleno de conexi\u00f3n con la naturaleza y cinco kil\u00f3metros de pura adrenalina.<br \/><br \/>Johnson Jim\u00e9nez, coordinador general del programa, detall\u00f3 que para iniciar se realiz\u00f3 la identificaci\u00f3n de los participantes y hubo un calentamiento previo. En diferentes estaciones del recorrido se desarrollaron actividades de inclusi\u00f3n con el fin de estimular las partes cognitiva y f\u00edsica.<br \/><br \/><em>\u201cGracias a todas esas personas que nos vienen acompa\u00f1ando. La invitaci\u00f3n general es a que hagan parte de todos nuestros programas, de nuestras caminatas que son muy enriquecedoras, ayudan a mejorar el sistema cardiovascular y a oxigenarnos much\u00edsimo\u201d<\/em>, expres\u00f3 Jim\u00e9nez.<br \/><br \/><strong>No hay necesidad de inscripci\u00f3n<\/strong><br \/><br \/>El funcionario record\u00f3 que\u00a0<em>no se maneja inscripci\u00f3n previa<\/em>. Solo se recomienda que las personas lleguen al sitio media hora antes de la partida, para diligenciar un documento de control y realizar el calentamiento acorde con la exigencia f\u00edsica.<br \/><br \/>La Secretar\u00eda del Deporte y la Recreaci\u00f3n trabaja con 18 monitores y personal calificado para generar h\u00e1bitos saludables y transformar vidas.<br \/><br \/>El programa\u00a0<em>\u2018Carreras y Caminatas\u2019<\/em>\u00a0sigue impulsando y promocionando el deporte en los diferentes sectores del territorio.<br \/><br \/><strong>Dos datos<\/strong><br \/><br \/><strong>1.<\/strong>\u00a0Para el\u00a0<em>s\u00e1bado 28 de febrero<\/em>, a partir de las 6:30 a.m., el recorrido ser\u00e1 por el\u00a0<em>sendero Guacas<\/em>, partiendo del\u00a0<em>Hotel Spiwak<\/em>.<br \/><br \/><strong>2.<\/strong>\u00a0Se recomienda llevar hidrataci\u00f3n y protector solar y si van en compa\u00f1\u00eda de ni\u00f1os o ni\u00f1as, prestar mucha atenci\u00f3n a los menores de edad.<br \/><br \/><strong><em>#As\u00edRecuperamosCali\u00a0<br \/>#Aqu\u00edCabemosTodos<\/em><\/strong><br \/><br \/><\/p>\n\n\n\n<p><strong>Comunicaciones Secretar\u00eda del Deporte y la Recreaci\u00f3n Distrital<\/strong><\/p>\n\n\n\n<p>cali.gov.co<\/p>\n","protected":false},"excerpt":{"rendered":"<p>Santiago de Cali, 23 de febrero de 2026 M\u00e1s de 250 personas\u00a0aceptaron la invitaci\u00f3n de la Secretar\u00eda del Deporte y la Recreaci\u00f3n Distrital a la\u00a0caminata en el Ecoparque de la Biodiversidad COP16, en Pance, realizada el domingo (22.02.2026) en el marco de un recorrido pleno de conexi\u00f3n con la naturaleza y cinco kil\u00f3metros de pura [&hellip;]<\/p>\n","protected":false},"author":1,"featured_media":204344,"comment_status":"open","ping_status":"open","sticky":false,"template":"","format":"standard","meta":{"_acf_changed":false,"_jetpack_memberships_contains_paid_content":false,"footnotes":"","jetpack_publicize_message":"","jetpack_publicize_feature_enabled":true,"jetpack_social_post_already_shared":true,"jetpack_social_options":{"image_generator_settings":{"template":"highway","default_image_id":0,"font":"","enabled":false},"version":2}},"categories":[6],"tags":[],"class_list":["post-204343","post","type-post","status-publish","format-standard","has-post-thumbnail","hentry","category-ecologia"],"acf":[],"jetpack_publicize_connections":[],"jetpack_featured_media_url":"https:\/\/i0.wp.com\/sportseco.com\/wp-content\/uploads\/2026\/02\/thgaleria_700X400_340219.webp?fit=700%2C393&ssl=1","jetpack_sharing_enabled":true,"_links":{"self":[{"href":"https:\/\/sportseco.com\/index.php?rest_route=\/wp\/v2\/posts\/204343","targetHints":{"allow":["GET"]}}],"collection":[{"href":"https:\/\/sportseco.com\/index.php?rest_route=\/wp\/v2\/posts"}],"about":[{"href":"https:\/\/sportseco.com\/index.php?rest_route=\/wp\/v2\/types\/post"}],"author":[{"embeddable":true,"href":"https:\/\/sportseco.com\/index.php?rest_route=\/wp\/v2\/users\/1"}],"replies":[{"embeddable":true,"href":"https:\/\/sportseco.com\/index.php?rest_route=%2Fwp%2Fv2%2Fcomments&post=204343"}],"version-history":[{"count":1,"href":"https:\/\/sportseco.com\/index.php?rest_route=\/wp\/v2\/posts\/204343\/revisions"}],"predecessor-version":[{"id":204345,"href":"https:\/\/sportseco.com\/index.php?rest_route=\/wp\/v2\/posts\/204343\/revisions\/204345"}],"wp:featuredmedia":[{"embeddable":true,"href":"https:\/\/sportseco.com\/index.php?rest_route=\/wp\/v2\/media\/204344"}],"wp:attachment":[{"href":"https:\/\/sportseco.com\/index.php?rest_route=%2Fwp%2Fv2%2Fmedia&parent=204343"}],"wp:term":[{"taxonomy":"category","embeddable":true,"href":"https:\/\/sportseco.com\/index.php?rest_route=%2Fwp%2Fv2%2Fcategories&post=204343"},{"taxonomy":"post_tag","embeddable":true,"href":"https:\/\/sportseco.com\/index.php?rest_route=%2Fwp%2Fv2%2Ftags&post=204343"}],"curies":[{"name":"wp","href":"https:\/\/api.w.org\/{rel}","templated":true}]}}