{"id":204368,"date":"2026-02-24T11:47:04","date_gmt":"2026-02-24T16:47:04","guid":{"rendered":"https:\/\/sportseco.com\/?p=204368"},"modified":"2026-02-24T11:47:04","modified_gmt":"2026-02-24T16:47:04","slug":"europa-registra-un-aumento-de-diez-veces-en-el-calor-extremo-de-las-ultimas-decadas","status":"publish","type":"post","link":"https:\/\/sportseco.com\/?p=204368","title":{"rendered":"Europa registra un aumento de diez veces en el calor extremo de las \u00faltimas d\u00e9cadas"},"content":{"rendered":"\n<p><strong>Madrid.- El cambio clim\u00e1tico antropog\u00e9nico ha provocado un aumento de diez veces en el calor extremo en el periodo entre 2010 y 2024, seg\u00fan un m\u00e9todo para calcular los riesgos derivados de los fen\u00f3menos extremos desarrollado por la Universidad de Graz (Austria).<\/strong><\/p>\n\n\n\n<p>El nuevo m\u00e9todo de c\u00e1lculo, que se explica en un art\u00edculo que publica Weather and Climate Extremes, puede calcular todas las m\u00e9tricas de riesgo relevantes para fen\u00f3menos como olas de calor, inundaciones y sequ\u00edas en cualquier regi\u00f3n del mundo.<\/p>\n\n\n\n<p>El equipo, encabezado por Gottfried Kirchengast, us\u00f3 este m\u00e9todo para investigar los cambios en los fen\u00f3menos de calor extremo en Europa y los c\u00e1lculos se basaron en conjuntos de datos de temperaturas m\u00e1ximas diarias entre 1961 y 2024.<\/p>\n\n\n\n<h2 class=\"wp-block-heading\">Umbrales extremos y regiones afectadas<\/h2>\n\n\n\n<p>El resultado fue que el calor total extremo en la mayor\u00eda de las regiones del centro y sur de Europa aument\u00f3 aproximadamente diez veces en el per\u00edodo clim\u00e1tico actual, entre 2010 y 2024, en comparaci\u00f3n con el periodo de 1961 a 1990.<\/p>\n\n\n\n<p>Esto se debe \u201cal aumento tanto de la frecuencia y la duraci\u00f3n de los fen\u00f3menos, como de la magnitud de los umbrales superados y la extensi\u00f3n espacial de los mismos\u00bb, explic\u00f3 Kirchengast, en un comunicado de la universidad.<\/p>\n\n\n\n<p>Este \u201cenorme aumento\u201d en la m\u00e9trica de extremos totales va mucho m\u00e1s all\u00e1 de su variabilidad natural y \u201cmuestra la influencia del cambio clim\u00e1tico provocado por el ser humano con una claridad que ni siquiera yo, como investigador clim\u00e1tico, hab\u00eda visto antes\u201d, agreg\u00f3.<\/p>\n\n\n\n<p>El umbral para considerar una temperatura \u2018extrema\u2019 se fij\u00f3 en la temperatura de cada lugar que solo se super\u00f3 en un 1 % de los valores diarios entre 1961 y 1990.<\/p>\n\n\n\n<p>Ese umbral supera los 35 grados en el sur de Espa\u00f1a, es de unos 30 en Austria y en Finlandia ronda los 25 grados.<\/p>\n\n\n\n<p>El estudio tambi\u00e9n proporciona una base para cuantificar mejor los da\u00f1os causados a las personas, los ecosistemas y las infraestructuras.<\/p>\n\n\n\n<p>Ya sea en el \u00e1mbito de la salud, la construcci\u00f3n, la agricultura, la silvicultura o el sector energ\u00e9tico, muchas \u00e1reas se ven afectadas por los impactos y da\u00f1os causados por los fen\u00f3menos meteorol\u00f3gicos y clim\u00e1ticos extremos.<\/p>\n\n\n\n<p>Las temperaturas superiores a 30 grados cent\u00edgrados provocan estr\u00e9s t\u00e9rmico en el cuerpo y debilitan la forma f\u00edsica de muchas personas, recuerda la nota.<\/p>\n\n\n\n<h2 class=\"wp-block-heading\">Calcular el impacto clim\u00e1tico<\/h2>\n\n\n\n<p>Este m\u00e9todo se puede utilizar para calcular la frecuencia, la duraci\u00f3n, la intensidad, la extensi\u00f3n espacial y otras variables de los fen\u00f3menos extremos, hasta la combinaci\u00f3n de todas las m\u00e9tricas en la extremidad total.<\/p>\n\n\n\n<p>La capacidad de calcular la gravedad de estos peligros es, por ejemplo, crucial para los c\u00e1lculos del impacto clim\u00e1tico y las medidas de adaptaci\u00f3n correspondientes.<\/p>\n\n\n\n<p>Si se dispone de datos clim\u00e1ticos adecuados a largo plazo, el desarrollo de m\u00e9tricas de riesgo clim\u00e1tico para los extremos de inter\u00e9s puede seguirse a\u00f1o tras a\u00f1o y d\u00e9cada tras d\u00e9cada, tanto en los pa\u00edses europeos como en cualquier otra regi\u00f3n del mundo, indic\u00f3 el investigador.<\/p>\n\n\n\n<p>El m\u00e9todo puede servir para una amplia variedad de fines, desde proporcionar datos completos sobre los peligros de los fen\u00f3menos meteorol\u00f3gicos extremos para los an\u00e1lisis del impacto clim\u00e1tico, hasta apoyar la atribuci\u00f3n del grado de responsabilidad de los actores que generan grandes emisiones, como los Estados o las empresas, en el aumento de los da\u00f1os y riesgos clim\u00e1ticos. EFEverde<\/p>\n","protected":false},"excerpt":{"rendered":"<p>Madrid.- El cambio clim\u00e1tico antropog\u00e9nico ha provocado un aumento de diez veces en el calor extremo en el periodo entre 2010 y 2024, seg\u00fan un m\u00e9todo para calcular los riesgos derivados de los fen\u00f3menos extremos desarrollado por la Universidad de Graz (Austria). El nuevo m\u00e9todo de c\u00e1lculo, que se explica en un art\u00edculo que publica [&hellip;]<\/p>\n","protected":false},"author":1,"featured_media":204369,"comment_status":"open","ping_status":"open","sticky":false,"template":"","format":"standard","meta":{"_acf_changed":false,"_jetpack_memberships_contains_paid_content":false,"footnotes":"","jetpack_publicize_message":"","jetpack_publicize_feature_enabled":true,"jetpack_social_post_already_shared":true,"jetpack_social_options":{"image_generator_settings":{"template":"highway","default_image_id":0,"font":"","enabled":false},"version":2}},"categories":[6],"tags":[],"class_list":["post-204368","post","type-post","status-publish","format-standard","has-post-thumbnail","hentry","category-ecologia"],"acf":[],"jetpack_publicize_connections":[],"jetpack_featured_media_url":"https:\/\/i0.wp.com\/sportseco.com\/wp-content\/uploads\/2026\/02\/ola-de-calor-Paris-Trocadero-EFEverde.jpg?fit=1200%2C778&ssl=1","jetpack_sharing_enabled":true,"_links":{"self":[{"href":"https:\/\/sportseco.com\/index.php?rest_route=\/wp\/v2\/posts\/204368","targetHints":{"allow":["GET"]}}],"collection":[{"href":"https:\/\/sportseco.com\/index.php?rest_route=\/wp\/v2\/posts"}],"about":[{"href":"https:\/\/sportseco.com\/index.php?rest_route=\/wp\/v2\/types\/post"}],"author":[{"embeddable":true,"href":"https:\/\/sportseco.com\/index.php?rest_route=\/wp\/v2\/users\/1"}],"replies":[{"embeddable":true,"href":"https:\/\/sportseco.com\/index.php?rest_route=%2Fwp%2Fv2%2Fcomments&post=204368"}],"version-history":[{"count":1,"href":"https:\/\/sportseco.com\/index.php?rest_route=\/wp\/v2\/posts\/204368\/revisions"}],"predecessor-version":[{"id":204370,"href":"https:\/\/sportseco.com\/index.php?rest_route=\/wp\/v2\/posts\/204368\/revisions\/204370"}],"wp:featuredmedia":[{"embeddable":true,"href":"https:\/\/sportseco.com\/index.php?rest_route=\/wp\/v2\/media\/204369"}],"wp:attachment":[{"href":"https:\/\/sportseco.com\/index.php?rest_route=%2Fwp%2Fv2%2Fmedia&parent=204368"}],"wp:term":[{"taxonomy":"category","embeddable":true,"href":"https:\/\/sportseco.com\/index.php?rest_route=%2Fwp%2Fv2%2Fcategories&post=204368"},{"taxonomy":"post_tag","embeddable":true,"href":"https:\/\/sportseco.com\/index.php?rest_route=%2Fwp%2Fv2%2Ftags&post=204368"}],"curies":[{"name":"wp","href":"https:\/\/api.w.org\/{rel}","templated":true}]}}