{"id":204402,"date":"2026-02-24T16:22:58","date_gmt":"2026-02-24T21:22:58","guid":{"rendered":"https:\/\/sportseco.com\/?p=204402"},"modified":"2026-02-24T16:22:59","modified_gmt":"2026-02-24T21:22:59","slug":"inundaciones-en-cordoba-evidencian-una-crisis-que-va-mas-alla-del-clima","status":"publish","type":"post","link":"https:\/\/sportseco.com\/?p=204402","title":{"rendered":"Inundaciones en C\u00f3rdoba evidencian una crisis que va m\u00e1s all\u00e1 del clima"},"content":{"rendered":"\n<p>En la cuenca del r\u00edo Sin\u00fa m\u00e1s de 60.000 hect\u00e1reas permanecen bajo el agua y cerca de 50.000 familias han resultado afectadas. Las lluvias han sido intensas pero no inesperadas, pues las crecientes forman parte de la din\u00e1mica hist\u00f3rica de esta regi\u00f3n. Lo verdaderamente alarmante es que, d\u00e9cadas despu\u00e9s de inundaciones similares, el territorio se siga ocupando y planificando d\u00e1ndole la espalda al agua.<\/p>\n\n\n\n<p><em>23 de febrero de 2026<\/em><\/p>\n\n\n\n<p>Erasmo Rodr\u00edguez Sandoval | Profesor del Departamento de Ingenier\u00eda Civil y Agr\u00edcola de la UNAL Sede Bogot\u00e1share<\/p>\n\n\n\n<p><img data-recalc-dims=\"1\" decoding=\"async\" src=\"https:\/\/i0.wp.com\/periodico.unal.edu.co\/uploads\/2026\/febrero\/PeriodicoUNAL-220226-01-am.jpg?w=640&#038;ssl=1\" alt=\"Las inundaciones en C\u00f3rdoba no son solo efecto de las lluvias, sino el resultado de d\u00e9cadas de ocupaci\u00f3n desordenada y decisiones que han ignorado el comportamiento natural del r\u00edo. Foto: STRINGER \/ AFP.\"\/>Las inundaciones en C\u00f3rdoba no son solo efecto de las lluvias, sino el resultado de d\u00e9cadas de ocupaci\u00f3n desordenada y decisiones que han ignorado el comportamiento natural del r\u00edo. Foto: STRINGER \/ AFP.<\/p>\n\n\n\n<p>En las \u00faltimas semanas el departamento de C\u00f3rdoba ha enfrentado uno de los episodios de inundaci\u00f3n m\u00e1s severos de los \u00faltimos a\u00f1os. El 14 de febrero se estimaba que el \u00e1rea anegada en la cuenca del r\u00edo Sin\u00fa era de unas 60.000 hect\u00e1reas, casi 6 veces la extensi\u00f3n del \u00e1rea urbana de Monter\u00eda, la capital. La emergencia ha afectado directamente a alrededor de 50.000 familias, con p\u00e9rdidas en viviendas, cultivos, infraestructura vial y medios de subsistencia.<\/p>\n\n\n\n<p>Este evento no se puede entender como un hecho aislado, ya que la historia reciente del norte del pa\u00eds est\u00e1 marcada por inundaciones de gran magnitud. Entre 2010 y 2012, en la llamada \u201cola invernal\u201d \u2014asociada con la fase fr\u00eda (La Ni\u00f1a) del fen\u00f3meno ENSO (El Ni\u00f1o\u2013Oscilaci\u00f3n del Sur)\u2014, tanto el departamento del Atl\u00e1ntico como la cuenca del r\u00edo Sin\u00fa experimentaron crecientes extraordinarias. Incluso antes, en agosto de 1988, el desbordamiento de dicha corriente \u2014de cerca de 415km de longitud que atraviesa buena parte del departamento antes de desembocar en el Caribe\u2014 afect\u00f3 gravemente varias poblaciones, incluida Monter\u00eda. Aquel episodio fue uno de los argumentos que impuls\u00f3 la construcci\u00f3n del embalse Urr\u00e1 I, concebido tanto para la generaci\u00f3n hidroel\u00e9ctrica como para la regulaci\u00f3n de crecientes.<\/p>\n\n\n\n<p>Por su configuraci\u00f3n geogr\u00e1fica y clim\u00e1tica, Colombia es un pa\u00eds de extremos hidroclim\u00e1ticos. Su r\u00e9gimen oscila entre periodos de lluvias intensas e inundaciones y fases de sequ\u00eda prolongada, fuertemente influenciado por el fen\u00f3meno ENSO. La Ni\u00f1a tiende a intensificar las lluvias en el Caribe y la regi\u00f3n Andina, y en su fase c\u00e1lida, El Ni\u00f1o reduce las precipitaciones y favorece sequ\u00edas severas, una vaiv\u00e9n que no es una anomal\u00eda reciente sino una caracter\u00edstica estructural del clima tropical.<\/p>\n\n\n\n<p>No obstante, el ENSO no act\u00faa solo; otros sistemas atmosf\u00e9ricos se pueden superponer y amplificar sus efectos, entre ellos los frentes fr\u00edos del invierno del hemisferio norte, que entre diciembre y febrero pueden avanzar hacia el sur e interactuar con las aguas c\u00e1lidas del Caribe colombiano. Aunque la mayor\u00eda pierde intensidad en el golfo de M\u00e9xico, algunos logran intensificarse al llegar a la regi\u00f3n, y eso fue lo que ocurri\u00f3 con los tres eventos registrados durante la dos primeras semanas de febrero.<\/p>\n\n\n\n<blockquote class=\"wp-block-quote is-layout-flow wp-block-quote-is-layout-flow\">\n<p><strong><em>Es urgente fortalecer la formaci\u00f3n de hidrometeor\u00f3logos y especialistas en modelaci\u00f3n hidrometeorol\u00f3gica, encargados de simular escenarios de lluvia, escorrent\u00eda y comportamiento de cuencas para anticipar impacto en el pa\u00eds, adem\u00e1s de incrementar los recursos para las entidades responsables del monitoreo y pron\u00f3stico en distintas escalas espaciales y temporales.<\/em><\/strong><\/p>\n<\/blockquote>\n\n\n\n<p>En uno de los meses usualmente secos, en un d\u00eda llovi\u00f3 el equivalente a la lluvia promedio de todo febrero. Los suelos, ya saturados por precipitaciones previas, no pudieron absorber m\u00e1s agua. El resultado fue una respuesta hidrol\u00f3gica extraordinaria en la cuenca del Sin\u00fa: los caudales que ingresaron al embalse de Urr\u00e1 I alcanzaron valores hasta 18 veces superiores al promedio hist\u00f3rico para esta \u00e9poca del a\u00f1o.<\/p>\n\n\n\n<p>Dicho embalse, en operaci\u00f3n desde 2000, tiene un volumen \u00fatil aproximado de 1.740 millones de metros c\u00fabicos, un espejo de agua cercano a 74km\u00b2, un rebosadero con capacidad de evacuaci\u00f3n de 10.000 m\u00b3\/s y una capacidad instalada de 340MW, equivalente a cerca del 3% del total nacional.<\/p>\n\n\n\n<p>Seg\u00fan XMSAESP, entre el 1 y el 15 de febrero se evacuaron cerca de 1.290 millones de metros c\u00fabicos, es decir aproximadamente el 75% de su capacidad \u00fatil. En t\u00e9rminos pr\u00e1cticos, para haber almacenado completamente esta creciente, el embalse habr\u00eda necesitado estar alrededor del 25% de su volumen antes del evento, un escenario operacionalmente inviable dadas sus funciones de generaci\u00f3n, la din\u00e1mica del mercado el\u00e9ctrico y las condiciones previas de almacenamiento. Esto confirma el car\u00e1cter extraordinario del fen\u00f3meno y sugiere que el margen de maniobra de la central fue limitado.<\/p>\n\n\n\n<p>Sin embargo, reconocer la magnitud del evento no significa renunciar al an\u00e1lisis cr\u00edtico. Una operaci\u00f3n m\u00e1s anticipada \u2014con desembalses graduales previos basados en pron\u00f3sticos hidrometeorol\u00f3gicos robustos\u2014 podr\u00eda haber reducido parcialmente los picos de caudales, aunque dif\u00edcilmente habr\u00eda evitado la inundaci\u00f3n dada la magnitud del aporte. Este punto no es menor: pone sobre la mesa la necesidad de fortalecer la capacidad nacional de pron\u00f3stico hidrol\u00f3gico y de integrar la informaci\u00f3n clim\u00e1tica en la toma de decisiones operativas.<\/p>\n\n\n\n<p>Hasta aqu\u00ed el an\u00e1lisis f\u00edsico del fen\u00f3meno, pero la magnitud de la tragedia no se puede explicar solo por la lluvia. La mayor\u00eda de las ciudades y poblaciones de C\u00f3rdoba se localizan a orillas del r\u00edo Sin\u00fa. Los datos m\u00e1s recientes de Necesidades B\u00e1sicas Insatisfechas del DANE muestran que C\u00f3rdoba ocupa el s\u00e9ptimo lugar entre los departamentos con mayores niveles de vulnerabilidad en el pa\u00eds. Una proporci\u00f3n significativa de su poblaci\u00f3n vive en condiciones precarias, y en muchos casos en zonas de inundaci\u00f3n y rondas h\u00eddricas. En esta emergencia el r\u00edo Sin\u00fa simplemente reclam\u00f3 los espacios que hist\u00f3ricamente le pertenecen.<\/p>\n\n\n\n<h3 class=\"wp-block-heading\">Gesti\u00f3n fragmentada y reactiva<\/h3>\n\n\n\n<p>La expansi\u00f3n urbana sobre estas planicies, la ocupaci\u00f3n informal del territorio, la presi\u00f3n por suelo barato y la d\u00e9bil articulaci\u00f3n entre instrumentos de planeaci\u00f3n \u2014Plan de Ordenamiento Territorial (POT) y Plan de Ordenaci\u00f3n y Manejo de Cuencas Hidrogr\u00e1ficas (POMCA)\u2014 han incrementado la exposici\u00f3n al riesgo. En Colombia la gesti\u00f3n territorial sigue siendo fragmentada, reactiva y muchas veces desconectada de la realidad hidrol\u00f3gica, y por lo tanto se requiere un ordenamiento territorial alrededor del agua, en el que la unidad b\u00e1sica de planificaci\u00f3n sea la cuenca hidrogr\u00e1fica.<\/p>\n\n\n\n<p><img data-recalc-dims=\"1\" decoding=\"async\" src=\"https:\/\/i0.wp.com\/periodico.unal.edu.co\/uploads\/2026\/febrero\/PeriodicoUNAL-220226-02-am.jpg?w=640&#038;ssl=1\" alt=\"En C\u00f3rdoba, donde m\u00e1s de 200 comunidades dependen del arroz en 450.000 hect\u00e1reas, la variabilidad clim\u00e1tica ya afecta la productividad. Foto: EITAN ABRAMOVICH \/ AFP.\"\/>En C\u00f3rdoba, donde m\u00e1s de 200 comunidades dependen del arroz en 450.000 hect\u00e1reas, la variabilidad clim\u00e1tica ya afecta la productividad. Foto: EITAN ABRAMOVICH \/ AFP.<\/p>\n\n\n\n<p>En estos episodios se movilizan ayudas humanitarias, se habilitan albergues temporales y se cuantifican da\u00f1os, pero rara vez se transforman las causas estructurales. El uso limitado de herramientas t\u00e9cnicas que permiten anticipar lluvias extremas y crecientes mediante modelos clim\u00e1ticos y de caudales (pron\u00f3sticos hidrometeorol\u00f3gicos), la debilidad de los Sistemas de Alerta Temprana, la insuficiencia de planes de contingencia y la precariedad de la infraestructura de evacuaci\u00f3n y albergue revelan brechas profundas en la gesti\u00f3n del riesgo.<\/p>\n\n\n\n<p>Adem\u00e1s, los dise\u00f1os ingenieriles siguen sin reconocer expl\u00edcitamente la no estacionaridad clim\u00e1tica; durante d\u00e9cadas se asumi\u00f3 que el comportamiento futuro del clima ser\u00eda estad\u00edsticamente similar al pasado, una premisa que ya no es v\u00e1lida, pues el cambio clim\u00e1tico est\u00e1 alterando la intensidad y frecuencia de los eventos extremos, y los par\u00e1metros hist\u00f3ricos ya no garantizan seguridad futura.<\/p>\n\n\n\n<blockquote class=\"wp-block-quote is-layout-flow wp-block-quote-is-layout-flow\">\n<p><strong><em>La educaci\u00f3n ambiental y el empoderamiento comunitario adquieren un papel estrat\u00e9gico. Ninguna infraestructura, por robusta que sea, puede sustituir la capacidad de una comunidad informada para reconocer las din\u00e1micas del territorio y actuar preventivamente.<\/em><\/strong><\/p>\n<\/blockquote>\n\n\n\n<p>De otra parte, la infraestructura gris \u2014canalizaciones, drenajes, jarillones, incluso diques fusibles\u2014 se deber\u00eda complementar con infraestructura verde y soluciones basadas en la naturaleza. Soluciones como los Sistemas Urbanos de Drenaje Sostenible (SUDS), la restauraci\u00f3n de humedales, la reconexi\u00f3n de planicies de inundaci\u00f3n y la recuperaci\u00f3n de corredores fluviales pueden reducir la energ\u00eda de las crecientes y disminuir la vulnerabilidad estructural; y aunque estas no sustituyen la ingenier\u00eda tradicional, s\u00ed la hacen m\u00e1s resiliente.<\/p>\n\n\n\n<p>Paralelamente, es urgente fortalecer la formaci\u00f3n de hidrometeor\u00f3logos y especialistas en modelaci\u00f3n hidrometeorol\u00f3gica, encargados de simular escenarios de lluvia, escorrent\u00eda y comportamiento de cuencas para anticipar impacto en el pa\u00eds, adem\u00e1s de incrementar los recursos para las entidades responsables del monitoreo y pron\u00f3stico en distintas escalas espaciales y temporales. La informaci\u00f3n cient\u00edfica no puede seguir siendo un insumo marginal en la toma de decisiones p\u00fablicas, y en este sentido en este momento ser\u00eda deseable que la academia y las sociedades profesionales estuvieran apoyando en el territorio la toma de decisiones de entidades como la Corporaci\u00f3n Aut\u00f3noma Regional del Valle del Sin\u00fa (CVS).<\/p>\n\n\n\n<h3 class=\"wp-block-heading\">Gobernanza del agua, otro componente central<\/h3>\n\n\n\n<p>Las decisiones sobre el territorio no pueden seguir reproduciendo asimetr\u00edas entre actores fuertes y comunidades vulnerables sin voz. La transparencia, el acceso p\u00fablico a la informaci\u00f3n y la participaci\u00f3n efectiva se deben convertir en pilares de una gesti\u00f3n democr\u00e1tica del agua. Sin gobernanza no hay adaptaci\u00f3n sostenible.<\/p>\n\n\n\n<p>En este contexto, la educaci\u00f3n ambiental y el empoderamiento comunitario adquieren un papel estrat\u00e9gico. Ninguna infraestructura, por robusta que sea, puede sustituir la capacidad de una comunidad informada para reconocer las din\u00e1micas del territorio y actuar preventivamente.<\/p>\n\n\n\n<blockquote class=\"wp-block-quote is-layout-flow wp-block-quote-is-layout-flow\">\n<p><strong><em>Una operaci\u00f3n m\u00e1s anticipada \u2014con desembalses graduales previos basados en pron\u00f3sticos hidrometeorol\u00f3gicos robustos\u2014 podr\u00eda haber reducido parcialmente los picos de caudales, aunque dif\u00edcilmente habr\u00eda evitado la inundaci\u00f3n dada la magnitud del aporte.<\/em><\/strong><\/p>\n<\/blockquote>\n\n\n\n<p>En regiones como C\u00f3rdoba, en donde las inundaciones forman parte de la memoria colectiva, fortalecer ese conocimiento local y convertirlo en herramienta de acci\u00f3n es tan importante como construir obras hidr\u00e1ulicas. La educaci\u00f3n ambiental se debe incorporar permanentemente en organizaciones sociales y procesos de planeaci\u00f3n, promoviendo as\u00ed la comprensi\u00f3n del ciclo del agua y la funci\u00f3n ecol\u00f3gica de las planicies de inundaci\u00f3n.<\/p>\n\n\n\n<p>Lo ocurrido en C\u00f3rdoba no es solo el resultado de lluvias extraordinarias o de sedimentaci\u00f3n en los cauces: es la manifestaci\u00f3n acumulada de decisiones territoriales que durante d\u00e9cadas han ignorado la l\u00f3gica natural del agua. La variabilidad clim\u00e1tica y el cambio clim\u00e1tico intensifican los eventos extremos, pero son nuestras decisiones \u2014c\u00f3mo construimos, d\u00f3nde construimos, c\u00f3mo planificamos, qu\u00e9 priorizamos\u2014 las que convierten un fen\u00f3meno natural en una cat\u00e1strofe social.<\/p>\n\n\n\n<p>Si Colombia sigue respondiendo con reconstrucciones en los mismos lugares y bajo los mismos esquemas, la historia se repetir\u00e1. Cada evento extremo ser\u00e1 m\u00e1s costoso y m\u00e1s doloroso que el anterior. C\u00f3rdoba necesita no solo ayudas humanitarias: necesita una transformaci\u00f3n profunda en su ordenamiento territorial, en su gesti\u00f3n del riesgo y en su gobernanza del agua.<\/p>\n\n\n\n<p>La verdadera pregunta no es cu\u00e1ndo volver\u00e1 a inundarse el Sin\u00fa \u2014o cualquier otra cuenca del pa\u00eds\u2014, la pregunta es si, cuando eso ocurra seguiremos reaccionando como si fuera una sorpresa o si finalmente habremos entendido que convivir con el agua es m\u00e1s inteligente que intentar dominarla.<\/p>\n\n\n\n<p><\/p>\n\n\n\n<p>periodico.unal.edu.co<\/p>\n","protected":false},"excerpt":{"rendered":"<p>En la cuenca del r\u00edo Sin\u00fa m\u00e1s de 60.000 hect\u00e1reas permanecen bajo el agua y cerca de 50.000 familias han resultado afectadas. Las lluvias han sido intensas pero no inesperadas, pues las crecientes forman parte de la din\u00e1mica hist\u00f3rica de esta regi\u00f3n. Lo verdaderamente alarmante es que, d\u00e9cadas despu\u00e9s de inundaciones similares, el territorio se [&hellip;]<\/p>\n","protected":false},"author":1,"featured_media":204403,"comment_status":"open","ping_status":"open","sticky":false,"template":"","format":"standard","meta":{"_acf_changed":false,"_jetpack_memberships_contains_paid_content":false,"footnotes":"","jetpack_publicize_message":"","jetpack_publicize_feature_enabled":true,"jetpack_social_post_already_shared":true,"jetpack_social_options":{"image_generator_settings":{"template":"highway","default_image_id":0,"font":"","enabled":false},"version":2}},"categories":[6],"tags":[],"class_list":["post-204402","post","type-post","status-publish","format-standard","has-post-thumbnail","hentry","category-ecologia"],"acf":[],"jetpack_publicize_connections":[],"jetpack_featured_media_url":"https:\/\/i0.wp.com\/sportseco.com\/wp-content\/uploads\/2026\/02\/PeriodicoUNAL-220226-01-am.jpg?fit=1400%2C933&ssl=1","jetpack_sharing_enabled":true,"_links":{"self":[{"href":"https:\/\/sportseco.com\/index.php?rest_route=\/wp\/v2\/posts\/204402","targetHints":{"allow":["GET"]}}],"collection":[{"href":"https:\/\/sportseco.com\/index.php?rest_route=\/wp\/v2\/posts"}],"about":[{"href":"https:\/\/sportseco.com\/index.php?rest_route=\/wp\/v2\/types\/post"}],"author":[{"embeddable":true,"href":"https:\/\/sportseco.com\/index.php?rest_route=\/wp\/v2\/users\/1"}],"replies":[{"embeddable":true,"href":"https:\/\/sportseco.com\/index.php?rest_route=%2Fwp%2Fv2%2Fcomments&post=204402"}],"version-history":[{"count":1,"href":"https:\/\/sportseco.com\/index.php?rest_route=\/wp\/v2\/posts\/204402\/revisions"}],"predecessor-version":[{"id":204404,"href":"https:\/\/sportseco.com\/index.php?rest_route=\/wp\/v2\/posts\/204402\/revisions\/204404"}],"wp:featuredmedia":[{"embeddable":true,"href":"https:\/\/sportseco.com\/index.php?rest_route=\/wp\/v2\/media\/204403"}],"wp:attachment":[{"href":"https:\/\/sportseco.com\/index.php?rest_route=%2Fwp%2Fv2%2Fmedia&parent=204402"}],"wp:term":[{"taxonomy":"category","embeddable":true,"href":"https:\/\/sportseco.com\/index.php?rest_route=%2Fwp%2Fv2%2Fcategories&post=204402"},{"taxonomy":"post_tag","embeddable":true,"href":"https:\/\/sportseco.com\/index.php?rest_route=%2Fwp%2Fv2%2Ftags&post=204402"}],"curies":[{"name":"wp","href":"https:\/\/api.w.org\/{rel}","templated":true}]}}