{"id":204422,"date":"2026-02-25T08:41:02","date_gmt":"2026-02-25T13:41:02","guid":{"rendered":"https:\/\/sportseco.com\/?p=204422"},"modified":"2026-02-25T08:41:02","modified_gmt":"2026-02-25T13:41:02","slug":"cali-llega-a-anato-2026-para-consolidarse-como-uno-de-los-destinos-turisticos-mas-competitivos-del-pais","status":"publish","type":"post","link":"https:\/\/sportseco.com\/?p=204422","title":{"rendered":"Cali llega a Anato 2026 para consolidarse como uno de los destinos tur\u00edsticos m\u00e1s competitivos del pa\u00eds"},"content":{"rendered":"\n<figure class=\"wp-block-image\"><img data-recalc-dims=\"1\" decoding=\"async\" src=\"https:\/\/i0.wp.com\/www.cali.gov.co\/info\/caligovco_se\/media\/pubInt\/thumbs\/thpubInt_700X400_191440.webp?w=640&#038;ssl=1\" alt=\"Cali llega a Anato 2026 para consolidarse como uno de los destinos tur\u00edsticos m\u00e1s competitivos del pa\u00eds\" title=\"Cali llega a Anato 2026 para consolidarse como uno de los destinos tur\u00edsticos m\u00e1s competitivos del pa\u00eds\"\/><\/figure>\n\n\n\n<ul class=\"wp-block-list\">\n<li>La ciudad presentar\u00e1 en Bogot\u00e1 su apuesta estrat\u00e9gica basada en biodiversidad, salsa y conexi\u00f3n con el Pac\u00edfico colombiano.<\/li>\n\n\n\n<li>M\u00e1s de 45 empresas acompa\u00f1ar\u00e1n la delegaci\u00f3n oficial para fortalecer alianzas y oportunidades de negocio.<br \/><br \/>\u00a0<\/li>\n<\/ul>\n\n\n\n<p><strong>Santiago de Cali, 24 de febrero de 2026<\/strong><\/p>\n\n\n\n<p>Cali participar\u00e1 esta semana en la Vitrina Tur\u00edstica de Anato 2026 con una propuesta clara ante el pa\u00eds y el mercado internacional: consolidarse como un destino competitivo, diverso y en crecimiento, bajo la narrativa de ciudad \u2018Cali es donde debes estar\u2019.<\/p>\n\n\n\n<p>La capital del Valle del Cauca llega a este escenario con una apuesta estrat\u00e9gica basada en tres diferenciales: su biodiversidad \u00fanica, su identidad cultural salsera y su conexi\u00f3n directa con el Pac\u00edfico colombiano, elementos que la posicionan como una experiencia tur\u00edstica integral en el contexto nacional.<\/p>\n\n\n\n<p>En el eje de naturaleza, Cali se proyecta como Capital Mundial de la Biodiversidad, con 563 especies de aves registradas y la posibilidad de realizar avistamiento dentro del \u00e1rea urbana. Su ubicaci\u00f3n estrat\u00e9gica, como puerta de entrada al Choc\u00f3 biogeogr\u00e1fico y rodeada por los Farallones, le permite ofrecer experiencias sostenibles y de alto valor ambiental.<\/p>\n\n\n\n<p>En cultura, la ciudad reafirma su reconocimiento como Capital Mundial de la Salsa, con m\u00e1s de 100 escuelas de baile y un ecosistema que convierte la m\u00fasica y el baile en una experiencia tur\u00edstica permanente.<\/p>\n\n\n\n<p>En el componente Pac\u00edfico, Cali se posiciona como capital de esta regi\u00f3n, integrando su gastronom\u00eda, sus tradiciones y eventos de gran escala como el Festival de M\u00fasica del Pac\u00edfico Petronio \u00c1lvarez, que re\u00fane cada a\u00f1o a m\u00e1s de 800 mil asistentes.<\/p>\n\n\n\n<p>Desde el enfoque institucional, la participaci\u00f3n en Anato tendr\u00e1 una agenda estrat\u00e9gica orientada a resultados concretos.<\/p>\n\n\n\n<p>\u201c<em>Desde ma\u00f1ana Cali estar\u00e1 presente en Anato 2026 con una agenda estrat\u00e9gica muy nutrida. Tendremos reuniones clave para fortalecer alianzas, avanzar en conectividad a\u00e9rea y abrir nuevas oportunidades de negocio para nuestros empresarios. Tenemos un prop\u00f3sito claro: seguir posicionando a Cali como un destino competitivo, conectado con el mundo y listo para crecer. Esa es la apuesta de la administraci\u00f3n del alcalde Alejandro Eder. Porque Cali es donde debes estar\u201d<\/em>, afirm\u00f3 Mar\u00eda Fernanda Campuzano, secretaria de Turismo de Cali.<\/p>\n\n\n\n<p>Adem\u00e1s de la agenda comercial, Cali contar\u00e1 con una programaci\u00f3n permanente de activaciones en su stand, dise\u00f1adas para mostrar en vivo la esencia del destino. Durante los tres d\u00edas de feria habr\u00e1 presentaciones de marimba del Pac\u00edfico, muestras de baile con compa\u00f1\u00edas como Swing Latino, Ens\u00e1lsate y Delirio, experiencias inmersivas con gafas de realidad virtual, talleres de turbantes y activaciones culturales lideradas por el Museo de la Salsa.<\/p>\n\n\n\n<p>Estas acciones buscan que medios, compradores y visitantes vivan de primera mano por qu\u00e9 Cali es biodiversidad, salsa y Pac\u00edfico en un solo destino.<\/p>\n\n\n\n<h2 class=\"wp-block-heading\">Agenda destacada \u2013 Stand Cali | Anato 2026<\/h2>\n\n\n\n<p><strong>Mi\u00e9rcoles, 25 de febrero<\/strong><\/p>\n\n\n\n<ul class=\"wp-block-list\">\n<li>Presentaciones de marimba del Pac\u00edfico<\/li>\n\n\n\n<li>Muestras de baile con Ens\u00e1lsate y Swing Latino<\/li>\n\n\n\n<li>Taller de turbantes<\/li>\n\n\n\n<li>Experiencia de realidad virtual<\/li>\n\n\n\n<li>Activaci\u00f3n de serigraf\u00eda en vivo<br \/><br \/>\u00a0<\/li>\n<\/ul>\n\n\n\n<p><strong>Jueves, 26 de febrero<\/strong><\/p>\n\n\n\n<ul class=\"wp-block-list\">\n<li>Presentaci\u00f3n art\u00edstica de Mulato<\/li>\n\n\n\n<li>Show de Ens\u00e1lsate y Delirio<\/li>\n\n\n\n<li>Marimba del Pac\u00edfico<\/li>\n\n\n\n<li>Taller de turbantes<\/li>\n\n\n\n<li>Experiencia de realidad virtual y serigraf\u00eda<br \/><br \/>\u00a0<\/li>\n<\/ul>\n\n\n\n<p><strong>Viernes, 27 de febrero<\/strong><\/p>\n\n\n\n<ul class=\"wp-block-list\">\n<li>Museo de la Salsa<\/li>\n\n\n\n<li>Presentaciones de Mulato<\/li>\n\n\n\n<li>Taller de turbantes<\/li>\n\n\n\n<li>Activaciones culturales y experiencia inmersiva<br \/><br \/>\u00a0<\/li>\n<\/ul>\n\n\n\n<p>Invitamos a los medios de comunicaci\u00f3n nacionales a visitar el stand de Cali para conocer de primera mano la agenda cultural y las oportunidades comerciales que la ciudad presenta en Anato 2026.<\/p>\n\n\n\n<p>Toda esta gesti\u00f3n de la Secretar\u00eda de Turismo de Cali se realiza bajo la directriz del alcalde Alejandro Eder, quien ha priorizado la biodiversidad como una ventaja competitiva estrat\u00e9gica para la proyecci\u00f3n internacional de la ciudad.<\/p>\n\n\n\n<p><strong>#CaliEsDondeDebesEstar<\/strong><\/p>\n\n\n\n<p><strong>#CaliEnAnato2026<\/strong><\/p>\n\n\n\n<p><strong>Comunicaciones Secretar\u00eda de Turismo<\/strong><\/p>\n\n\n\n<p>cali.gov.co<\/p>\n","protected":false},"excerpt":{"rendered":"<p>Santiago de Cali, 24 de febrero de 2026 Cali participar\u00e1 esta semana en la Vitrina Tur\u00edstica de Anato 2026 con una propuesta clara ante el pa\u00eds y el mercado internacional: consolidarse como un destino competitivo, diverso y en crecimiento, bajo la narrativa de ciudad \u2018Cali es donde debes estar\u2019. La capital del Valle del Cauca [&hellip;]<\/p>\n","protected":false},"author":1,"featured_media":204423,"comment_status":"open","ping_status":"open","sticky":false,"template":"","format":"standard","meta":{"_acf_changed":false,"_jetpack_memberships_contains_paid_content":false,"footnotes":"","jetpack_publicize_message":"","jetpack_publicize_feature_enabled":true,"jetpack_social_post_already_shared":true,"jetpack_social_options":{"image_generator_settings":{"template":"highway","default_image_id":0,"font":"","enabled":false},"version":2}},"categories":[6],"tags":[],"class_list":["post-204422","post","type-post","status-publish","format-standard","has-post-thumbnail","hentry","category-ecologia"],"acf":[],"jetpack_publicize_connections":[],"jetpack_featured_media_url":"https:\/\/i0.wp.com\/sportseco.com\/wp-content\/uploads\/2026\/02\/thpubInt_700X400_191440.webp?fit=660%2C400&ssl=1","jetpack_sharing_enabled":true,"_links":{"self":[{"href":"https:\/\/sportseco.com\/index.php?rest_route=\/wp\/v2\/posts\/204422","targetHints":{"allow":["GET"]}}],"collection":[{"href":"https:\/\/sportseco.com\/index.php?rest_route=\/wp\/v2\/posts"}],"about":[{"href":"https:\/\/sportseco.com\/index.php?rest_route=\/wp\/v2\/types\/post"}],"author":[{"embeddable":true,"href":"https:\/\/sportseco.com\/index.php?rest_route=\/wp\/v2\/users\/1"}],"replies":[{"embeddable":true,"href":"https:\/\/sportseco.com\/index.php?rest_route=%2Fwp%2Fv2%2Fcomments&post=204422"}],"version-history":[{"count":1,"href":"https:\/\/sportseco.com\/index.php?rest_route=\/wp\/v2\/posts\/204422\/revisions"}],"predecessor-version":[{"id":204424,"href":"https:\/\/sportseco.com\/index.php?rest_route=\/wp\/v2\/posts\/204422\/revisions\/204424"}],"wp:featuredmedia":[{"embeddable":true,"href":"https:\/\/sportseco.com\/index.php?rest_route=\/wp\/v2\/media\/204423"}],"wp:attachment":[{"href":"https:\/\/sportseco.com\/index.php?rest_route=%2Fwp%2Fv2%2Fmedia&parent=204422"}],"wp:term":[{"taxonomy":"category","embeddable":true,"href":"https:\/\/sportseco.com\/index.php?rest_route=%2Fwp%2Fv2%2Fcategories&post=204422"},{"taxonomy":"post_tag","embeddable":true,"href":"https:\/\/sportseco.com\/index.php?rest_route=%2Fwp%2Fv2%2Ftags&post=204422"}],"curies":[{"name":"wp","href":"https:\/\/api.w.org\/{rel}","templated":true}]}}