{"id":204451,"date":"2026-02-25T16:47:37","date_gmt":"2026-02-25T21:47:37","guid":{"rendered":"https:\/\/sportseco.com\/?p=204451"},"modified":"2026-02-25T16:47:37","modified_gmt":"2026-02-25T21:47:37","slug":"gracias-a-mercando-campesino-los-calenos-podran-mercar-en-la-plaza-de-caycedo-este-viernes","status":"publish","type":"post","link":"https:\/\/sportseco.com\/?p=204451","title":{"rendered":"Gracias a Mercando Campesino, los cale\u00f1os podr\u00e1n mercar en la Plaza de Caycedo este viernes"},"content":{"rendered":"\n<figure class=\"wp-block-image\"><img data-recalc-dims=\"1\" decoding=\"async\" src=\"https:\/\/i0.wp.com\/www.cali.gov.co\/info\/caligovco_se\/media\/pubInt\/thumbs\/thpubInt_700X400_191455.webp?w=640&#038;ssl=1\" alt=\"Gracias a Mercando Campesino, los cale\u00f1os podr\u00e1n mercar en la Plaza de Caycedo este viernes\" title=\"Gracias a Mercando Campesino, los cale\u00f1os podr\u00e1n mercar en la Plaza de Caycedo este viernes\"\/><\/figure>\n\n\n\n<p>Productores rurales y mercados campesinos comercializar\u00e1n sus productos con el apoyo de la Administraci\u00f3n Distrital, a precios justos para los bolsillos de los consumidores.<\/p>\n\n\n\n<p><strong>Santiago de Cali, 25 de febrero de 2026<\/strong><\/p>\n\n\n\n<p>La Plaza de Caycedo vuelve a ser el escenario perfecto para apoyar a nuestros productores rurales y seguir recuperando a Cali gracias a Mercando Campesino este viernes, 27 de febrero.<\/p>\n\n\n\n<p>De 8:00 a.m. a 5:00 p.m., la Administraci\u00f3n Distrital desarrollar\u00e1 este espacio donde productores rurales y mercados campesinos de la ciudad comercializar\u00e1n productos naturales y frescos a precios justos.<\/p>\n\n\n\n<p>\u201cComprando en Mercando Campesino impulsamos el empleo, aportamos al desarrollo econ\u00f3mico de la ciudad y contribuimos al cierre de brechas entre el campo y la ciudad\u201d, asegur\u00f3 la secretaria de Desarrollo Econ\u00f3mico, Laura Loreto.<\/p>\n\n\n\n<p>En los diversos stands que estar\u00e1n ubicados en la Plaza de Caycedo los asistentes podr\u00e1n encontrar:<\/p>\n\n\n\n<ul class=\"wp-block-list\">\n<li>Frutas y verduras<\/li>\n\n\n\n<li>Caf\u00e9 en grano y molido<\/li>\n\n\n\n<li>Huevos y panela<\/li>\n\n\n\n<li>Accesorios y artesan\u00edas<\/li>\n\n\n\n<li>Plantas ornamentales y arom\u00e1ticas<\/li>\n\n\n\n<li>Jugos naturales<\/li>\n\n\n\n<li>Envueltos, tamales de pipi\u00e1n y pan de horno<\/li>\n\n\n\n<li>Antipastos, mermeladas, encurtidos, aj\u00edes y salsas<\/li>\n\n\n\n<li>Aceites esenciales, vinagre y repelentes<\/li>\n\n\n\n<li>Paquetes de agroturismo y ecoturismo<\/li>\n<\/ul>\n\n\n\n<p>La participaci\u00f3n en Mercando Campesino contribuye al fortalecimiento de la econom\u00eda rural para seguir dici\u00e9ndole a todos que el centro es donde debes estar.<\/p>\n\n\n\n<p>La realizaci\u00f3n de este evento en la Plaza de Caycedo hace parte de la apuesta decidida de la Administraci\u00f3n Distrital por impulsar el centro de Cali.<\/p>\n\n\n\n<p><strong>Comunicaciones Secretar\u00eda de Desarrollo Econ\u00f3mico<\/strong><\/p>\n\n\n\n<p>cali.gov.co<\/p>\n","protected":false},"excerpt":{"rendered":"<p>Productores rurales y mercados campesinos comercializar\u00e1n sus productos con el apoyo de la Administraci\u00f3n Distrital, a precios justos para los bolsillos de los consumidores. Santiago de Cali, 25 de febrero de 2026 La Plaza de Caycedo vuelve a ser el escenario perfecto para apoyar a nuestros productores rurales y seguir recuperando a Cali gracias a [&hellip;]<\/p>\n","protected":false},"author":1,"featured_media":204452,"comment_status":"open","ping_status":"open","sticky":false,"template":"","format":"standard","meta":{"_acf_changed":false,"_jetpack_memberships_contains_paid_content":false,"footnotes":"","jetpack_publicize_message":"","jetpack_publicize_feature_enabled":true,"jetpack_social_post_already_shared":true,"jetpack_social_options":{"image_generator_settings":{"template":"highway","default_image_id":0,"font":"","enabled":false},"version":2}},"categories":[6],"tags":[],"class_list":["post-204451","post","type-post","status-publish","format-standard","has-post-thumbnail","hentry","category-ecologia"],"acf":[],"jetpack_publicize_connections":[],"jetpack_featured_media_url":"https:\/\/i0.wp.com\/sportseco.com\/wp-content\/uploads\/2026\/02\/thpubInt_700X400_191455.webp?fit=660%2C400&ssl=1","jetpack_sharing_enabled":true,"_links":{"self":[{"href":"https:\/\/sportseco.com\/index.php?rest_route=\/wp\/v2\/posts\/204451","targetHints":{"allow":["GET"]}}],"collection":[{"href":"https:\/\/sportseco.com\/index.php?rest_route=\/wp\/v2\/posts"}],"about":[{"href":"https:\/\/sportseco.com\/index.php?rest_route=\/wp\/v2\/types\/post"}],"author":[{"embeddable":true,"href":"https:\/\/sportseco.com\/index.php?rest_route=\/wp\/v2\/users\/1"}],"replies":[{"embeddable":true,"href":"https:\/\/sportseco.com\/index.php?rest_route=%2Fwp%2Fv2%2Fcomments&post=204451"}],"version-history":[{"count":1,"href":"https:\/\/sportseco.com\/index.php?rest_route=\/wp\/v2\/posts\/204451\/revisions"}],"predecessor-version":[{"id":204453,"href":"https:\/\/sportseco.com\/index.php?rest_route=\/wp\/v2\/posts\/204451\/revisions\/204453"}],"wp:featuredmedia":[{"embeddable":true,"href":"https:\/\/sportseco.com\/index.php?rest_route=\/wp\/v2\/media\/204452"}],"wp:attachment":[{"href":"https:\/\/sportseco.com\/index.php?rest_route=%2Fwp%2Fv2%2Fmedia&parent=204451"}],"wp:term":[{"taxonomy":"category","embeddable":true,"href":"https:\/\/sportseco.com\/index.php?rest_route=%2Fwp%2Fv2%2Fcategories&post=204451"},{"taxonomy":"post_tag","embeddable":true,"href":"https:\/\/sportseco.com\/index.php?rest_route=%2Fwp%2Fv2%2Ftags&post=204451"}],"curies":[{"name":"wp","href":"https:\/\/api.w.org\/{rel}","templated":true}]}}