{"id":204580,"date":"2026-02-27T17:12:40","date_gmt":"2026-02-27T22:12:40","guid":{"rendered":"https:\/\/sportseco.com\/?p=204580"},"modified":"2026-02-27T17:12:40","modified_gmt":"2026-02-27T22:12:40","slug":"cali-arranca-el-mes-de-marzo-en-movimiento-58-kilometros-de-ciclovida-con-salud-inclusion-y-bienestar-para-toda-la-familia","status":"publish","type":"post","link":"https:\/\/sportseco.com\/?p=204580","title":{"rendered":"Cali arranca el mes de marzo en movimiento: 58 kil\u00f3metros de Ciclovida con salud, inclusi\u00f3n y bienestar para toda la familia"},"content":{"rendered":"\n<figure class=\"wp-block-image\"><img data-recalc-dims=\"1\" decoding=\"async\" src=\"https:\/\/i0.wp.com\/www.cali.gov.co\/info\/caligovco_se\/media\/pubInt\/thumbs\/thpubInt_700X400_191497.webp?w=640&#038;ssl=1\" alt=\"Cali arranca el mes de marzo en movimiento: 58 kil\u00f3metros de Ciclovida con salud, inclusi\u00f3n y bienestar para toda la familia\" title=\"Cali arranca el mes de marzo en movimiento: 58 kil\u00f3metros de Ciclovida con salud, inclusi\u00f3n y bienestar para toda la familia\"\/><\/figure>\n\n\n\n<ul class=\"wp-block-list\">\n<li><em>La Ciclovida se identifica como un espacio integral para el bienestar de las familias cale\u00f1as, al combinar actividad f\u00edsica, prevenci\u00f3n en salud, promoci\u00f3n del respeto y cuidado del entorno. El domingo (01.03.2026), las estaciones tem\u00e1ticas ofrecer\u00e1n tamizajes, sensibilizaci\u00f3n frente a las violencias basadas en g\u00e9nero y acciones por la protecci\u00f3n animal.<\/em><\/li>\n<\/ul>\n\n\n\n<p><br \/><strong>Santiago de Cali, 27 de febrero de 2026<\/strong><br \/><br \/>Durante la jornada dominical (<em>01.03.2026<\/em>), la&nbsp;<strong><em>Ciclovida<\/em><\/strong>&nbsp;se transforma en un gran punto de encuentro para el bienestar de las familias cale\u00f1as, con estaciones tem\u00e1ticas pensadas en el cuidado de la salud, la promoci\u00f3n del respeto y el fortalecimiento de la conciencia social.<br \/><br \/>En la estaci\u00f3n de&nbsp;<strong><em>Silo\u00e9<\/em><\/strong>, la Secretar\u00eda de Salud P\u00fablica Distrital brindar\u00e1 apoyo en&nbsp;<em>procesos de tamizaje<\/em>, incentivando la prevenci\u00f3n y el autocuidado.<br \/><br \/>En la estaci\u00f3n&nbsp;<strong><em>Panamericana<\/em><\/strong>, el acompa\u00f1amiento de&nbsp;<em>Casa Matria<\/em>&nbsp;permitir\u00e1 generar espacios de sensibilizaci\u00f3n frente a las violencias basadas en g\u00e9nero.<br \/><br \/>Entre tanto, en la estaci\u00f3n&nbsp;<strong><em>Ingenio<\/em><\/strong>&nbsp;se realizar\u00e1n actividades enfocadas en la&nbsp;<em>protecci\u00f3n y el bienestar animal<\/em>, en articulaci\u00f3n con el Centro de Bienestar Animal (<em>CBA<\/em>) y promoviendo la tenencia responsable.<br \/><br \/>Estas iniciativas fortalecen la oferta recreativa y deportiva de la&nbsp;<em>Ciclovida<\/em>, que se ratifica como un escenario de integraci\u00f3n, aprendizaje y conciencia ciudadana.<br \/><br \/><strong>Para tener en cuenta\u2026<\/strong><\/p>\n\n\n\n<ul class=\"wp-block-list\">\n<li>Las estaciones est\u00e1n abiertas para toda la comunidad durante el recorrido.<br \/>\u00a0<\/li>\n\n\n\n<li>La participaci\u00f3n es gratuita y no requiere inscripci\u00f3n previa.<br \/>\u00a0<\/li>\n\n\n\n<li>Se recomienda asistir con hidrataci\u00f3n, ropa c\u00f3moda y disposici\u00f3n para aprender y disfrutar.<br \/>\u00a0<\/li>\n\n\n\n<li>La\u00a0<em>Ciclovida<\/em>\u00a0es un espacio para moverse, cuidarse y compartir en familia.<\/li>\n<\/ul>\n\n\n\n<p><br \/>El domingo (<em>01.03.2026<\/em>) vive una jornada llena de salud, respeto, conciencia y diversi\u00f3n.&nbsp;<strong><em>\u00a1La Ciclovida de Cali te espera!<\/em><\/strong><br \/><br \/><strong><em>#As\u00edRecuperamosCali<br \/>#Aqu\u00edCabemosTodos<\/em><\/strong><\/p>\n\n\n\n<p>cali.gov.co<\/p>\n","protected":false},"excerpt":{"rendered":"<p>Santiago de Cali, 27 de febrero de 2026 Durante la jornada dominical (01.03.2026), la&nbsp;Ciclovida&nbsp;se transforma en un gran punto de encuentro para el bienestar de las familias cale\u00f1as, con estaciones tem\u00e1ticas pensadas en el cuidado de la salud, la promoci\u00f3n del respeto y el fortalecimiento de la conciencia social. En la estaci\u00f3n de&nbsp;Silo\u00e9, la Secretar\u00eda [&hellip;]<\/p>\n","protected":false},"author":1,"featured_media":204581,"comment_status":"open","ping_status":"open","sticky":false,"template":"","format":"standard","meta":{"_acf_changed":false,"_jetpack_memberships_contains_paid_content":false,"footnotes":"","jetpack_publicize_message":"","jetpack_publicize_feature_enabled":true,"jetpack_social_post_already_shared":true,"jetpack_social_options":{"image_generator_settings":{"template":"highway","default_image_id":0,"font":"","enabled":false},"version":2}},"categories":[6],"tags":[],"class_list":["post-204580","post","type-post","status-publish","format-standard","has-post-thumbnail","hentry","category-ecologia"],"acf":[],"jetpack_publicize_connections":[],"jetpack_featured_media_url":"https:\/\/i0.wp.com\/sportseco.com\/wp-content\/uploads\/2026\/02\/thgaleria_700X400_340603.webp?fit=533%2C400&ssl=1","jetpack_sharing_enabled":true,"_links":{"self":[{"href":"https:\/\/sportseco.com\/index.php?rest_route=\/wp\/v2\/posts\/204580","targetHints":{"allow":["GET"]}}],"collection":[{"href":"https:\/\/sportseco.com\/index.php?rest_route=\/wp\/v2\/posts"}],"about":[{"href":"https:\/\/sportseco.com\/index.php?rest_route=\/wp\/v2\/types\/post"}],"author":[{"embeddable":true,"href":"https:\/\/sportseco.com\/index.php?rest_route=\/wp\/v2\/users\/1"}],"replies":[{"embeddable":true,"href":"https:\/\/sportseco.com\/index.php?rest_route=%2Fwp%2Fv2%2Fcomments&post=204580"}],"version-history":[{"count":1,"href":"https:\/\/sportseco.com\/index.php?rest_route=\/wp\/v2\/posts\/204580\/revisions"}],"predecessor-version":[{"id":204582,"href":"https:\/\/sportseco.com\/index.php?rest_route=\/wp\/v2\/posts\/204580\/revisions\/204582"}],"wp:featuredmedia":[{"embeddable":true,"href":"https:\/\/sportseco.com\/index.php?rest_route=\/wp\/v2\/media\/204581"}],"wp:attachment":[{"href":"https:\/\/sportseco.com\/index.php?rest_route=%2Fwp%2Fv2%2Fmedia&parent=204580"}],"wp:term":[{"taxonomy":"category","embeddable":true,"href":"https:\/\/sportseco.com\/index.php?rest_route=%2Fwp%2Fv2%2Fcategories&post=204580"},{"taxonomy":"post_tag","embeddable":true,"href":"https:\/\/sportseco.com\/index.php?rest_route=%2Fwp%2Fv2%2Ftags&post=204580"}],"curies":[{"name":"wp","href":"https:\/\/api.w.org\/{rel}","templated":true}]}}