{"id":204706,"date":"2026-03-02T15:35:18","date_gmt":"2026-03-02T20:35:18","guid":{"rendered":"https:\/\/sportseco.com\/?p=204706"},"modified":"2026-03-02T15:35:18","modified_gmt":"2026-03-02T20:35:18","slug":"en-semana-santa-cali-le-dice-si-a-la-vida-el-dagma-entregara-mas-de-2000-plantas-ornamentales-y-pide-no-usar-palma-de-cera-video","status":"publish","type":"post","link":"https:\/\/sportseco.com\/?p=204706","title":{"rendered":"En Semana Santa, Cali le dice \u201cs\u00ed\u201d a la vida: el Dagma entregar\u00e1 m\u00e1s de 2000 plantas ornamentales y pide no usar palma de cera. Video"},"content":{"rendered":"\n<figure class=\"wp-block-image\"><img data-recalc-dims=\"1\" decoding=\"async\" src=\"https:\/\/i0.wp.com\/www.cali.gov.co\/info\/caligovco_se\/media\/pubInt\/thumbs\/thpubInt_700X400_191522.webp?w=640&#038;ssl=1\" alt=\"En Semana Santa, Cali le dice \u201cs\u00ed\u201d a la vida: el Dagma entregar\u00e1 m\u00e1s de 2000 plantas ornamentales y pide no usar palma de cera\" title=\"En Semana Santa, Cali le dice \u201cs\u00ed\u201d a la vida: el Dagma entregar\u00e1 m\u00e1s de 2000 plantas ornamentales y pide no usar palma de cera\"\/><\/figure>\n\n\n\n<p><em><strong>|&nbsp;<\/strong><\/em><em>El uso de la palma de cera est\u00e1 penalizado y su extracci\u00f3n afecta d\u00e9cadas de crecimiento.<\/em><br \/><br \/><em><strong>|<\/strong><\/em><em>&nbsp;El Dagma invita a sustituir especies en veda por plantas vivas que protejan la biodiversidad.<\/em><br \/><br \/><em><strong>|<\/strong><\/em><em>&nbsp;La entrega de m\u00e1s de 2000 plantas ornamentales se realizar\u00e1 el Domingo de Ramos en la Catedral de San Pedro y en las iglesias Juan Pablo II, Nuestra Se\u00f1ora de la Asunci\u00f3n y Cristo Resucitado.<\/em><\/p>\n\n\n\n<p><br \/><strong>Santiago de Cali, 2 de marzo de 2026<\/strong><br \/><br \/>Con la llegada de la&nbsp;<em><strong>Semana Santa<\/strong><\/em>,&nbsp;<em>entre el 29 de marzo y el 5 de abril,<\/em>&nbsp;la Alcald\u00eda de Cali, a trav\u00e9s del Departamento Administrativo de Gesti\u00f3n del Medio Ambiente (<em>Dagma<\/em>), adelantar\u00e1 una&nbsp;<em>jornada especial de protecci\u00f3n ambiental<\/em>&nbsp;entregando&nbsp;<em><strong>m\u00e1s de 2000 plantas ornamentales<\/strong><\/em>&nbsp;cultivadas en el Vivero Distrital.<br \/><br \/>La iniciativa busca invitar a los feligreses a reemplazar el uso de la&nbsp;<em>palma de cera<\/em>&nbsp;durante el&nbsp;<em>Domingo de Ramos,<\/em>&nbsp;optando por especies vivas que contribuyan al cuidado de los ecosistemas.<br \/><br \/>Seg\u00fan Jos\u00e9 Pardo, integrante del grupo de Flora Silvestre del&nbsp;<em>Dagma<\/em>, el uso de la&nbsp;<em>palma de cera<\/em>&nbsp;constituye tr\u00e1fico de flora silvestre y est\u00e1 penalizado por la ley.&nbsp;<em>\u201cEsta palma es el \u00e1rbol nacional de Colombia, tarda entre 40 y 60 a\u00f1os en alcanzar su madurez y cada vez que arrancamos sus hojas estamos afectando d\u00e9cadas de crecimiento. Por eso los invitamos a sustituir estas especies que est\u00e1n en veda y utilizar plantas vivas\u201d<\/em>, enfatiz\u00f3.<br \/><br \/>La&nbsp;<em>palma de cera<\/em>&nbsp;se encuentra en peligro de extinci\u00f3n debido a la deforestaci\u00f3n para agricultura y ganader\u00eda, su lenta regeneraci\u00f3n natural y la extracci\u00f3n de sus hojas para celebraciones religiosas. Su desaparici\u00f3n afecta directamente el h\u00e1bitat del&nbsp;<em>loro orejiamarillo<\/em>.<br \/><br \/><strong>Producci\u00f3n anticipada y especies disponibles<\/strong><br \/><br \/>El equipo operativo del&nbsp;<em>Vivero Distrital&nbsp;<\/em>viene preparando esta jornada desde el a\u00f1o anterior.&nbsp;<em>\u201cEn 2025 comenzamos el trabajo para que las plantas estuvieran \u00f3ptimas. Son plantas de entre 10 y 15 cent\u00edmetros. A los feligreses que llevan palma de cera les decimos: vengan y nosotros les damos una planta ornamental que trae muchos beneficios\u201d,&nbsp;<\/em>explic\u00f3 Luis Humberto Sevillano, encargado del proceso<em>.<\/em><br \/><br \/>Las&nbsp;<em>2000 plantas<\/em>&nbsp;pertenecen a 15 especies diferentes como&nbsp;<em>penta, ceriza, \u00e1rbol de la prosperidad, conga, lazos de amor y caucho ornamental<\/em>, todas propagadas en el Vivero del&nbsp;<em>Dagma<\/em>.<br \/><br \/><strong>Puntos de entrega<\/strong><br \/><br \/>Lina Marcela Bot\u00eda Mu\u00f1oz, directora del&nbsp;<em>Dagma<\/em>, inform\u00f3 que el&nbsp;<em>Domingo de Ramos&nbsp;<\/em>la autoridad ambiental de Cali estar\u00e1 en&nbsp;<em><strong>cuatro puntos estrat\u00e9gicos<\/strong><\/em>\u2026<br \/><br \/>&nbsp;<\/p>\n\n\n\n<ul class=\"wp-block-list\">\n<li>Catedral de San Pedro (<em>Plaza de Cayzedo<\/em>).<\/li>\n\n\n\n<li>Iglesia Juan Pablo II (<em>Valle del Lili<\/em>).<\/li>\n\n\n\n<li>Nuestra Se\u00f1ora de la Asunci\u00f3n (<em>Andr\u00e9s San\u00edn<\/em>).<\/li>\n\n\n\n<li>Iglesia Cristo Resucitado (<em>La Flora<\/em>).<\/li>\n<\/ul>\n\n\n\n<p><br \/><em>\u201cDebemos conservar la palma de cera y proteger nuestros ecosistemas. La invitaci\u00f3n es a que nos acompa\u00f1en este d\u00eda, para que reciban las plantas que propagamos en nuestro Vivero Distrital\u201d,<\/em>\u00a0precis\u00f3 la directora.<\/p>\n\n\n\n<figure class=\"wp-block-embed is-type-video is-provider-youtube wp-block-embed-youtube wp-embed-aspect-16-9 wp-has-aspect-ratio\"><div class=\"wp-block-embed__wrapper\">\n<iframe loading=\"lazy\" title=\"El Dagma entregar\u00e1 m\u00e1s de 2000 plantas ornamentales y pide no usar palma de cera\" width=\"640\" height=\"360\" src=\"https:\/\/www.youtube.com\/embed\/dQjMatKXAMk?feature=oembed\" frameborder=\"0\" allow=\"accelerometer; autoplay; clipboard-write; encrypted-media; gyroscope; picture-in-picture; web-share\" referrerpolicy=\"strict-origin-when-cross-origin\" allowfullscreen><\/iframe>\n<\/div><\/figure>\n\n\n\n<p><br \/><br \/><strong>\u00a1No lo olvide!<\/strong><br \/><br \/>Desde la Alcald\u00eda de Cali y el Departamento Administrativo de Gesti\u00f3n del Medio Ambiente, se hace un llamado especial a la ciudadan\u00eda para\u00a0<em>no comprar ni comercializar<\/em>\u00a0<em><strong>palma de cera\u00a0<\/strong><\/em>durante esta\u00a0<em>Semana Santa,<\/em>\u00a0convirti\u00e9ndonos de esta forma en\u00a0<em>guardianes de la biodiversidad<\/em>.<br \/><br \/><em>\u00a1As\u00ed recuperamos Cali!<\/em><br \/><\/p>\n\n\n\n<p><br \/><br \/><strong>Le puede interesar\u2026<\/strong><br \/>&#8211;\u00a0<a href=\"https:\/\/www.cali.gov.co\/boletines\/publicaciones\/191467\/confirman-la-presencia-de-un-oso-de-anteojos-en-predios-de-conservacion-de-cali\/\" target=\"_blank\" rel=\"noreferrer noopener\">Confirman la presencia de un oso de anteojos en predios de conservaci\u00f3n de Cali<\/a><br \/><\/p>\n\n\n\n<p><strong>F<\/strong><strong>ernando Andr\u00e9s Quintero<br \/>Fotos: Guillermo Guti\u00e9rrez<br \/>C\u00e1mara: Alexis Ocampo<br \/>Comunicaciones Alcald\u00eda de Cali<\/strong><\/p>\n\n\n\n<p><\/p>\n\n\n\n<p>cali.gov.co<\/p>\n","protected":false},"excerpt":{"rendered":"<p>|&nbsp;El uso de la palma de cera est\u00e1 penalizado y su extracci\u00f3n afecta d\u00e9cadas de crecimiento. |&nbsp;El Dagma invita a sustituir especies en veda por plantas vivas que protejan la biodiversidad. |&nbsp;La entrega de m\u00e1s de 2000 plantas ornamentales se realizar\u00e1 el Domingo de Ramos en la Catedral de San Pedro y en las iglesias [&hellip;]<\/p>\n","protected":false},"author":1,"featured_media":204707,"comment_status":"open","ping_status":"open","sticky":false,"template":"","format":"standard","meta":{"_acf_changed":false,"_jetpack_memberships_contains_paid_content":false,"footnotes":"","jetpack_publicize_message":"","jetpack_publicize_feature_enabled":true,"jetpack_social_post_already_shared":true,"jetpack_social_options":{"image_generator_settings":{"template":"highway","default_image_id":0,"font":"","enabled":false},"version":2}},"categories":[6],"tags":[],"class_list":["post-204706","post","type-post","status-publish","format-standard","has-post-thumbnail","hentry","category-ecologia"],"acf":[],"jetpack_publicize_connections":[],"jetpack_featured_media_url":"https:\/\/i0.wp.com\/sportseco.com\/wp-content\/uploads\/2026\/03\/thgaleria_700X400_340683.webp?fit=600%2C400&ssl=1","jetpack_sharing_enabled":true,"_links":{"self":[{"href":"https:\/\/sportseco.com\/index.php?rest_route=\/wp\/v2\/posts\/204706","targetHints":{"allow":["GET"]}}],"collection":[{"href":"https:\/\/sportseco.com\/index.php?rest_route=\/wp\/v2\/posts"}],"about":[{"href":"https:\/\/sportseco.com\/index.php?rest_route=\/wp\/v2\/types\/post"}],"author":[{"embeddable":true,"href":"https:\/\/sportseco.com\/index.php?rest_route=\/wp\/v2\/users\/1"}],"replies":[{"embeddable":true,"href":"https:\/\/sportseco.com\/index.php?rest_route=%2Fwp%2Fv2%2Fcomments&post=204706"}],"version-history":[{"count":1,"href":"https:\/\/sportseco.com\/index.php?rest_route=\/wp\/v2\/posts\/204706\/revisions"}],"predecessor-version":[{"id":204708,"href":"https:\/\/sportseco.com\/index.php?rest_route=\/wp\/v2\/posts\/204706\/revisions\/204708"}],"wp:featuredmedia":[{"embeddable":true,"href":"https:\/\/sportseco.com\/index.php?rest_route=\/wp\/v2\/media\/204707"}],"wp:attachment":[{"href":"https:\/\/sportseco.com\/index.php?rest_route=%2Fwp%2Fv2%2Fmedia&parent=204706"}],"wp:term":[{"taxonomy":"category","embeddable":true,"href":"https:\/\/sportseco.com\/index.php?rest_route=%2Fwp%2Fv2%2Fcategories&post=204706"},{"taxonomy":"post_tag","embeddable":true,"href":"https:\/\/sportseco.com\/index.php?rest_route=%2Fwp%2Fv2%2Ftags&post=204706"}],"curies":[{"name":"wp","href":"https:\/\/api.w.org\/{rel}","templated":true}]}}