{"id":204735,"date":"2026-03-03T07:36:15","date_gmt":"2026-03-03T12:36:15","guid":{"rendered":"https:\/\/sportseco.com\/?p=204735"},"modified":"2026-03-03T07:36:15","modified_gmt":"2026-03-03T12:36:15","slug":"parques-nacionales-laboratorios-vivos-para-el-conocimiento","status":"publish","type":"post","link":"https:\/\/sportseco.com\/?p=204735","title":{"rendered":"Parques Nacionales: laboratorios vivos para el conocimiento"},"content":{"rendered":"\n<p>Trabajamos con docentes, comunidades e investigadores para conservar el patrimonio natural de Colombia. Hacemos&nbsp;<strong>investigaci\u00f3n y monitoreo<\/strong>, promovemos&nbsp;<strong>Est\u00edmulos al Conocimiento,<\/strong>&nbsp;llevamos el&nbsp;<strong>Colegio al Parque<\/strong>, compartimos en la&nbsp;<strong>Universidad de los Parques<\/strong>&nbsp;y creamos nuestro propio&nbsp;<strong>sello editorial<\/strong>. Aprende con nosotros.<\/p>\n\n\n\n<p><strong><a href=\"https:\/\/www.parquesnacionales.gov.co\/sala-prensa\/noticias\/nuestros-parques-nacionales-un-laboratorio-vivo-para-el-conocimiento\/\">Descubre m\u00e1s aqu\u00ed.<\/a><\/strong><\/p>\n\n\n\n<figure class=\"wp-block-image\"><a class=\"vc_single_image-wrapper   vc_box_border_grey\" href=\"https:\/\/www.parquesnacionales.gov.co\/sala-prensa\/noticias\/potenciar-la-investigacion-para-proteger-la-vida\/\"><img data-recalc-dims=\"1\" height=\"150\" width=\"150\" decoding=\"async\" src=\"https:\/\/i0.wp.com\/www.parquesnacionales.gov.co\/wp-content\/uploads\/2026\/02\/ilustra-conocimientoB-04-e1771955555386-150x150.png?resize=150%2C150&#038;ssl=1\" alt=\"ilustra conocimientoB-04\" title=\"ilustra conocimientoB-04\"\/><\/a><\/figure>\n\n\n\n<h2 class=\"wp-block-heading\"><a href=\"https:\/\/www.parquesnacionales.gov.co\/sala-prensa\/noticias\/potenciar-la-investigacion-para-proteger-la-vida\/\"><strong>Potenciamos la investigaci\u00f3n<\/strong><\/a><\/h2>\n\n\n\n<p>La planta acu\u00e1tica que da color a&nbsp;<strong>Ca\u00f1o Cristales<\/strong>&nbsp;es muy fr\u00e1gil. La estudiamos para garantizar su conservaci\u00f3n.<\/p>\n\n\n\n<p><strong><a href=\"https:\/\/www.parquesnacionales.gov.co\/sala-prensa\/noticias\/potenciar-la-investigacion-para-proteger-la-vida\/\">Mira otros logros cient\u00edficos.<\/a><\/strong><\/p>\n\n\n\n<figure class=\"wp-block-image\"><a class=\"vc_single_image-wrapper   vc_box_border_grey\" href=\"https:\/\/www.parquesnacionales.gov.co\/sala-prensa\/noticias\/una-rana-dramatica-permite-estudiar-el-cambio-climatico\/\"><img data-recalc-dims=\"1\" height=\"150\" width=\"150\" decoding=\"async\" src=\"https:\/\/i0.wp.com\/www.parquesnacionales.gov.co\/wp-content\/uploads\/2026\/02\/ilustra-conocimientoB-02-e1771955904860-150x150.png?resize=150%2C150&#038;ssl=1\" alt=\"ilustra conocimientoB-02\" title=\"ilustra conocimientoB-02\"\/><\/a><\/figure>\n\n\n\n<h2 class=\"wp-block-heading\"><a href=\"https:\/\/www.parquesnacionales.gov.co\/sala-prensa\/noticias\/una-rana-dramatica-permite-estudiar-el-cambio-climatico\/\"><strong>\u00bfUn anfibio que ayuda a entender el cambio clim\u00e1tico?<\/strong><\/a><\/h2>\n\n\n\n<p>Tenemos cientos de investigaciones. Una de ellas tiene como protagonista a una&nbsp;<em>rana dram\u00e1tica<\/em>&nbsp;de&nbsp;<strong>El Tuparro<\/strong>.<\/p>\n\n\n\n<p><strong><a href=\"https:\/\/www.parquesnacionales.gov.co\/sala-prensa\/noticias\/una-rana-dramatica-permite-estudiar-el-cambio-climatico\/\">Escucha c\u00f3mo la naturaleza nos habla.<\/a><\/strong><\/p>\n\n\n\n<figure class=\"wp-block-image\"><a class=\"vc_single_image-wrapper   vc_box_border_grey\" href=\"https:\/\/www.parquesnacionales.gov.co\/sala-prensa\/noticias\/monitoreo-para-conservar-la-vida\/\"><img data-recalc-dims=\"1\" height=\"150\" width=\"150\" decoding=\"async\" src=\"https:\/\/i0.wp.com\/www.parquesnacionales.gov.co\/wp-content\/uploads\/2026\/02\/ilustra-conocimientoB-05-e1771956901920-150x150.png?resize=150%2C150&#038;ssl=1\" alt=\"ilustra conocimientoB-05\" title=\"ilustra conocimientoB-05\"\/><\/a><\/figure>\n\n\n\n<h2 class=\"wp-block-heading\"><a href=\"https:\/\/www.parquesnacionales.gov.co\/sala-prensa\/noticias\/monitoreo-para-conservar-la-vida\/\"><strong>\u00a1Ojo al oso!<\/strong><\/a><\/h2>\n\n\n\n<p>Monitoreamos<strong>&nbsp;177 especies<\/strong>&nbsp;para fortalecer su cuidado. Nuestro oso andino es una de ellas.<\/p>\n\n\n\n<p><strong><a href=\"https:\/\/www.parquesnacionales.gov.co\/sala-prensa\/noticias\/monitoreo-para-conservar-la-vida\/\">Ponte los anteojos y lee c\u00f3mo lo hacemos.<\/a><\/strong><\/p>\n\n\n\n<figure class=\"wp-block-image\"><a class=\"vc_single_image-wrapper   vc_box_border_grey\" href=\"https:\/\/www.parquesnacionales.gov.co\/sala-prensa\/noticias\/educacion-ambiental-que-construye-paz-con-la-naturaleza\/\"><img data-recalc-dims=\"1\" height=\"150\" width=\"150\" decoding=\"async\" src=\"https:\/\/i0.wp.com\/www.parquesnacionales.gov.co\/wp-content\/uploads\/2026\/02\/ilustra-conocimientoB-02-1-e1772040980284-150x150.png?resize=150%2C150&#038;ssl=1\" alt=\"ilustra conocimientoB-02 (1)\" title=\"ilustra conocimientoB-02 (1)\"\/><\/a><\/figure>\n\n\n\n<h2 class=\"wp-block-heading\"><a href=\"https:\/\/www.parquesnacionales.gov.co\/sala-prensa\/noticias\/educacion-ambiental-que-construye-paz-con-la-naturaleza\/\"><strong>Nuestras escuelas est\u00e1n m\u00e1s vivas<\/strong><\/a><\/h2>\n\n\n\n<p>Imagina que un Parque Nacional puede ser un sal\u00f3n de clase. Miles de estudiantes y docentes, desde el p\u00e1ramo hasta el mar, ya lo vivieron con nosotros.<\/p>\n\n\n\n<p><strong><a href=\"https:\/\/www.parquesnacionales.gov.co\/sala-prensa\/noticias\/educacion-ambiental-que-construye-paz-con-la-naturaleza\/\">Hazlo t\u00fa tambi\u00e9n.<\/a><\/strong><\/p>\n\n\n\n<figure class=\"wp-block-image\"><a class=\"vc_single_image-wrapper   vc_box_border_grey\" href=\"https:\/\/www.parquesnacionales.gov.co\/sala-prensa\/noticias\/universidad-de-los-parques-un-sueno-de-pais\/\"><img data-recalc-dims=\"1\" height=\"150\" width=\"150\" decoding=\"async\" src=\"https:\/\/i0.wp.com\/www.parquesnacionales.gov.co\/wp-content\/uploads\/2026\/02\/ilustra-conocimientoB-06-e1771956876313-150x150.png?resize=150%2C150&#038;ssl=1\" alt=\"ilustra conocimientoB-06\" title=\"ilustra conocimientoB-06\"\/><\/a><\/figure>\n\n\n\n<h2 class=\"wp-block-heading\"><a href=\"https:\/\/www.parquesnacionales.gov.co\/sala-prensa\/noticias\/universidad-de-los-parques-un-sueno-de-pais\/\"><strong>Universidad de los Parques<\/strong><\/a><\/h2>\n\n\n\n<p>Cumplimos un sue\u00f1o de pa\u00eds en el que m\u00e1s de 8 mil personas podr\u00e1n capacitarse en 2026.<\/p>\n\n\n\n<p><strong><a href=\"https:\/\/www.parquesnacionales.gov.co\/sala-prensa\/noticias\/universidad-de-los-parques-un-sueno-de-pais\/\">As\u00ed compartimos lo que sabemos.<\/a><\/strong><\/p>\n\n\n\n<figure class=\"wp-block-image\"><a class=\"vc_single_image-wrapper   vc_box_border_grey\" href=\"https:\/\/www.parquesnacionales.gov.co\/sala-prensa\/noticias\/saberes-que-se-juntan-para-la-paz-con-la-naturaleza\/\"><img data-recalc-dims=\"1\" height=\"150\" width=\"150\" decoding=\"async\" src=\"https:\/\/i0.wp.com\/www.parquesnacionales.gov.co\/wp-content\/uploads\/2026\/02\/ilustra-conocimientoB-08-e1771956837506-150x150.png?resize=150%2C150&#038;ssl=1\" alt=\"ilustra conocimientoB-08\" title=\"ilustra conocimientoB-08\"\/><\/a><\/figure>\n\n\n\n<h2 class=\"wp-block-heading\"><a href=\"https:\/\/www.parquesnacionales.gov.co\/sala-prensa\/noticias\/saberes-que-se-juntan-para-la-paz-con-la-naturaleza\/\"><strong>El canto de las aves se convierte en m\u00fasica<\/strong><\/a><\/h2>\n\n\n\n<p>Saberes, creatividad y arte nos ayudan a conocer y valorar nuestros Parques.<\/p>\n\n\n\n<p><strong><a href=\"https:\/\/www.parquesnacionales.gov.co\/sala-prensa\/noticias\/saberes-que-se-juntan-para-la-paz-con-la-naturaleza\/\">Descubre aqu\u00ed c\u00f3mo se juntaron.<\/a><\/strong><\/p>\n\n\n\n<figure class=\"wp-block-image\"><a class=\"vc_single_image-wrapper   vc_box_border_grey\" href=\"https:\/\/www.parquesnacionales.gov.co\/sala-prensa\/noticias\/conservar-tambien-es-narrar-la-editorial-que-da-voz-a-las-areas-protegidas-de-colombia\/\"><img data-recalc-dims=\"1\" height=\"150\" width=\"150\" decoding=\"async\" src=\"https:\/\/i0.wp.com\/www.parquesnacionales.gov.co\/wp-content\/uploads\/2026\/02\/ilustra-conocimientoB-03-e1771956778141-150x150.png?resize=150%2C150&#038;ssl=1\" alt=\"ilustra conocimientoB-03\" title=\"ilustra conocimientoB-03\"\/><\/a><\/figure>\n\n\n\n<h2 class=\"wp-block-heading\"><a href=\"https:\/\/www.parquesnacionales.gov.co\/sala-prensa\/noticias\/conservar-tambien-es-narrar-la-editorial-que-da-voz-a-las-areas-protegidas-de-colombia\/\"><strong>Nuestras \u00e1reas protegidas: un libro abierto<\/strong><\/a><\/h2>\n\n\n\n<p><strong>\u00a1Tenemos sello editorial!<\/strong>&nbsp;Con la colecci\u00f3n Yubartas promovemos un ecoturismo responsable mediante mapas, textos y otros materiales educativos.<\/p>\n\n\n\n<p><strong><a href=\"https:\/\/www.parquesnacionales.gov.co\/sala-prensa\/noticias\/conservar-tambien-es-narrar-la-editorial-que-da-voz-a-las-areas-protegidas-de-colombia\/\">Aqu\u00ed puedes explorarlos.<\/a><\/strong><\/p>\n\n\n\n<figure class=\"wp-block-image\"><a class=\"vc_single_image-wrapper   vc_box_border_grey\" href=\"https:\/\/www.youtube.com\/playlist?list=PLYoNUTB_f05uyp1qN04rA2lRhUBZzWxEZ\"><img data-recalc-dims=\"1\" height=\"150\" width=\"150\" decoding=\"async\" src=\"https:\/\/i0.wp.com\/www.parquesnacionales.gov.co\/wp-content\/uploads\/2026\/02\/ilustra-conocimientoB-07-e1771956856399-150x150.png?resize=150%2C150&#038;ssl=1\" alt=\"ilustra conocimientoB-07\" title=\"ilustra conocimientoB-07\"\/><\/a><\/figure>\n\n\n\n<h2 class=\"wp-block-heading\"><a href=\"https:\/\/www.youtube.com\/playlist?list=PLYoNUTB_f05uyp1qN04rA2lRhUBZzWxEZ\"><strong>Realidad virtual: otra forma de conocer los Parques<\/strong><\/a><\/h2>\n\n\n\n<p>M\u00e1s de&nbsp;<strong>3 mil 500 personas<\/strong>&nbsp;han recorrido nieves, oc\u00e9anos y selvas en un viaje inmersivo.<\/p>\n\n\n\n<p><strong><a href=\"https:\/\/www.youtube.com\/playlist?list=PLYoNUTB_f05uyp1qN04rA2lRhUBZzWxEZ\">Mira c\u00f3mo fue su experiencia.<\/a><\/strong><\/p>\n\n\n\n<p><\/p>\n\n\n\n<figure class=\"wp-block-image size-large\"><img data-recalc-dims=\"1\" loading=\"lazy\" decoding=\"async\" width=\"640\" height=\"213\" src=\"https:\/\/i0.wp.com\/sportseco.com\/wp-content\/uploads\/2026\/03\/ilustra-conocimientoB-01-ruth-1.png?resize=640%2C213&#038;ssl=1\" alt=\"\" class=\"wp-image-204736\" srcset=\"https:\/\/i0.wp.com\/sportseco.com\/wp-content\/uploads\/2026\/03\/ilustra-conocimientoB-01-ruth-1.png?resize=1030%2C343&amp;ssl=1 1030w, https:\/\/i0.wp.com\/sportseco.com\/wp-content\/uploads\/2026\/03\/ilustra-conocimientoB-01-ruth-1.png?resize=300%2C100&amp;ssl=1 300w, https:\/\/i0.wp.com\/sportseco.com\/wp-content\/uploads\/2026\/03\/ilustra-conocimientoB-01-ruth-1.png?resize=768%2C256&amp;ssl=1 768w, https:\/\/i0.wp.com\/sportseco.com\/wp-content\/uploads\/2026\/03\/ilustra-conocimientoB-01-ruth-1.png?w=1500&amp;ssl=1 1500w, https:\/\/i0.wp.com\/sportseco.com\/wp-content\/uploads\/2026\/03\/ilustra-conocimientoB-01-ruth-1.png?w=1280&amp;ssl=1 1280w\" sizes=\"auto, (max-width: 640px) 100vw, 640px\" \/><\/figure>\n\n\n\n<p>parquesnacionales.gov.co<\/p>\n","protected":false},"excerpt":{"rendered":"<p>Trabajamos con docentes, comunidades e investigadores para conservar el patrimonio natural de Colombia. Hacemos&nbsp;investigaci\u00f3n y monitoreo, promovemos&nbsp;Est\u00edmulos al Conocimiento,&nbsp;llevamos el&nbsp;Colegio al Parque, compartimos en la&nbsp;Universidad de los Parques&nbsp;y creamos nuestro propio&nbsp;sello editorial. Aprende con nosotros. Descubre m\u00e1s aqu\u00ed. Potenciamos la investigaci\u00f3n La planta acu\u00e1tica que da color a&nbsp;Ca\u00f1o Cristales&nbsp;es muy fr\u00e1gil. La estudiamos para garantizar [&hellip;]<\/p>\n","protected":false},"author":1,"featured_media":204736,"comment_status":"open","ping_status":"open","sticky":false,"template":"","format":"standard","meta":{"_acf_changed":false,"_jetpack_memberships_contains_paid_content":false,"footnotes":"","jetpack_publicize_message":"","jetpack_publicize_feature_enabled":true,"jetpack_social_post_already_shared":true,"jetpack_social_options":{"image_generator_settings":{"template":"highway","default_image_id":0,"font":"","enabled":false},"version":2}},"categories":[6],"tags":[],"class_list":["post-204735","post","type-post","status-publish","format-standard","has-post-thumbnail","hentry","category-ecologia"],"acf":[],"jetpack_publicize_connections":[],"jetpack_featured_media_url":"https:\/\/i0.wp.com\/sportseco.com\/wp-content\/uploads\/2026\/03\/ilustra-conocimientoB-01-ruth-1.png?fit=1500%2C500&ssl=1","jetpack_sharing_enabled":true,"_links":{"self":[{"href":"https:\/\/sportseco.com\/index.php?rest_route=\/wp\/v2\/posts\/204735","targetHints":{"allow":["GET"]}}],"collection":[{"href":"https:\/\/sportseco.com\/index.php?rest_route=\/wp\/v2\/posts"}],"about":[{"href":"https:\/\/sportseco.com\/index.php?rest_route=\/wp\/v2\/types\/post"}],"author":[{"embeddable":true,"href":"https:\/\/sportseco.com\/index.php?rest_route=\/wp\/v2\/users\/1"}],"replies":[{"embeddable":true,"href":"https:\/\/sportseco.com\/index.php?rest_route=%2Fwp%2Fv2%2Fcomments&post=204735"}],"version-history":[{"count":1,"href":"https:\/\/sportseco.com\/index.php?rest_route=\/wp\/v2\/posts\/204735\/revisions"}],"predecessor-version":[{"id":204737,"href":"https:\/\/sportseco.com\/index.php?rest_route=\/wp\/v2\/posts\/204735\/revisions\/204737"}],"wp:featuredmedia":[{"embeddable":true,"href":"https:\/\/sportseco.com\/index.php?rest_route=\/wp\/v2\/media\/204736"}],"wp:attachment":[{"href":"https:\/\/sportseco.com\/index.php?rest_route=%2Fwp%2Fv2%2Fmedia&parent=204735"}],"wp:term":[{"taxonomy":"category","embeddable":true,"href":"https:\/\/sportseco.com\/index.php?rest_route=%2Fwp%2Fv2%2Fcategories&post=204735"},{"taxonomy":"post_tag","embeddable":true,"href":"https:\/\/sportseco.com\/index.php?rest_route=%2Fwp%2Fv2%2Ftags&post=204735"}],"curies":[{"name":"wp","href":"https:\/\/api.w.org\/{rel}","templated":true}]}}