{"id":204768,"date":"2026-03-03T17:22:40","date_gmt":"2026-03-03T22:22:40","guid":{"rendered":"https:\/\/sportseco.com\/?p=204768"},"modified":"2026-03-03T17:22:40","modified_gmt":"2026-03-03T22:22:40","slug":"cali-conmemoro-el-dia-mundial-de-la-vida-silvestre-con-la-liberacion-de-aves-reptiles-y-mamiferos-en-su-habitat-natural","status":"publish","type":"post","link":"https:\/\/sportseco.com\/?p=204768","title":{"rendered":"Cali conmemor\u00f3 el \u2018D\u00eda Mundial de la Vida Silvestre\u2019 con la liberaci\u00f3n de aves, reptiles y mam\u00edferos en su h\u00e1bitat natural"},"content":{"rendered":"\n<figure class=\"wp-block-image\"><img data-recalc-dims=\"1\" decoding=\"async\" src=\"https:\/\/i0.wp.com\/www.cali.gov.co\/info\/caligovco_se\/media\/pubInt\/thumbs\/thpubInt_700X400_191553.webp?w=640&#038;ssl=1\" alt=\"Cali conmemor\u00f3 el \u2018D\u00eda Mundial de la Vida Silvestre\u2019 con la liberaci\u00f3n de aves, reptiles y mam\u00edferos en su h\u00e1bitat natural\" title=\"Cali conmemor\u00f3 el \u2018D\u00eda Mundial de la Vida Silvestre\u2019 con la liberaci\u00f3n de aves, reptiles y mam\u00edferos en su h\u00e1bitat natural\"\/><\/figure>\n\n\n\n<ul class=\"wp-block-list\">\n<li><em>Con el retorno de 32 animales a su h\u00e1bitat natural, recuperados en el Hogar de Paso del Dagma, Cali conmemor\u00f3 el \u2018D\u00eda Mundial de la Vida Silvestre\u2019<\/em><br \/>\u00a0<\/li>\n\n\n\n<li><em>Durante la administraci\u00f3n del alcalde Alejandro Eder, m\u00e1s de 7700 animales silvestres han recibido atenci\u00f3n m\u00e9dico veterinaria por parte del Dagma.<\/em><\/li>\n<\/ul>\n\n\n\n<p><br \/><strong>Santiago de Cali, 3 de marzo de 2026<\/strong><br \/><br \/>Con la liberaci\u00f3n de 32 animales que culminaron exitosamente su proceso de rehabilitaci\u00f3n en el\u00a0<em>Hogar de Paso<\/em>, el Departamento Administrativo de Gesti\u00f3n del Medio Ambiente (<em>Dagma<\/em>), junto con la Polic\u00eda Ambiental y la Personer\u00eda de Santiago de Cali, conmemoraron en el\u00a0<em>Parque de la Biodiversidad COP 16<\/em>\u00a0el\u00a0<strong><em>\u2018D\u00eda Mundial de la Vida Silvestre\u2019<\/em><\/strong>.<br \/><br \/>La liberaci\u00f3n en su h\u00e1bitat natural de\u00a0<em>b\u00fahos currucut\u00fa, carpinteros, un gallinazo, un coquito, varias piguas, loros cabeciamarillos, azulejos,\u00a0<\/em>as\u00ed como<em>\u00a0zarig\u00fceyas, una ardilla e iguanas<\/em>, simboliza el compromiso de la administraci\u00f3n del alcalde Alejandro Eder con la protecci\u00f3n del patrimonio natural y la conservaci\u00f3n de la fauna silvestre en el Distrito.<br \/><br \/>Durante la actual alcald\u00eda, la autoridad ambiental de Cali ha atendido a\u00a0<em>m\u00e1s de 7700 animales silvestres<\/em>\u00a0en el\u00a0<em>Hogar de Paso<\/em>. All\u00ed, un equipo multidisciplinario conformado por m\u00e9dicos veterinarios, zootecnistas y t\u00e9cnicos, trabaja diariamente en la\u00a0<em>recuperaci\u00f3n, rehabilitaci\u00f3n y fortalecimiento<\/em>\u00a0de individuos afectados por tr\u00e1fico ilegal, la tenencia indebida e incidentes como atropellamientos o rescates, derivados de la p\u00e9rdida de h\u00e1bitat.<br \/><br \/><em>\u201cEn este \u2018D\u00eda Mundial de la Vida Silvestre\u2019, la administraci\u00f3n de Alejandro Eder reafirma su compromiso con la protecci\u00f3n y conservaci\u00f3n de nuestra fauna, tanto en la zona urbana como en la rural. Contamos con equipos capacitados para la atenci\u00f3n y recuperaci\u00f3n de las diferentes especies que habitan en nuestros ecosistemas\u201d<\/em>, resalt\u00f3 Lina Marcela Bot\u00eda Mu\u00f1oz, directora del\u00a0<em>Dagma<\/em>.<br \/><br \/>Se\u00f1al\u00f3 que gracias al conocimiento t\u00e9cnico de su equipo, se han ubicado estrat\u00e9gicamente c\u00e1maras en puntos como\u00a0<em>rascaderos y quebradas<\/em>, permitiendo registros f\u00edlmicos y fotogr\u00e1ficos de alto valor para la investigaci\u00f3n y la toma de decisiones en conservaci\u00f3n.<br \/><br \/><em>\u201cLa labor de protecci\u00f3n no termina en el Hogar de Paso. Tambi\u00e9n contamos con un equipo para la conservaci\u00f3n de fauna silvestre, que realiza monitoreo en ecosistemas estrat\u00e9gicos mediante el uso de c\u00e1maras trampa. Gracias a esta tecnolog\u00eda, se han registrado 63 especies, entre mam\u00edferos y aves de h\u00e1bitos terrestres\u201d<\/em>, detall\u00f3 Bot\u00eda.<br \/><br \/>Entre los hallazgos m\u00e1s representativos se destacan\u00a0<em>pumas, venados, osos de anteojos, guaguas, zorros y pecar\u00edes<\/em>, especies que evidencian la riqueza y el buen estado de conservaci\u00f3n de los ecosistemas de Cali.<\/p>\n\n\n\n<figure class=\"wp-block-image size-full\"><img data-recalc-dims=\"1\" loading=\"lazy\" decoding=\"async\" width=\"640\" height=\"362\" src=\"https:\/\/i0.wp.com\/sportseco.com\/wp-content\/uploads\/2026\/03\/thgaleria_700X400_340862.webp?resize=640%2C362&#038;ssl=1\" alt=\"\" class=\"wp-image-204770\" srcset=\"https:\/\/i0.wp.com\/sportseco.com\/wp-content\/uploads\/2026\/03\/thgaleria_700X400_340862.webp?w=700&amp;ssl=1 700w, https:\/\/i0.wp.com\/sportseco.com\/wp-content\/uploads\/2026\/03\/thgaleria_700X400_340862.webp?resize=300%2C170&amp;ssl=1 300w\" sizes=\"auto, (max-width: 640px) 100vw, 640px\" \/><\/figure>\n\n\n\n<p><br \/><br \/><strong>Un dato<\/strong><br \/><br \/>A la fecha, se han realizado\u00a0<strong><em>m\u00e1s de 3600 liberaciones<\/em><\/strong>, contribuyendo a la restauraci\u00f3n del equilibrio ecol\u00f3gico en distintas zonas del territorio.<br \/><br \/><strong>Te puede interesar&#8230;<\/strong><br \/>&#8211;\u00a0<a href=\"https:\/\/www.cali.gov.co\/boletines\/publicaciones\/191544\/mas-de-512-mil-metros-cuadrados-de-zonas-verdes-se-han-transformado-gracias-a-la-alianza-con-el-sector-privado\/\" target=\"_blank\" rel=\"noreferrer noopener\">M\u00e1s de 512 mil metros cuadrados de zonas verdes se han transformado gracias a la alianza con el sector privado<\/a><br \/><br \/><\/p>\n\n\n\n<ul class=\"wp-block-list\">\n<li><a href=\"https:\/\/www.cali.gov.co\/boletines\/publicaciones\/191553\/cali-conmemoro-el-dia-mundial-de-la-vida-silvestre-con-la-liberacion-de-aves-reptiles-y-mamiferos-en-su-habitat-natural\/#\"><\/a><a href=\"https:\/\/www.cali.gov.co\/boletines\/publicaciones\/191553\/cali-conmemoro-el-dia-mundial-de-la-vida-silvestre-con-la-liberacion-de-aves-reptiles-y-mamiferos-en-su-habitat-natural\/#\"><\/a><\/li>\n\n\n\n<li><a href=\"https:\/\/www.cali.gov.co\/boletines\/publicaciones\/191553\/cali-conmemoro-el-dia-mundial-de-la-vida-silvestre-con-la-liberacion-de-aves-reptiles-y-mamiferos-en-su-habitat-natural\/#\"><\/a><a href=\"https:\/\/www.cali.gov.co\/boletines\/publicaciones\/191553\/cali-conmemoro-el-dia-mundial-de-la-vida-silvestre-con-la-liberacion-de-aves-reptiles-y-mamiferos-en-su-habitat-natural\/#\"><\/a><\/li>\n\n\n\n<li><a href=\"https:\/\/www.cali.gov.co\/boletines\/publicaciones\/191553\/cali-conmemoro-el-dia-mundial-de-la-vida-silvestre-con-la-liberacion-de-aves-reptiles-y-mamiferos-en-su-habitat-natural\/#\"><\/a><a href=\"https:\/\/www.cali.gov.co\/boletines\/publicaciones\/191553\/cali-conmemoro-el-dia-mundial-de-la-vida-silvestre-con-la-liberacion-de-aves-reptiles-y-mamiferos-en-su-habitat-natural\/#\"><\/a><\/li>\n<\/ul>\n\n\n\n<p><strong>Luz Castillo<br \/>Comunicaciones Dagma<\/strong><\/p>\n\n\n\n<p>cali.gov.co<\/p>\n","protected":false},"excerpt":{"rendered":"<p>Santiago de Cali, 3 de marzo de 2026 Con la liberaci\u00f3n de 32 animales que culminaron exitosamente su proceso de rehabilitaci\u00f3n en el\u00a0Hogar de Paso, el Departamento Administrativo de Gesti\u00f3n del Medio Ambiente (Dagma), junto con la Polic\u00eda Ambiental y la Personer\u00eda de Santiago de Cali, conmemoraron en el\u00a0Parque de la Biodiversidad COP 16\u00a0el\u00a0\u2018D\u00eda Mundial [&hellip;]<\/p>\n","protected":false},"author":1,"featured_media":204769,"comment_status":"open","ping_status":"open","sticky":false,"template":"","format":"standard","meta":{"_acf_changed":false,"_jetpack_memberships_contains_paid_content":false,"footnotes":"","jetpack_publicize_message":"","jetpack_publicize_feature_enabled":true,"jetpack_social_post_already_shared":true,"jetpack_social_options":{"image_generator_settings":{"template":"highway","default_image_id":0,"font":"","enabled":false},"version":2}},"categories":[6],"tags":[],"class_list":["post-204768","post","type-post","status-publish","format-standard","has-post-thumbnail","hentry","category-ecologia"],"acf":[],"jetpack_publicize_connections":[],"jetpack_featured_media_url":"https:\/\/i0.wp.com\/sportseco.com\/wp-content\/uploads\/2026\/03\/thgaleria_700X400_340861.webp?fit=300%2C400&ssl=1","jetpack_sharing_enabled":true,"_links":{"self":[{"href":"https:\/\/sportseco.com\/index.php?rest_route=\/wp\/v2\/posts\/204768","targetHints":{"allow":["GET"]}}],"collection":[{"href":"https:\/\/sportseco.com\/index.php?rest_route=\/wp\/v2\/posts"}],"about":[{"href":"https:\/\/sportseco.com\/index.php?rest_route=\/wp\/v2\/types\/post"}],"author":[{"embeddable":true,"href":"https:\/\/sportseco.com\/index.php?rest_route=\/wp\/v2\/users\/1"}],"replies":[{"embeddable":true,"href":"https:\/\/sportseco.com\/index.php?rest_route=%2Fwp%2Fv2%2Fcomments&post=204768"}],"version-history":[{"count":1,"href":"https:\/\/sportseco.com\/index.php?rest_route=\/wp\/v2\/posts\/204768\/revisions"}],"predecessor-version":[{"id":204771,"href":"https:\/\/sportseco.com\/index.php?rest_route=\/wp\/v2\/posts\/204768\/revisions\/204771"}],"wp:featuredmedia":[{"embeddable":true,"href":"https:\/\/sportseco.com\/index.php?rest_route=\/wp\/v2\/media\/204769"}],"wp:attachment":[{"href":"https:\/\/sportseco.com\/index.php?rest_route=%2Fwp%2Fv2%2Fmedia&parent=204768"}],"wp:term":[{"taxonomy":"category","embeddable":true,"href":"https:\/\/sportseco.com\/index.php?rest_route=%2Fwp%2Fv2%2Fcategories&post=204768"},{"taxonomy":"post_tag","embeddable":true,"href":"https:\/\/sportseco.com\/index.php?rest_route=%2Fwp%2Fv2%2Ftags&post=204768"}],"curies":[{"name":"wp","href":"https:\/\/api.w.org\/{rel}","templated":true}]}}