{"id":204797,"date":"2026-03-04T08:53:31","date_gmt":"2026-03-04T13:53:31","guid":{"rendered":"https:\/\/sportseco.com\/?p=204797"},"modified":"2026-03-04T08:53:31","modified_gmt":"2026-03-04T13:53:31","slug":"gobierno-petro-les-cumple-a-las-comunidades-negras-afrocolombianas-raizales-y-palenqueras","status":"publish","type":"post","link":"https:\/\/sportseco.com\/?p=204797","title":{"rendered":"Gobierno Petro les cumple a las comunidades Negras, Afrocolombianas, Raizales y Palenqueras"},"content":{"rendered":"\n<figure class=\"wp-block-image\"><img data-recalc-dims=\"1\" decoding=\"async\" src=\"https:\/\/i0.wp.com\/www.minambiente.gov.co\/wp-content\/uploads\/2026\/03\/Cumpl.Negras-Afrocolombianas-Raizales-y-Palenqueras.jpeg?w=640&#038;ssl=1\" alt=\"Gobierno Petro les cumple a las comunidades Negras, Afrocolombianas, Raizales y Palenqueras\" title=\"Gobierno Petro les cumple a las comunidades Negras, Afrocolombianas, Raizales y Palenqueras\"\/><\/figure>\n\n\n\n<ul class=\"wp-block-list\">\n<li>La ministra de Ambiente y Desarrollo Sostenible (e), Irene V\u00e9lez Torres, entreg\u00f3 11 de los 13 convenios que materializan los compromisos del Plan Nacional de Desarrollo, con una inversi\u00f3n superior a $40.000 millones.<\/li>\n\n\n\n<li>Estos programas permitir\u00e1n, entre otras acciones, la restauraci\u00f3n de ecosistemas marinos, la vinculaci\u00f3n de familias a incentivos de conservaci\u00f3n y la participaci\u00f3n de Consejos Comunitarios en 16 departamentos del pa\u00eds.<\/li>\n<\/ul>\n\n\n\n<p><strong>Cartagena, 3 de marzo de 2026 (@MinAmbienteCo) \u2013&nbsp;<\/strong>El Ministerio de Ambiente y Desarrollo Sostenible, a trav\u00e9s del Fondo para la Vida y la Biodiversidad, formaliz\u00f3 la entrega de 11 de los 13 convenios que dan cumplimiento a los compromisos de la Consulta Previa y a los 11 trazadores del Plan Nacional de Desarrollo \u2018Colombia, Potencia Mundial de la Vida\u2019, con una inversi\u00f3n superior a $40.000 millones, dirigida a las comunidades Negras, Afrocolombianas, Raizales y Palenqueras.<\/p>\n\n\n\n<p>\u201cEste Gobierno ha reconocido el papel hist\u00f3rico de las comunidades \u00e9tnicas como guardianas de los bosques, la biodiversidad y los ecosistemas marinocosteros, a trav\u00e9s de sus saberes ancestrales. Estamos cumpliendo un compromiso del Gobierno del presidente Petro para que las Comunidades Negras del pa\u00eds recuperen la dignidad\u201d, se\u00f1al\u00f3 la ministra de Ambiente y Desarrollo Sostenible (e), Irene V\u00e9lez Torres.<\/p>\n\n\n\n<p>Los proyectos beneficiar\u00e1n a comunidades en Antioquia, Atl\u00e1ntico, Bol\u00edvar, Casanare, Cauca, Cesar, Choc\u00f3, C\u00f3rdoba, Cundinamarca (incluye Bogot\u00e1), Magdalena, Meta, Nari\u00f1o, Sucre, Valle del Cauca y el Archipi\u00e9lago de San Andr\u00e9s, Providencia y Santa Catalina, en articulaci\u00f3n directa con responsables de la Comisi\u00f3n Quinta.<\/p>\n\n\n\n<p><strong>Componentes estrat\u00e9gicos<\/strong><\/p>\n\n\n\n<p>Estos acuerdos priorizar\u00e1n tres subcomponentes t\u00e9cnicos:<\/p>\n\n\n\n<ol class=\"wp-block-list\">\n<li><strong>Planificaci\u00f3n y Reglamentaci\u00f3n \/ Desarrollo de Capacidades<\/strong><\/li>\n<\/ol>\n\n\n\n<p>Incluye la reglamentaci\u00f3n del Cap\u00edtulo IV de la Ley 70 de 1993 (Decreto 1384 de 2023), la formulaci\u00f3n de Planes de Ordenaci\u00f3n y Manejo de Cuencas y acu\u00edferos, la definici\u00f3n progresiva de competencias ambientales de los consejos comunitarios y el fortalecimiento institucional para el ejercicio aut\u00f3nomo de la gesti\u00f3n territorial.<\/p>\n\n\n\n<ol start=\"2\" class=\"wp-block-list\">\n<li><strong>Implementaci\u00f3n \/ Gesti\u00f3n Sociocultural del Territorio<\/strong><\/li>\n<\/ol>\n\n\n\n<p>Contempla planes integrales de protecci\u00f3n y restauraci\u00f3n de \u00e1reas estrat\u00e9gicas; acciones de mitigaci\u00f3n y adaptaci\u00f3n al cambio clim\u00e1tico con enfoque regional; implementaci\u00f3n de proyectos de Pago por Servicios Ambientales; restauraci\u00f3n ecol\u00f3gica y fortalecimiento de empresas comunitarias forestales basadas en la econom\u00eda social y solidaria de la biodiversidad.<\/p>\n\n\n\n<ol start=\"3\" class=\"wp-block-list\">\n<li><strong>Educaci\u00f3n y Participaci\u00f3n \/ Intercambio de Saberes Ancestrales<\/strong><\/li>\n<\/ol>\n\n\n\n<p>Desarrolla rutas de participaci\u00f3n y di\u00e1logo con los consejos comunitarios; planes de acci\u00f3n de mujer y ambiente; educaci\u00f3n ambiental; econom\u00eda circular; negocios verdes y fortalecimiento del relacionamiento territorial.<\/p>\n\n\n\n<p><strong>Los convenios en cifras<\/strong><\/p>\n\n\n\n<p>El programa proyecta resultados concretos como:<\/p>\n\n\n\n<ul class=\"wp-block-list\">\n<li>Restauraci\u00f3n de 135 hect\u00e1reas de pastos marinos, corales, playas y manglares.<\/li>\n\n\n\n<li>Creaci\u00f3n de escuelas de alfabetizaci\u00f3n oce\u00e1nica.<\/li>\n\n\n\n<li>Creaci\u00f3n de Planes de Restauraci\u00f3n.<\/li>\n\n\n\n<li>Vinculaci\u00f3n de 60 familias a incentivos de conservaci\u00f3n a trav\u00e9s de esquemas de Pagos por Servicios Ambientales.<\/li>\n\n\n\n<li>Fortalecimiento organizativo, restauraci\u00f3n y gobernanza ambiental con participaci\u00f3n de 2.000 personas y 50 Consejos Comunitarios.<\/li>\n\n\n\n<li>Instalaci\u00f3n de dos puntos de monitoreo de agua subterr\u00e1nea.<\/li>\n\n\n\n<li>Implementaci\u00f3n y fortalecimiento de 16 Escuelas de Gobernanza Ambiental.<\/li>\n\n\n\n<li>Actualizaci\u00f3n de Planes de Manejo Ambiental.<\/li>\n\n\n\n<li>Construcci\u00f3n del Plan Decenal Nacional de Biodiversidad con enfoque regional con enfoque territorial y \u00e9tnico.<\/li>\n\n\n\n<li>Creaci\u00f3n de puntos de monitoreo de agua subterr\u00e1nea.<\/li>\n\n\n\n<li>Creaci\u00f3n del protocolo de gesti\u00f3n integral del recurso hidrol\u00f3gico realizado.<\/li>\n\n\n\n<li>Plan regional de mitigaci\u00f3n, adaptaci\u00f3n y resiliencia clim\u00e1tica formulado y validado con instancias de las comunidades.<\/li>\n\n\n\n<li>Fortalecimiento a iniciativas empresariales comunitarias forestales y de la biodiversidad.<\/li>\n<\/ul>\n\n\n\n<p>Cr\u00e9dito foto: Wilder Garc\u00eda \/&nbsp;Minambiente<\/p>\n\n\n\n<p><\/p>\n\n\n\n<p>minambiente.gov.co<\/p>\n","protected":false},"excerpt":{"rendered":"<p>Cartagena, 3 de marzo de 2026 (@MinAmbienteCo) \u2013&nbsp;El Ministerio de Ambiente y Desarrollo Sostenible, a trav\u00e9s del Fondo para la Vida y la Biodiversidad, formaliz\u00f3 la entrega de 11 de los 13 convenios que dan cumplimiento a los compromisos de la Consulta Previa y a los 11 trazadores del Plan Nacional de Desarrollo \u2018Colombia, Potencia [&hellip;]<\/p>\n","protected":false},"author":1,"featured_media":204798,"comment_status":"open","ping_status":"open","sticky":false,"template":"","format":"standard","meta":{"_acf_changed":false,"_jetpack_memberships_contains_paid_content":false,"footnotes":"","jetpack_publicize_message":"","jetpack_publicize_feature_enabled":true,"jetpack_social_post_already_shared":true,"jetpack_social_options":{"image_generator_settings":{"template":"highway","default_image_id":0,"font":"","enabled":false},"version":2}},"categories":[6],"tags":[],"class_list":["post-204797","post","type-post","status-publish","format-standard","has-post-thumbnail","hentry","category-ecologia"],"acf":[],"jetpack_publicize_connections":[],"jetpack_featured_media_url":"https:\/\/i0.wp.com\/sportseco.com\/wp-content\/uploads\/2026\/03\/Cumpl.Negras-Afrocolombianas-Raizales-y-Palenqueras.jpeg?fit=900%2C600&ssl=1","jetpack_sharing_enabled":true,"_links":{"self":[{"href":"https:\/\/sportseco.com\/index.php?rest_route=\/wp\/v2\/posts\/204797","targetHints":{"allow":["GET"]}}],"collection":[{"href":"https:\/\/sportseco.com\/index.php?rest_route=\/wp\/v2\/posts"}],"about":[{"href":"https:\/\/sportseco.com\/index.php?rest_route=\/wp\/v2\/types\/post"}],"author":[{"embeddable":true,"href":"https:\/\/sportseco.com\/index.php?rest_route=\/wp\/v2\/users\/1"}],"replies":[{"embeddable":true,"href":"https:\/\/sportseco.com\/index.php?rest_route=%2Fwp%2Fv2%2Fcomments&post=204797"}],"version-history":[{"count":1,"href":"https:\/\/sportseco.com\/index.php?rest_route=\/wp\/v2\/posts\/204797\/revisions"}],"predecessor-version":[{"id":204799,"href":"https:\/\/sportseco.com\/index.php?rest_route=\/wp\/v2\/posts\/204797\/revisions\/204799"}],"wp:featuredmedia":[{"embeddable":true,"href":"https:\/\/sportseco.com\/index.php?rest_route=\/wp\/v2\/media\/204798"}],"wp:attachment":[{"href":"https:\/\/sportseco.com\/index.php?rest_route=%2Fwp%2Fv2%2Fmedia&parent=204797"}],"wp:term":[{"taxonomy":"category","embeddable":true,"href":"https:\/\/sportseco.com\/index.php?rest_route=%2Fwp%2Fv2%2Fcategories&post=204797"},{"taxonomy":"post_tag","embeddable":true,"href":"https:\/\/sportseco.com\/index.php?rest_route=%2Fwp%2Fv2%2Ftags&post=204797"}],"curies":[{"name":"wp","href":"https:\/\/api.w.org\/{rel}","templated":true}]}}