{"id":204816,"date":"2026-03-04T16:50:39","date_gmt":"2026-03-04T21:50:39","guid":{"rendered":"https:\/\/sportseco.com\/?p=204816"},"modified":"2026-03-04T16:50:39","modified_gmt":"2026-03-04T21:50:39","slug":"gobierno-garantiza-seguridad-en-el-parque-nacional-natural-tayrona-y-abrira-sus-puertas-este-5-de-marzo","status":"publish","type":"post","link":"https:\/\/sportseco.com\/?p=204816","title":{"rendered":"Gobierno garantiza seguridad en el Parque Nacional Natural Tayrona y abrir\u00e1 sus puertas este 5 de marzo"},"content":{"rendered":"\n<ul class=\"wp-block-list\">\n<li>Un trabajo interinstitucional permiti\u00f3 definir la estrategia integral de acci\u00f3n para la recuperaci\u00f3n de zonas afectadas del parque, garantizar la seguridad y la operaci\u00f3n tur\u00edstica. Ese proceso se adelantar\u00e1 en los pr\u00f3ximos 18 meses.<\/li>\n\n\n\n<li>Entre las acciones anunciadas est\u00e1 la presencia de un fuerte de la Polic\u00eda de Carabineros, la recuperaci\u00f3n de zonas cr\u00edticas y seguimiento de la comisi\u00f3n de delitos por parte del Conaldef.<\/li>\n<\/ul>\n\n\n\n<p>Santa Marta, 4 de marzo de 2026. Luego de un proceso de evaluaci\u00f3n t\u00e9cnica y trabajo entre diferentes entidades el Gobierno estableci\u00f3 una estrategia integral de atenci\u00f3n al Parque Nacional Natural Tayrona que permitir\u00e1 garantizar la protecci\u00f3n de la vida, la seguridad de los visitantes y los guardaparques y la reactivaci\u00f3n ordenada del ecoturismo en esta \u00e1rea protegida.<\/p>\n\n\n\n<p>Con la coordinaci\u00f3n Parques Nacionales Naturales de Colombia, Ministerio de Ambiente y entidades como la Unidad Nacional para la Gesti\u00f3n del Riesgo de Desastres (UNGRD), la Gobernaci\u00f3n del Magdalena, la Alcald\u00eda de Santa Marta, la Polic\u00eda Nacional, el Ministerio de Comercio, Industria y Turismo, Ministerio del Interior, as\u00ed como asociaciones de prestadores de servicios, comunidades del territorio, y entidades garantes acordaron diferentes acciones que permitir\u00e1n retomar la normalidad en la zona.<\/p>\n\n\n\n<blockquote class=\"wp-block-quote is-layout-flow wp-block-quote-is-layout-flow\">\n<p>\u201cEste proceso nos permiti\u00f3 construir una estrategia integral con diferentes entidades del Estado y con los actores del territorio para avanzar en la apertura del Parque Nacional Natural Tayrona con medidas claras de protecci\u00f3n de la vida. Estamos hablando de acciones concretas para recuperar infraestructura cr\u00edtica, fortalecer la presencia institucional y garantizar que el ecoturismo en este sitio de importancia mundial se desarrolle de manera responsable\u201d, se\u00f1al\u00f3&nbsp;<strong>Luiz Olmedo Mart\u00ednez Zamora, director de Parques Nacionales Naturales de Colombia.<\/strong><\/p>\n<\/blockquote>\n\n\n\n<p>Una de las medidas adoptadas dentro de los espacios de concertaci\u00f3n del Conaldef, es la instalaci\u00f3n de un fuerte de Carabineros para la presencia permanente de uniformados de la Polic\u00eda. Dentro del Parque ya est\u00e1n 60 polic\u00edas y este n\u00famero podr\u00eda aumentar a 80. El fuerte tendr\u00e1 la capacidad de caballerizas para hacer recorridos a caballo o mula, as\u00ed como la presencia de caninos antiexplosivos y antinarc\u00f3ticos que reforzar\u00e1n las medidas de seguridad.<\/p>\n\n\n\n<p><a href=\"https:\/\/www.parquesnacionales.gov.co\/wp-content\/uploads\/2026\/03\/garantiza-seguridad-en-el-Parque-Nacional-Natural-Tayrona-y-abrira-sus-puertas-7-1024x684.jpeg\"><\/a><\/p>\n\n\n\n<p><a href=\"https:\/\/www.parquesnacionales.gov.co\/wp-content\/uploads\/2026\/03\/garantiza-seguridad-en-el-Parque-Nacional-Natural-Tayrona-y-abrira-sus-puertas-6-1024x684.jpeg\"><\/a><\/p>\n\n\n\n<p><a href=\"https:\/\/www.parquesnacionales.gov.co\/wp-content\/uploads\/2026\/03\/garantiza-seguridad-en-el-Parque-Nacional-Natural-Tayrona-y-abrira-sus-puertas-4-1024x684.jpeg\"><\/a><\/p>\n\n\n\n<blockquote class=\"wp-block-quote is-layout-flow wp-block-quote-is-layout-flow\">\n<p>\u201cEste es el resultado de meses de trabajo y coordinaci\u00f3n a trav\u00e9s del&nbsp;<strong>CONALDEF<\/strong>&nbsp;con todas las entidades del Estado. Nuestra prioridad ha sido el respeto por la naturaleza y el cuidado de la vida en uno de los ecosistemas m\u00e1s importantes del pa\u00eds. Por eso, desde 2025 hemos hecho un seguimiento permanente a la situaci\u00f3n del Tayrona. La apertura del Parque marca el inicio de un nuevo proceso de monitoreo continuo que implica convocar a todas las entidades que hacen parte del Consejo, y a otras m\u00e1s, para que desde sus competencias garanticen las condiciones de seguridad y protecci\u00f3n de este Parque Nacional Natural y que las actividades de ecoturismo se desarrollen en armon\u00eda con la protecci\u00f3n de la naturaleza\u201d, se\u00f1al\u00f3<strong>&nbsp;la ministra de Ambiente y Desarrollo Sostenible (e), Irene V\u00e9lez Torres.<\/strong><\/p>\n<\/blockquote>\n\n\n\n<p>As\u00ed mismo, se har\u00e1 una inversi\u00f3n superior a los&nbsp;<strong>$ 1.000 millones<\/strong>&nbsp;para lograr la recuperaci\u00f3n de \u00e1reas estrat\u00e9gicas que se encuentran afectadas al interior del Parque. Las zonas que ser\u00e1n intervenidas fueron definidas luego de un recorrido de m\u00e1s de cinco d\u00edas en cuatro \u00e1reas cr\u00edticas del parque. Durante el tiempo en que dure la intervenci\u00f3n, liderada por la UNGRD, habr\u00e1 zonas con acceso restringido en el parque.<\/p>\n\n\n\n<p>Por otro lado, Parques Nacionales Naturales avanza junto con el Ministerio de Comercio, Industria y Turismo, Fontur y las comunidades locales en el desarrollo del Plan de Ordenamiento Ecotur\u00edstico, un proceso construido durante 18 meses que busca orientar el futuro del ecoturismo en el parque como una estrategia de conservaci\u00f3n, desarrollo territorial y generaci\u00f3n de oportunidades para las comunidades.<\/p>\n\n\n\n<blockquote class=\"wp-block-quote is-layout-flow wp-block-quote-is-layout-flow\">\n<p>\u201cDesde el primer momento se tomaron acciones como la instalaci\u00f3n de una mesa interinstitucional con Parques Nacionales, Fuerza P\u00fablica, gremios y dem\u00e1s actores del sector para analizar la situaci\u00f3n del Parque Nacional Natural Tayrona y coordinar el acompa\u00f1amiento a su apertura. Hoy venimos con el compromiso de fortalecer la articulaci\u00f3n para avanzar en la estructuraci\u00f3n de un proyecto de infraestructura, a trav\u00e9s de Fontur, por cerca de<strong>&nbsp;$2.700 millones<\/strong>, para la reactivaci\u00f3n del destino. La pr\u00f3xima semana una delegaci\u00f3n de esta cartera estar\u00e1 en el territorio para revisar de manera t\u00e9cnica c\u00f3mo avanza esa estructuraci\u00f3n\u201d, sostuvo&nbsp;<strong>la ministra de Comercio, Industria y Turismo, Diana Marcela Morales.<\/strong><\/p>\n<\/blockquote>\n\n\n\n<p>Esa cartera tambi\u00e9n anunci\u00f3 que hay un proyecto aprobado por $5.762 millones de pesos para promocionar los Parques Nacionales Naturales de Colombia con vocaci\u00f3n ecotur\u00edstica como destinos estrat\u00e9gicos de turismo de naturaleza, fortaleciendo su visibilidad, reconocimiento y presencia en los mercados nacionales e internacionales.<\/p>\n\n\n\n<p>La apertura del Parque Nacional Natural Tayrona se da en un contexto de fortalecimiento institucional y de cooperaci\u00f3n entre entidades p\u00fablicas, comunidades y prestadores de servicios, con el objetivo de consolidar un modelo de ecoturismo que contribuya a la econom\u00eda regional y, al mismo tiempo, garantice la conservaci\u00f3n de los ecosistemas y la protecci\u00f3n de la vida en uno de los patrimonios naturales m\u00e1s importantes del pa\u00eds.<\/p>\n\n\n\n<figure class=\"wp-block-image size-full\"><img data-recalc-dims=\"1\" loading=\"lazy\" decoding=\"async\" width=\"640\" height=\"428\" src=\"https:\/\/i0.wp.com\/sportseco.com\/wp-content\/uploads\/2026\/03\/garantiza-seguridad-en-el-Parque-Nacional-Natural-Tayrona-y-abrira-sus-puertas-7-1024x684-1.jpeg?resize=640%2C428&#038;ssl=1\" alt=\"\" class=\"wp-image-204818\" srcset=\"https:\/\/i0.wp.com\/sportseco.com\/wp-content\/uploads\/2026\/03\/garantiza-seguridad-en-el-Parque-Nacional-Natural-Tayrona-y-abrira-sus-puertas-7-1024x684-1.jpeg?w=1024&amp;ssl=1 1024w, https:\/\/i0.wp.com\/sportseco.com\/wp-content\/uploads\/2026\/03\/garantiza-seguridad-en-el-Parque-Nacional-Natural-Tayrona-y-abrira-sus-puertas-7-1024x684-1.jpeg?resize=300%2C200&amp;ssl=1 300w, https:\/\/i0.wp.com\/sportseco.com\/wp-content\/uploads\/2026\/03\/garantiza-seguridad-en-el-Parque-Nacional-Natural-Tayrona-y-abrira-sus-puertas-7-1024x684-1.jpeg?resize=768%2C513&amp;ssl=1 768w\" sizes=\"auto, (max-width: 640px) 100vw, 640px\" \/><\/figure>\n\n\n\n<p><\/p>\n\n\n\n<p>parquesnacionales.gov.co<\/p>\n","protected":false},"excerpt":{"rendered":"<p>Santa Marta, 4 de marzo de 2026. Luego de un proceso de evaluaci\u00f3n t\u00e9cnica y trabajo entre diferentes entidades el Gobierno estableci\u00f3 una estrategia integral de atenci\u00f3n al Parque Nacional Natural Tayrona que permitir\u00e1 garantizar la protecci\u00f3n de la vida, la seguridad de los visitantes y los guardaparques y la reactivaci\u00f3n ordenada del ecoturismo en [&hellip;]<\/p>\n","protected":false},"author":1,"featured_media":204817,"comment_status":"open","ping_status":"open","sticky":false,"template":"","format":"standard","meta":{"_acf_changed":false,"_jetpack_memberships_contains_paid_content":false,"footnotes":"","jetpack_publicize_message":"","jetpack_publicize_feature_enabled":true,"jetpack_social_post_already_shared":true,"jetpack_social_options":{"image_generator_settings":{"template":"highway","default_image_id":0,"font":"","enabled":false},"version":2}},"categories":[6],"tags":[],"class_list":["post-204816","post","type-post","status-publish","format-standard","has-post-thumbnail","hentry","category-ecologia"],"acf":[],"jetpack_publicize_connections":[],"jetpack_featured_media_url":"https:\/\/i0.wp.com\/sportseco.com\/wp-content\/uploads\/2026\/03\/garantiza-seguridad-en-el-Parque-Nacional-Natural-Tayrona-y-abrira-sus-puertas-5-e1772650685464-1.jpeg?fit=1280%2C526&ssl=1","jetpack_sharing_enabled":true,"_links":{"self":[{"href":"https:\/\/sportseco.com\/index.php?rest_route=\/wp\/v2\/posts\/204816","targetHints":{"allow":["GET"]}}],"collection":[{"href":"https:\/\/sportseco.com\/index.php?rest_route=\/wp\/v2\/posts"}],"about":[{"href":"https:\/\/sportseco.com\/index.php?rest_route=\/wp\/v2\/types\/post"}],"author":[{"embeddable":true,"href":"https:\/\/sportseco.com\/index.php?rest_route=\/wp\/v2\/users\/1"}],"replies":[{"embeddable":true,"href":"https:\/\/sportseco.com\/index.php?rest_route=%2Fwp%2Fv2%2Fcomments&post=204816"}],"version-history":[{"count":1,"href":"https:\/\/sportseco.com\/index.php?rest_route=\/wp\/v2\/posts\/204816\/revisions"}],"predecessor-version":[{"id":204819,"href":"https:\/\/sportseco.com\/index.php?rest_route=\/wp\/v2\/posts\/204816\/revisions\/204819"}],"wp:featuredmedia":[{"embeddable":true,"href":"https:\/\/sportseco.com\/index.php?rest_route=\/wp\/v2\/media\/204817"}],"wp:attachment":[{"href":"https:\/\/sportseco.com\/index.php?rest_route=%2Fwp%2Fv2%2Fmedia&parent=204816"}],"wp:term":[{"taxonomy":"category","embeddable":true,"href":"https:\/\/sportseco.com\/index.php?rest_route=%2Fwp%2Fv2%2Fcategories&post=204816"},{"taxonomy":"post_tag","embeddable":true,"href":"https:\/\/sportseco.com\/index.php?rest_route=%2Fwp%2Fv2%2Ftags&post=204816"}],"curies":[{"name":"wp","href":"https:\/\/api.w.org\/{rel}","templated":true}]}}