{"id":204931,"date":"2026-03-06T18:06:15","date_gmt":"2026-03-06T23:06:15","guid":{"rendered":"https:\/\/sportseco.com\/?p=204931"},"modified":"2026-03-06T18:06:15","modified_gmt":"2026-03-06T23:06:15","slug":"cinco-hitos-de-cali-se-iluminan-de-violeta-un-homenaje-al-liderazgo-y-resiliencia-de-las-mujeres","status":"publish","type":"post","link":"https:\/\/sportseco.com\/?p=204931","title":{"rendered":"Cinco hitos de Cali se iluminan de violeta: un homenaje al liderazgo y resiliencia de las mujeres"},"content":{"rendered":"\n<p><\/p>\n\n\n\n<figure class=\"wp-block-image\"><img data-recalc-dims=\"1\" decoding=\"async\" src=\"https:\/\/i0.wp.com\/www.cali.gov.co\/info\/caligovco_se\/media\/pubInt\/thumbs\/thpubInt_700X400_191620.webp?w=640&#038;ssl=1\" alt=\"Cinco hitos de Cali se iluminan de violeta: un homenaje al liderazgo y resiliencia de las mujeres\" title=\"Cinco hitos de Cali se iluminan de violeta: un homenaje al liderazgo y resiliencia de las mujeres\"\/><\/figure>\n\n\n\n<p><strong>|<\/strong>&nbsp;<em>A partir del viernes (06.03.2026) y hasta el domingo (08.03.2026), cinco de los monumentos m\u00e1s representativos de Cali se iluminar\u00e1n de violeta, en conmemoraci\u00f3n del \u2018D\u00eda Internacional de la Mujer\u2019.<\/em><br \/><br \/><em><strong>|<\/strong><\/em><em>&nbsp;La iniciativa busca reconocer el liderazgo, la resiliencia y el aporte de las mujeres que, desde distintos espacios, trabajan todos los d\u00edas por una Cali mejor.<\/em><\/p>\n\n\n\n<p><br \/><strong>Santiago de Cali, 6 de marzo de 2026<\/strong><br \/><br \/><br \/>En el marco del&nbsp;<em><strong>\u2018D\u00eda Internacional de la Mujer\u2019<\/strong><\/em>, la Administraci\u00f3n Distrital, bajo el liderazgo del alcalde Alejandro Eder y a trav\u00e9s de la Unidad Administrativa Especial de Servicios P\u00fablicos (<em>Uaesp<\/em>),&nbsp;<em>iluminar\u00e1 de violeta<\/em>&nbsp;<em>cinco hitos emblem\u00e1ticos<\/em>&nbsp;de la ciudad como s\u00edmbolo de reconocimiento a las mujeres cale\u00f1as.<br \/><br \/><em>Entre el 6 y el 8 de marzo<\/em>, los siguientes espacios se&nbsp;<em>vestir\u00e1n de luz violeta<\/em>, color que internacionalmente representa la lucha por la igualdad, la dignidad y los derechos de las mujeres\u2026<br \/><br \/><strong>|<\/strong>&nbsp;<em><strong>Monumento a Cristo Rey<\/strong><\/em>&nbsp;\u2013 Cerro de los Cristales, oeste de Cali.<br \/><br \/><strong>|<\/strong>&nbsp;<em><strong>Monumento a la Medicina<\/strong><\/em>&nbsp;\u2013 Universidad del Valle, sede San Fernando.<br \/><br \/><strong>|<\/strong>&nbsp;<em><strong>Fuente El Pe\u00f1\u00f3n<\/strong><\/em>&nbsp;\u2013 Avenida Colombia, sector barrio El Pe\u00f1\u00f3n<strong>.<br \/><br \/>|&nbsp;<\/strong><em><strong>Monumento Mar\u00eda Mulata<\/strong><\/em>&nbsp;\u2013 Bulevar del R\u00edo, avenida Colombia.<br \/><br \/><strong>|<\/strong>&nbsp;<em><strong>Parque del Perro<\/strong><\/em>&nbsp;\u2013 Calle 3 oeste con carrera 34, barrio San Fernando.<br \/><br \/>Con esta iluminaci\u00f3n simb\u00f3lica, la ciudad recuerda la vida, la resiliencia y la lucha de tantas mujeres que han marcado la historia. Asimismo, rinde homenaje a quienes todos los d\u00edas construyen una Cali m\u00e1s justa, solidaria y humana.<br \/><br \/>Las luces violetas encendidas en estos hitos representan un gesto de memoria y reconocimiento, pero tambi\u00e9n un llamado a continuar promoviendo el respeto, la igualdad y la participaci\u00f3n de las mujeres en todos los \u00e1mbitos de la sociedad.<br \/><br \/>La Alcald\u00eda de Cali invita a la ciudadan\u00eda a visitar estos espacios para compartir en familia y unirse a la conmemoraci\u00f3n, reconociendo el papel fundamental de las mujeres en la&nbsp;<em>recuperaci\u00f3n de la ciudad<\/em>.<br \/><br \/><em><strong>As\u00ed recuperamos Cali:<\/strong><\/em>&nbsp;honrando la fuerza, la resiliencia y el legado de sus mujeres.<br \/><\/p>\n\n\n\n<p>cali.gov.co<\/p>\n","protected":false},"excerpt":{"rendered":"<p>|&nbsp;A partir del viernes (06.03.2026) y hasta el domingo (08.03.2026), cinco de los monumentos m\u00e1s representativos de Cali se iluminar\u00e1n de violeta, en conmemoraci\u00f3n del \u2018D\u00eda Internacional de la Mujer\u2019. |&nbsp;La iniciativa busca reconocer el liderazgo, la resiliencia y el aporte de las mujeres que, desde distintos espacios, trabajan todos los d\u00edas por una Cali [&hellip;]<\/p>\n","protected":false},"author":1,"featured_media":204932,"comment_status":"open","ping_status":"open","sticky":false,"template":"","format":"standard","meta":{"_acf_changed":false,"_jetpack_memberships_contains_paid_content":false,"footnotes":"","jetpack_publicize_message":"","jetpack_publicize_feature_enabled":true,"jetpack_social_post_already_shared":true,"jetpack_social_options":{"image_generator_settings":{"template":"highway","default_image_id":0,"font":"","enabled":false},"version":2}},"categories":[108],"tags":[],"class_list":["post-204931","post","type-post","status-publish","format-standard","has-post-thumbnail","hentry","category-dia-mundial"],"acf":[],"jetpack_publicize_connections":[],"jetpack_featured_media_url":"https:\/\/i0.wp.com\/sportseco.com\/wp-content\/uploads\/2026\/03\/thgaleria_700X400_341133.webp?fit=600%2C400&ssl=1","jetpack_sharing_enabled":true,"_links":{"self":[{"href":"https:\/\/sportseco.com\/index.php?rest_route=\/wp\/v2\/posts\/204931","targetHints":{"allow":["GET"]}}],"collection":[{"href":"https:\/\/sportseco.com\/index.php?rest_route=\/wp\/v2\/posts"}],"about":[{"href":"https:\/\/sportseco.com\/index.php?rest_route=\/wp\/v2\/types\/post"}],"author":[{"embeddable":true,"href":"https:\/\/sportseco.com\/index.php?rest_route=\/wp\/v2\/users\/1"}],"replies":[{"embeddable":true,"href":"https:\/\/sportseco.com\/index.php?rest_route=%2Fwp%2Fv2%2Fcomments&post=204931"}],"version-history":[{"count":1,"href":"https:\/\/sportseco.com\/index.php?rest_route=\/wp\/v2\/posts\/204931\/revisions"}],"predecessor-version":[{"id":204933,"href":"https:\/\/sportseco.com\/index.php?rest_route=\/wp\/v2\/posts\/204931\/revisions\/204933"}],"wp:featuredmedia":[{"embeddable":true,"href":"https:\/\/sportseco.com\/index.php?rest_route=\/wp\/v2\/media\/204932"}],"wp:attachment":[{"href":"https:\/\/sportseco.com\/index.php?rest_route=%2Fwp%2Fv2%2Fmedia&parent=204931"}],"wp:term":[{"taxonomy":"category","embeddable":true,"href":"https:\/\/sportseco.com\/index.php?rest_route=%2Fwp%2Fv2%2Fcategories&post=204931"},{"taxonomy":"post_tag","embeddable":true,"href":"https:\/\/sportseco.com\/index.php?rest_route=%2Fwp%2Fv2%2Ftags&post=204931"}],"curies":[{"name":"wp","href":"https:\/\/api.w.org\/{rel}","templated":true}]}}