{"id":204941,"date":"2026-03-07T08:05:11","date_gmt":"2026-03-07T13:05:11","guid":{"rendered":"https:\/\/sportseco.com\/?p=204941"},"modified":"2026-03-07T08:05:11","modified_gmt":"2026-03-07T13:05:11","slug":"dia-internacional-en-recuerdo-de-los-oficiales-de-policia-caidos-7-de-marzo-2","status":"publish","type":"post","link":"https:\/\/sportseco.com\/?p=204941","title":{"rendered":"D\u00eda Internacional en Recuerdo de los Oficiales de Polic\u00eda Ca\u00eddos, 7 de marzo"},"content":{"rendered":"\n<p>Anualmente se rinde homenaje a aquellos funcionarios policiales que han fallecido en el cumplimiento de su deber. Es por ello que&nbsp;<strong>cada 7 de marzo se celebra el D\u00eda Internacional en Recuerdo de los Oficiales de Polic\u00eda Ca\u00eddos<\/strong>.<\/p>\n\n\n\n<p>La intenci\u00f3n es generar conciencia en la poblaci\u00f3n mundial, acerca de los riesgos permanentes que afrontan los funcionarios policiales que brindan un servicio p\u00fablico a la comunidad.<\/p>\n\n\n\n<figure class=\"wp-block-image\"><img data-recalc-dims=\"1\" decoding=\"async\" src=\"https:\/\/i0.wp.com\/www.diainternacionalde.com\/imagenes\/dias\/marzo\/03-07_dia-internacional-policia-caidos_s.jpg?w=640&#038;ssl=1\" alt=\"\" title=\"\"\/><\/figure>\n\n\n\n<p>Igualmente, esta efem\u00e9ride pretende inspirar a las generaciones futuras en esta loable funci\u00f3n que ejercen los polic\u00edas, con \u00e9tica, profesionalismo y vocaci\u00f3n de servicio.<\/p>\n\n\n\n<p>La labor de los funcionarios policiales en cualquier parte del mundo se centra fundamentalmente en servir a la comunidad, la protecci\u00f3n a personas y bienes, as\u00ed como hacer cumplir la ley con un riesgo permanente: perder la vida.<\/p>\n\n\n\n<h2 class=\"wp-block-heading\" id=\"resTit_1\">\u00bfPor qu\u00e9 se celebra?<\/h2>\n\n\n\n<p>La creaci\u00f3n del&nbsp;<strong>D\u00eda Internacional en Recuerdo de los Oficiales de Polic\u00eda Ca\u00eddos<\/strong>&nbsp;ha sido por iniciativa de la INTERPOL, para homenajear todas las bajas policiales ocurridas a nivel internacional en el cumplimiento de sus funciones.<\/p>\n\n\n\n<p>Esta efem\u00e9ride comenz\u00f3 a celebrarse el 7 de marzo de 2019. Con ello se pretende brindar apoyo a los familiares de estos funcionarios policiales en todo el mundo, quienes han sacrificado sus vidas por el bien com\u00fan y el cumplimiento de la ley.<\/p>\n\n\n\n<h2 class=\"wp-block-heading\" id=\"resTit_2\">INTERPOL: un organismo policial internacional<\/h2>\n\n\n\n<p>La&nbsp;<strong>Organizaci\u00f3n Internacional de Polic\u00eda Criminal (INTERPOL)<\/strong>&nbsp;es considerada como la organizaci\u00f3n policial internacional, cuya sede principal se ubica en Lyon (Francia).<\/p>\n\n\n\n<p>Como antecedente fundamental de la creaci\u00f3n de este organismo se destaca la celebraci\u00f3n del&nbsp;<strong><em>Primer Congreso Internacional de Polic\u00eda Criminal<\/em><\/strong>, efectuado en M\u00f3naco en el a\u00f1o 1914. Se trataron aspectos relacionados con los procedimientos de extradici\u00f3n, detenci\u00f3n y t\u00e9cnicas de identificaci\u00f3n.<\/p>\n\n\n\n<p>Posteriormente, en 1923 se cre\u00f3 la&nbsp;<strong>Comisi\u00f3n Internacional de Polic\u00eda Criminal<\/strong>&nbsp;en Viena (Austria).<\/p>\n\n\n\n<p>En la actualidad esta instituci\u00f3n policial centra su labor en aspectos tales como terrorismo, tr\u00e1fico de personas, seguridad p\u00fablica, tr\u00e1fico de drogas, pornograf\u00eda infantil, corrupci\u00f3n, entre otros. Cuenta con 194 pa\u00edses miembros, que poseen una&nbsp;<strong>Oficina Central Nacional (OCN)<\/strong>.<\/p>\n\n\n\n<h2 class=\"wp-block-heading\" id=\"resTit_3\">\u00bfC\u00f3mo se celebra este d\u00eda internacional?<\/h2>\n\n\n\n<p>Para conmemorar el&nbsp;<strong>D\u00eda Internacional en Recuerdo de los Oficiales de Polic\u00eda Ca\u00eddos<\/strong>&nbsp;la INTERPOL ha dispuesto dos placas conmemorativas, ubicadas en la sede central en Lyon (Francia) y el Complejo Mundial para la Innovaci\u00f3n en Singapur. Esto es con la finalidad de recordar el fallecimiento de aquellos funcionarios policiales en el cumplimiento del deber.<\/p>\n\n\n\n<p>En varios pa\u00edses se efect\u00faan actos conmemorativos, ofrendas florales y entrega de reconocimientos post mortem a las familias de los polic\u00edas, que han fallecido en acto de servicio.<\/p>\n\n\n\n<p><\/p>\n\n\n\n<p>diainternacionalde.com<\/p>\n","protected":false},"excerpt":{"rendered":"<p>Anualmente se rinde homenaje a aquellos funcionarios policiales que han fallecido en el cumplimiento de su deber. Es por ello que&nbsp;cada 7 de marzo se celebra el D\u00eda Internacional en Recuerdo de los Oficiales de Polic\u00eda Ca\u00eddos. La intenci\u00f3n es generar conciencia en la poblaci\u00f3n mundial, acerca de los riesgos permanentes que afrontan los funcionarios [&hellip;]<\/p>\n","protected":false},"author":1,"featured_media":204942,"comment_status":"open","ping_status":"open","sticky":false,"template":"","format":"standard","meta":{"_acf_changed":false,"_jetpack_memberships_contains_paid_content":false,"footnotes":"","jetpack_publicize_message":"","jetpack_publicize_feature_enabled":true,"jetpack_social_post_already_shared":true,"jetpack_social_options":{"image_generator_settings":{"template":"highway","default_image_id":0,"font":"","enabled":false},"version":2}},"categories":[108],"tags":[],"class_list":["post-204941","post","type-post","status-publish","format-standard","has-post-thumbnail","hentry","category-dia-mundial"],"acf":[],"jetpack_publicize_connections":[],"jetpack_featured_media_url":"https:\/\/i0.wp.com\/sportseco.com\/wp-content\/uploads\/2026\/03\/03-07_dia-internacional-policia-caidos.jpg?fit=305%2C203&ssl=1","jetpack_sharing_enabled":true,"_links":{"self":[{"href":"https:\/\/sportseco.com\/index.php?rest_route=\/wp\/v2\/posts\/204941","targetHints":{"allow":["GET"]}}],"collection":[{"href":"https:\/\/sportseco.com\/index.php?rest_route=\/wp\/v2\/posts"}],"about":[{"href":"https:\/\/sportseco.com\/index.php?rest_route=\/wp\/v2\/types\/post"}],"author":[{"embeddable":true,"href":"https:\/\/sportseco.com\/index.php?rest_route=\/wp\/v2\/users\/1"}],"replies":[{"embeddable":true,"href":"https:\/\/sportseco.com\/index.php?rest_route=%2Fwp%2Fv2%2Fcomments&post=204941"}],"version-history":[{"count":1,"href":"https:\/\/sportseco.com\/index.php?rest_route=\/wp\/v2\/posts\/204941\/revisions"}],"predecessor-version":[{"id":204943,"href":"https:\/\/sportseco.com\/index.php?rest_route=\/wp\/v2\/posts\/204941\/revisions\/204943"}],"wp:featuredmedia":[{"embeddable":true,"href":"https:\/\/sportseco.com\/index.php?rest_route=\/wp\/v2\/media\/204942"}],"wp:attachment":[{"href":"https:\/\/sportseco.com\/index.php?rest_route=%2Fwp%2Fv2%2Fmedia&parent=204941"}],"wp:term":[{"taxonomy":"category","embeddable":true,"href":"https:\/\/sportseco.com\/index.php?rest_route=%2Fwp%2Fv2%2Fcategories&post=204941"},{"taxonomy":"post_tag","embeddable":true,"href":"https:\/\/sportseco.com\/index.php?rest_route=%2Fwp%2Fv2%2Ftags&post=204941"}],"curies":[{"name":"wp","href":"https:\/\/api.w.org\/{rel}","templated":true}]}}