{"id":204969,"date":"2026-03-08T08:52:41","date_gmt":"2026-03-08T12:52:41","guid":{"rendered":"https:\/\/sportseco.com\/?p=204969"},"modified":"2026-03-08T08:52:41","modified_gmt":"2026-03-08T12:52:41","slug":"dia-internacional-de-la-mujer8-de-marzo-2","status":"publish","type":"post","link":"https:\/\/sportseco.com\/?p=204969","title":{"rendered":"D\u00eda Internacional de la Mujer,8 de marzo"},"content":{"rendered":"\n<h2 class=\"wp-block-heading\">Derechos. Justicia. Acci\u00f3n.<br \/>Para TODAS las mujeres y ni\u00f1as.<\/h2>\n\n\n\n<p>El 8 de marzo de 2026, \u00fanete a mujeres y ni\u00f1as de todo el mundo para exigir&nbsp;igualdad de derechos y tambi\u00e9n una justicia que garantice que estos derechos se cumplan, ejerzan y disfruten.<\/p>\n\n\n\n<p>Hoy d\u00eda, ning\u00fan pa\u00eds ha cerrado las brechas legales entre hombres y mujeres. Actualmente, las mujeres solo tienen el 64% de los derechos jur\u00eddicos de los que gozan los hombres en todo el mundo. En \u00e1reas fundamentales de la vida, como el trabajo, el dinero, la seguridad, la familia, la propiedad, la movilidad, los negocios y la jubilaci\u00f3n, la ley las perjudica sistem\u00e1ticamente.<\/p>\n\n\n\n<p>El&nbsp;<strong>D\u00eda Internacional de la Mujer 2026 (DIM 2026), bajo el lema \u201c<a href=\"http:\/\/www.unwomen.org\/es\/noticias\/anuncio\/2026\/01\/dia-internacional-de-la-mujer-2026-derechos-justicia-accion-para-todas-las-mujeres-y-ninas\">Derechos. Justicia. Acci\u00f3n. Para TODAS las mujeres y ni\u00f1as<\/a>\u201d, hace un llamamiento a la acci\u00f3n para derribar todas las barreras que obstaculizan&nbsp;la igualdad en la justicia<\/strong>: leyes discriminatorias, protecciones jur\u00eddicas d\u00e9biles&nbsp;y pr\u00e1cticas y normas sociales nocivas que erosionan los derechos de las mujeres y las ni\u00f1as.<\/p>\n\n\n\n<figure class=\"wp-block-image\"><img data-recalc-dims=\"1\" decoding=\"async\" src=\"https:\/\/i0.wp.com\/www.un.org\/sites\/un2.un.org\/files\/2026\/01\/thumbnail_un_womens_day.png?w=640&#038;ssl=1\" alt=\"Pu\u00f1os de mujer en el aire en se\u00f1al de lucha\"\/><\/figure>\n\n\n\n<h3 class=\"wp-block-heading\">\u00danete a la campa\u00f1a de ONU Mujeres<\/h3>\n\n\n\n<p>ONU Mujeres anima a todas y todos a convertirse en aliados de&nbsp;una campa\u00f1a con importantes materiales e informaci\u00f3n clave para difundir el mensaje y exigir la igualdad de derechos para todas las mujeres y ni\u00f1as.<\/p>\n\n\n\n<h3 class=\"wp-block-heading\">Acomp\u00e1\u00f1anos en nuestra celebraci\u00f3n<\/h3>\n\n\n\n<h4 class=\"wp-block-heading\">Cu\u00e1ndo: 9&nbsp;de marzo &#8211; 9&nbsp;am, hora de Nueva York<\/h4>\n\n\n\n<h4 class=\"wp-block-heading\">C\u00f3mo: puedes verla en directo o a&nbsp;demanda en&nbsp;<a href=\"https:\/\/webtv.un.org\/en\/schedule\/2026-03-09\">ONU Web TV<\/a><\/h4>\n\n\n\n<h4 class=\"wp-block-heading\">Contaremos con traducci\u00f3n al espa\u00f1ol.<\/h4>\n\n\n\n<p>La actriz ganadora del \u00d3scar y Embajadora de Buena Voluntad de ONU Mujeres, Anne Hathaway, encabezar\u00e1 la conmemoraci\u00f3n oficial, que contar\u00e1 con la participaci\u00f3n de destacadas voces en defensa de los derechos de las mujeres y la justicia. El evento tambi\u00e9n incluir\u00e1 una actuaci\u00f3n musical especial a cargo de la artista ganadora del Grammy y estrella de Broadway, Michelle Williams.<\/p>\n\n\n\n<p><\/p>\n\n\n\n<p><\/p>\n\n\n\n<p>un.org<\/p>\n","protected":false},"excerpt":{"rendered":"<p>Derechos. Justicia. Acci\u00f3n.Para TODAS las mujeres y ni\u00f1as. El 8 de marzo de 2026, \u00fanete a mujeres y ni\u00f1as de todo el mundo para exigir&nbsp;igualdad de derechos y tambi\u00e9n una justicia que garantice que estos derechos se cumplan, ejerzan y disfruten. Hoy d\u00eda, ning\u00fan pa\u00eds ha cerrado las brechas legales entre hombres y mujeres. Actualmente, [&hellip;]<\/p>\n","protected":false},"author":1,"featured_media":204970,"comment_status":"open","ping_status":"open","sticky":false,"template":"","format":"standard","meta":{"_acf_changed":false,"_jetpack_memberships_contains_paid_content":false,"footnotes":"","jetpack_publicize_message":"","jetpack_publicize_feature_enabled":true,"jetpack_social_post_already_shared":true,"jetpack_social_options":{"image_generator_settings":{"template":"highway","default_image_id":0,"font":"","enabled":false},"version":2}},"categories":[108],"tags":[],"class_list":["post-204969","post","type-post","status-publish","format-standard","has-post-thumbnail","hentry","category-dia-mundial"],"acf":[],"jetpack_publicize_connections":[],"jetpack_featured_media_url":"https:\/\/i0.wp.com\/sportseco.com\/wp-content\/uploads\/2026\/03\/womens_day_2026.jpg?fit=1350%2C500&ssl=1","jetpack_sharing_enabled":true,"_links":{"self":[{"href":"https:\/\/sportseco.com\/index.php?rest_route=\/wp\/v2\/posts\/204969","targetHints":{"allow":["GET"]}}],"collection":[{"href":"https:\/\/sportseco.com\/index.php?rest_route=\/wp\/v2\/posts"}],"about":[{"href":"https:\/\/sportseco.com\/index.php?rest_route=\/wp\/v2\/types\/post"}],"author":[{"embeddable":true,"href":"https:\/\/sportseco.com\/index.php?rest_route=\/wp\/v2\/users\/1"}],"replies":[{"embeddable":true,"href":"https:\/\/sportseco.com\/index.php?rest_route=%2Fwp%2Fv2%2Fcomments&post=204969"}],"version-history":[{"count":1,"href":"https:\/\/sportseco.com\/index.php?rest_route=\/wp\/v2\/posts\/204969\/revisions"}],"predecessor-version":[{"id":204971,"href":"https:\/\/sportseco.com\/index.php?rest_route=\/wp\/v2\/posts\/204969\/revisions\/204971"}],"wp:featuredmedia":[{"embeddable":true,"href":"https:\/\/sportseco.com\/index.php?rest_route=\/wp\/v2\/media\/204970"}],"wp:attachment":[{"href":"https:\/\/sportseco.com\/index.php?rest_route=%2Fwp%2Fv2%2Fmedia&parent=204969"}],"wp:term":[{"taxonomy":"category","embeddable":true,"href":"https:\/\/sportseco.com\/index.php?rest_route=%2Fwp%2Fv2%2Fcategories&post=204969"},{"taxonomy":"post_tag","embeddable":true,"href":"https:\/\/sportseco.com\/index.php?rest_route=%2Fwp%2Fv2%2Ftags&post=204969"}],"curies":[{"name":"wp","href":"https:\/\/api.w.org\/{rel}","templated":true}]}}