{"id":204997,"date":"2026-03-08T16:44:22","date_gmt":"2026-03-08T20:44:22","guid":{"rendered":"https:\/\/sportseco.com\/?p=204997"},"modified":"2026-03-08T17:16:47","modified_gmt":"2026-03-08T21:16:47","slug":"centroamerica-despide-su-verano-con-el-estallido-amarillo-y-rosa-de-los-guayacanes","status":"publish","type":"post","link":"https:\/\/sportseco.com\/?p=204997","title":{"rendered":"Centroam\u00e9rica despide su verano con el estallido amarillo y rosa de los guayacanes"},"content":{"rendered":"\n<p><strong>Centroam\u00e9rica despide su verano con un espect\u00e1culo natural a trav\u00e9s del estallido de las flores amarillas de los guayacanes y rosas de los robles de sabana, unos \u00e1rboles con gran impacto social en la regi\u00f3n que florecen durante estos meses para dar paso a la \u00e9poca lluviosa, pero sin escapar de los estragos de la crisis clim\u00e1tica.<\/strong><\/p>\n\n\n\n<p>Desde Guatemala hasta Panam\u00e1, tanto el \u2018Handroanthus chrysanthus\u2019 (guayac\u00e1n amarillo) como el \u2018Handroanthus roseus\u2019 (roble de sabana) rompen el caracter\u00edstico paisaje verde de la regi\u00f3n con sus llamativos colores, que solo pueden verse durante unas pocas semanas al a\u00f1o.<\/p>\n\n\n\n<p>La floraci\u00f3n de ambos \u00e1rboles de la familia \u2018Bignoniaceae\u2019 sucede a la vez, durante los \u00faltimos coletazos de la \u00e9poca seca, que va desde noviembre hasta abril aproximadamente, preparando el terreno para el ciclo de lluvias que inicia en mayo.<\/p>\n\n\n\n<p>\u00abSon dos especies que embellecen el cierre de la temporada seca\u00bb, explica a EFE Omar L\u00f3pez, el director de ciencia del Instituto Interamericano para la Investigaci\u00f3n del Cambio Global, bajo un tupido guayac\u00e1n amarillo en el edificio de la Administraci\u00f3n del Canal de Panam\u00e1.<\/p>\n\n\n\n<h2 class=\"wp-block-heading\">El guayac\u00e1n amarillo: una epifan\u00eda en la sequ\u00eda<\/h2>\n\n\n\n<p>El guayac\u00e1n amarillo, tambi\u00e9n conocido como cort\u00e9s amarillo, crece en bosques de secos a h\u00famedos y de elevaci\u00f3n baja a media, seg\u00fan una gu\u00eda del Instituto Smithsonian de Investigaciones Tropicales (STRI, por sus siglas en ingl\u00e9s).<\/p>\n\n\n\n<p>\u00abTiene la caracter\u00edstica de ser tolerante a la sequ\u00eda. Entonces, cuando viene la sequ\u00eda, para evitar el estr\u00e9s h\u00eddrico, en diciembre comienza a botar sus hojas.<\/p>\n\n\n\n<p>Luego se queda sin hojas por un tiempo y, cuando viene la temporada de lluvias, tira su floraci\u00f3n\u00bb, explica el experto paname\u00f1o.<\/p>\n\n\n\n<p>Aunque se desarrolla en otros pa\u00edses como M\u00e9xico, Colombia o Ecuador, el \u2018Handroanthus chrysanthus\u2019 habita con frecuencia en el Corredor Seco de Centroam\u00e9rica, un \u00e1rea paralela al Pac\u00edfico de unos 150.000 kil\u00f3metros que atraviesa desde Panam\u00e1 hasta Guatemala caracterizada por el clima seco, agravado por la crisis clim\u00e1tica.<\/p>\n\n\n\n<p>Pero en urbes como Ciudad de Panam\u00e1 adorna las avenidas, parques y jardines particulares, creciendo en cualquier espacio de esa h\u00fameda capital centroamericana. Sus flores \u00abcampanuladas\u00bb -un tubo que se ensancha como una campana o farolillo- crean alfombras florales sobre las aceras.<\/p>\n\n\n\n<p>Al ser una especie \u00abcaducifolia\u00bb (hoja caduca que se cae al empezar la estaci\u00f3n desfavorable), \u00abtodos\u00bb los guayacanes amarillos florecen \u00absincr\u00f3nicamente\u00bb al concluir la temporada seca porque las lluvias hacen de \u00abinterruptor de su reproducci\u00f3n y luego florece\u00bb, recuerda L\u00f3pez.<\/p>\n\n\n\n<figure class=\"wp-block-image\" id=\"attachment_252979\"><img data-recalc-dims=\"1\" decoding=\"async\" src=\"https:\/\/i0.wp.com\/efeverde.com\/wp-content\/uploads\/2026\/03\/AME788-HONDURAS-CENTROAMERICA-NATURALEZA.jpg?w=640&#038;ssl=1\" alt=\"ACOMPA\u00d1A CR\u00d3NICA: HONDURAS CENTROAM\u00c9RICA NATURALEZA AMDEP1890. TEGUCIGALPA (HONDURAS), 05\/03\/2026.- Fotograf\u00eda del 23 de febrero de 2026 de flores en un \u00e1rbol de la especie Handroanthus chrysanthus com\u00fanmente conocido como Guayac\u00e1n Amarillo, en Tegucigalpa (Honduras). Centroam\u00e9rica despide el verano con un espect\u00e1culo natural a trav\u00e9s del estallido de las flores amarillas de los guayacanes y rosas de los robles de sabana, unos \u00e1rboles con gran impacto social en la regi\u00f3n que florecen durante estos meses para dar paso a la \u00e9poca lluviosa, pero sin escapar de los estragos de la crisis clim\u00e1tica. EFE\/ Gustavo Amador\" class=\"wp-image-252979\"\/><figcaption class=\"wp-element-caption\">Fotograf\u00eda de flores en un \u00e1rbol de la especie Handroanthus chrysanthus com\u00fanmente conocido como Guayac\u00e1n Amarillo, en Tegucigalpa (Honduras). EFE\/ Gustavo Amador<\/figcaption><\/figure>\n\n\n\n<h2 class=\"wp-block-heading\">El guayac\u00e1n rosa: una inspiraci\u00f3n para la poes\u00eda<\/h2>\n\n\n\n<p>En cambio, el guayac\u00e1n rosa (Panam\u00e1), roble de sabana (nombre en Costa Rica) o macuelizo (como se conoce en Honduras) tiene una distribuci\u00f3n m\u00e1s reducida, especialmente en \u00e1reas m\u00e1s h\u00famedas de hasta 1.200 metros de altitud) de Centroam\u00e9rica.<\/p>\n\n\n\n<p>Casi a similitud que su \u00abprimo hermano\u00bb, el \u2018Handroanthus roseus\u2019 decora las \u00e1reas urbanas y bosques secundarios de Centroam\u00e9rica al elevarse hasta los 40 metros de altura con sus claras flores rosas de forma acampanillada.<\/p>\n\n\n\n<p>\u00abEs un paisaje completo cuando empiezan a florecer, (\u2026) pintan el escenario de colores en una temporada seca donde muchos creer\u00edan que los \u00e1rboles est\u00e1n muertos, pero solo son caducifolios\u00bb, relata a EFE la bi\u00f3loga hondure\u00f1a Rosely Vallecillo.<\/p>\n\n\n\n<p>Bajo el nombre de maquilishuat, est\u00e1 considerado el \u00e1rbol nacional de El Salvador desde el 26 de junio de 1939 por decreto ley, mientras que en Honduras y Nicaragua da nombre a los municipios de Macuelizo, fundados en 1794 y 1815, respectivamente, y bautizados as\u00ed por la abundancia de ese \u00e1rbol de flores rosadas.<\/p>\n\n\n\n<p>Su caracter\u00edstica belleza ha sido inspiraci\u00f3n para la literatura salvadore\u00f1a, plasmada en versos como los de los poetas Orlando Fresedo al citar \u00abel frescor con sus esponjas de maquil\u00edshuat \/ lava los ventanales matutinos\u00bb y Mercedes Durand al referirse en Vengo del viento a \u00abla aurora vegetal del maquil\u00edshuat\u00bb.<\/p>\n\n\n\n<p>Se cree que el sobrenombre de macuelizo tiene origen ind\u00edgena, ya que en la extinta lengua matagalpa significa \u00abcinco flores\u00bb, seg\u00fan una p\u00e1gina oficial del Instituto Nicarag\u00fcense de Turismo.<\/p>\n\n\n\n<figure class=\"wp-block-image\" id=\"attachment_252982\"><img data-recalc-dims=\"1\" decoding=\"async\" src=\"https:\/\/i0.wp.com\/efeverde.com\/wp-content\/uploads\/2026\/03\/AME800-HONDURAS-CENTROAMERICA-NATURALEZA.jpg?w=640&#038;ssl=1\" alt=\" ACOMPA\u00d1A CR\u00d3NICA: HONDURAS CENTROAM\u00c9RICA NATURALEZA AMDEP1896. SAN PEDRO SULA (HONDURAS), 05\/03\/2026.- Fotograf\u00eda del 23 de febrero de 2026 que muestra flores en \u00e1rboles de la especie Tabebuia Rosea com\u00fanmente conocidos como Guayac\u00e1n Rosado, en San Pedro Sula (Honduras). Centroam\u00e9rica despide el verano con un espect\u00e1culo natural a trav\u00e9s del estallido de las flores amarillas de los guayacanes y rosas de los robles de sabana, unos \u00e1rboles con gran impacto social en la regi\u00f3n que florecen durante estos meses para dar paso a la \u00e9poca lluviosa, pero sin escapar de los estragos de la crisis clim\u00e1tica. EFE\/ Jos\u00e9 Valle\" class=\"wp-image-252982\"\/><figcaption class=\"wp-element-caption\">\u00c1rboles de la especie Tabebuia Rosea com\u00fanmente conocidos como Guayac\u00e1n Rosado, en San Pedro Sula (Honduras). EFE\/ Jos\u00e9 Valle<\/figcaption><\/figure>\n\n\n\n<h2 class=\"wp-block-heading\">Entre la ebanister\u00eda y la crisis clim\u00e1tica<\/h2>\n\n\n\n<p>Sin embargo, todos los \u00e1rboles del g\u00e9nero \u2018Handroanthus\u2019 fueron incluidos en 2023 en el Ap\u00e9ndice II de la lista de la Convenci\u00f3n sobre el Comercio Internacional de Especies Amenazadas de Fauna y Flora Silvestres (CITES) para endurecer las regulaciones para la comercializaci\u00f3n de manera l\u00edcita y sostenible.<\/p>\n\n\n\n<p>Debido a que ambos \u00e1rboles tambi\u00e9n son usados para la carpinter\u00eda y ebanister\u00eda al ser una madera \u00abpreciada\u00bb tanto por su \u00abdureza\u00bb como por su \u00ablento crecimiento\u00bb, detalla Omar L\u00f3pez. En concreto, son utilizados para la fabricaci\u00f3n de muebles, artesan\u00edas y herramientas, as\u00ed como para la captura de carbono y reforestaci\u00f3n.<\/p>\n\n\n\n<p>Tampoco estos \u00e1rboles escapan de los embates de la crisis clim\u00e1tica pues, como explica L\u00f3pez, las inusuales lluvias dentro de la \u00e9poca seca alteran su \u00abpatr\u00f3n de floraci\u00f3n com\u00fan\u00bb, haciendo que los Handroanthus estallen sus flores varias veces durante la etapa m\u00e1s c\u00e1lida del a\u00f1o en Centroam\u00e9rica. EFEverde<\/p>\n","protected":false},"excerpt":{"rendered":"<p>Centroam\u00e9rica despide su verano con un espect\u00e1culo natural a trav\u00e9s del estallido de las flores amarillas de los guayacanes y rosas de los robles de sabana, unos \u00e1rboles con gran impacto social en la regi\u00f3n que florecen durante estos meses para dar paso a la \u00e9poca lluviosa, pero sin escapar de los estragos de la [&hellip;]<\/p>\n","protected":false},"author":1,"featured_media":204998,"comment_status":"open","ping_status":"open","sticky":false,"template":"","format":"standard","meta":{"_acf_changed":false,"_jetpack_memberships_contains_paid_content":false,"footnotes":"","jetpack_publicize_message":"","jetpack_publicize_feature_enabled":true,"jetpack_social_post_already_shared":true,"jetpack_social_options":{"image_generator_settings":{"template":"highway","default_image_id":0,"font":"","enabled":false},"version":2}},"categories":[6],"tags":[],"class_list":["post-204997","post","type-post","status-publish","format-standard","has-post-thumbnail","hentry","category-ecologia"],"acf":[],"jetpack_publicize_connections":[],"jetpack_featured_media_url":"https:\/\/i0.wp.com\/sportseco.com\/wp-content\/uploads\/2026\/03\/20260305_163353-COLLAGE.jpg?fit=1920%2C1442&ssl=1","jetpack_sharing_enabled":true,"_links":{"self":[{"href":"https:\/\/sportseco.com\/index.php?rest_route=\/wp\/v2\/posts\/204997","targetHints":{"allow":["GET"]}}],"collection":[{"href":"https:\/\/sportseco.com\/index.php?rest_route=\/wp\/v2\/posts"}],"about":[{"href":"https:\/\/sportseco.com\/index.php?rest_route=\/wp\/v2\/types\/post"}],"author":[{"embeddable":true,"href":"https:\/\/sportseco.com\/index.php?rest_route=\/wp\/v2\/users\/1"}],"replies":[{"embeddable":true,"href":"https:\/\/sportseco.com\/index.php?rest_route=%2Fwp%2Fv2%2Fcomments&post=204997"}],"version-history":[{"count":1,"href":"https:\/\/sportseco.com\/index.php?rest_route=\/wp\/v2\/posts\/204997\/revisions"}],"predecessor-version":[{"id":204999,"href":"https:\/\/sportseco.com\/index.php?rest_route=\/wp\/v2\/posts\/204997\/revisions\/204999"}],"wp:featuredmedia":[{"embeddable":true,"href":"https:\/\/sportseco.com\/index.php?rest_route=\/wp\/v2\/media\/204998"}],"wp:attachment":[{"href":"https:\/\/sportseco.com\/index.php?rest_route=%2Fwp%2Fv2%2Fmedia&parent=204997"}],"wp:term":[{"taxonomy":"category","embeddable":true,"href":"https:\/\/sportseco.com\/index.php?rest_route=%2Fwp%2Fv2%2Fcategories&post=204997"},{"taxonomy":"post_tag","embeddable":true,"href":"https:\/\/sportseco.com\/index.php?rest_route=%2Fwp%2Fv2%2Ftags&post=204997"}],"curies":[{"name":"wp","href":"https:\/\/api.w.org\/{rel}","templated":true}]}}