{"id":205049,"date":"2026-03-09T17:33:48","date_gmt":"2026-03-09T21:33:48","guid":{"rendered":"https:\/\/sportseco.com\/?p=205049"},"modified":"2026-03-09T17:33:48","modified_gmt":"2026-03-09T21:33:48","slug":"gobierno-fortalece-lucha-contra-la-deforestacion-con-148-extensionistas-forestales-en-la-amazonia","status":"publish","type":"post","link":"https:\/\/sportseco.com\/?p=205049","title":{"rendered":"Gobierno fortalece lucha contra la deforestaci\u00f3n con 148 extensionistas forestales en la Amazon\u00eda"},"content":{"rendered":"\n<figure class=\"wp-block-image\"><img data-recalc-dims=\"1\" decoding=\"async\" src=\"https:\/\/i0.wp.com\/www.minambiente.gov.co\/wp-content\/uploads\/2026\/03\/Extensionistas.jpeg?w=640&#038;ssl=1\" alt=\"Gobierno fortalece lucha contra la deforestaci\u00f3n con 148 extensionistas forestales en la Amazon\u00eda\" title=\"Gobierno fortalece lucha contra la deforestaci\u00f3n con 148 extensionistas forestales en la Amazon\u00eda\"\/><\/figure>\n\n\n\n<ul class=\"wp-block-list\">\n<li>L\u00edderes y lideresas de Caquet\u00e1, Guaviare, Putumayo y Meta se graduaron en manejo sostenible del bosque y reforzar\u00e1n la presencia t\u00e9cnica en territorio como parte del Plan Integral de Contenci\u00f3n de la Deforestaci\u00f3n.<\/li>\n\n\n\n<li>El fortalecimiento de capacidades de la mano con las comunidades hace parte de las acciones implementadas por el Plan Integral de Contenci\u00f3n de la Deforestaci\u00f3n, que lidera la ministra de Ambiente (e), Irene V\u00e9lez Torres.<\/li>\n<\/ul>\n\n\n\n<p><strong>Florencia (Caquet\u00e1), 9 de marzo de 2026 (@MinAmbienteCo) \u2013&nbsp;<\/strong>En el marco del Plan Integral de Contenci\u00f3n de la Deforestaci\u00f3n, liderado por la ministra de Ambiente y Desarrollo Sostenible (e), Irene V\u00e9lez Torres, la Amazon\u00eda colombiana cuenta desde ahora con 148 nuevos extensionistas forestales, quienes se encargar\u00e1n de transferir sus conocimientos a las comunidades de los N\u00facleos de Desarrollo Forestal y de la Biodiversidad (NDFyB) en Caquet\u00e1, Guaviare, Putumayo y Meta.<\/p>\n\n\n\n<p>Con el diplomado \u2018Extensionismo Forestal para el Manejo Sostenible del bosque en la Amazonia Colombiana\u2019, liderado por el Instituto Amaz\u00f3nico de Investigaciones Cient\u00edficas&nbsp;Sinchi&nbsp;y la Pontificia Universidad Javeriana, los graduados adquirieron herramientas t\u00e9cnicas y metodol\u00f3gicas relacionadas con pr\u00e1cticas para el manejo y uso sostenible de los bosques, gobernanza ambiental, econom\u00eda forestal y uso sostenible de la biodiversidad.<\/p>\n\n\n\n<p>\u201cEstamos convencidos de que solo trabajando hombro a hombro con las comunidades podremos salvar la selva de la deforestaci\u00f3n. La meta es formar 330 extensionistas forestales que ser\u00e1n aliados clave para fortalecer la presencia t\u00e9cnica en la Amazon\u00eda y acompa\u00f1ar procesos comunitarios de conservaci\u00f3n y econom\u00eda forestal en \u00e1reas estrat\u00e9gicas de la regi\u00f3n\u201d, asegur\u00f3 la ministra (e) Irene V\u00e9lez Torres.<\/p>\n\n\n\n<p>Los extensionistas que culminaron esta primera fase de formaci\u00f3n ser\u00e1n contratados pr\u00f3ximamente por el Instituto Amaz\u00f3nico de Investigaciones Cient\u00edficas Sinchi para fortalecer el trabajo t\u00e9cnico en territorio.<\/p>\n\n\n\n<p>La formaci\u00f3n combin\u00f3 84 horas virtuales de fundamentos conceptuales en extensionismo forestal, biodiversidad y sostenibilidad; 40 horas presenciales de apropiaci\u00f3n del conocimiento en Florencia y San Jos\u00e9 del Guaviare; y 40 horas adicionales de trabajo de campo en la Estaci\u00f3n Experimental El Trueno del Sinchi, ubicada en Guaviare.<\/p>\n\n\n\n<p>La directora general del Instituto Sinchi, Luz Marina Mantilla, se\u00f1al\u00f3 que \u201ceste diplomado responde a la creciente demanda de formaci\u00f3n en extensionismo forestal en la regi\u00f3n de la Amazon\u00eda y es nuestra respuesta a la necesidad urgente de integrar el conocimiento cient\u00edfico con la sabidur\u00eda tradicional para crear una econom\u00eda forestal que valore el bosque en pie y contribuya a la contenci\u00f3n de la deforestaci\u00f3n. Nuestro reto es pasar de la formaci\u00f3n a la acci\u00f3n en territorio\u201d.<\/p>\n\n\n\n<p>Por su parte, Daniel Alejandro Trivi\u00f1o, nuevo extensionista forestal de Caquet\u00e1, afirm\u00f3 que \u201cel extensionista forestal es un dise\u00f1ador de soluciones, dependiendo de las realidades culturales y econ\u00f3micas de un territorio. Entonces, de acuerdo con estas realidades territoriales debemos dise\u00f1ar estrategias que permitan tener una mayor visi\u00f3n forestal sobre los recursos que poseemos con fines econ\u00f3micos y sostenibles\u201d.<\/p>\n\n\n\n<p>Con esta iniciativa, el Ministerio de Ambiente y su Sistema Nacional Ambiental contribuyen a la consolidaci\u00f3n del Servicio de Extensi\u00f3n Forestal en la Amazon\u00eda colombiana como una herramienta clave para actuar desde las comunidades, fortalecer liderazgos locales y avanzar en soluciones integrales en pro de la contenci\u00f3n de la deforestaci\u00f3n.<\/p>\n\n\n\n<p>Cr\u00e9dito foto: Instituto Sinchi..<\/p>\n\n\n\n<p><\/p>\n\n\n\n<p>minambiente.gov.co<\/p>\n","protected":false},"excerpt":{"rendered":"<p>Florencia (Caquet\u00e1), 9 de marzo de 2026 (@MinAmbienteCo) \u2013&nbsp;En el marco del Plan Integral de Contenci\u00f3n de la Deforestaci\u00f3n, liderado por la ministra de Ambiente y Desarrollo Sostenible (e), Irene V\u00e9lez Torres, la Amazon\u00eda colombiana cuenta desde ahora con 148 nuevos extensionistas forestales, quienes se encargar\u00e1n de transferir sus conocimientos a las comunidades de los [&hellip;]<\/p>\n","protected":false},"author":1,"featured_media":205050,"comment_status":"open","ping_status":"open","sticky":false,"template":"","format":"standard","meta":{"_acf_changed":false,"_jetpack_memberships_contains_paid_content":false,"footnotes":"","jetpack_publicize_message":"","jetpack_publicize_feature_enabled":true,"jetpack_social_post_already_shared":true,"jetpack_social_options":{"image_generator_settings":{"template":"highway","default_image_id":0,"font":"","enabled":false},"version":2}},"categories":[6],"tags":[],"class_list":["post-205049","post","type-post","status-publish","format-standard","has-post-thumbnail","hentry","category-ecologia"],"acf":[],"jetpack_publicize_connections":[],"jetpack_featured_media_url":"https:\/\/i0.wp.com\/sportseco.com\/wp-content\/uploads\/2026\/03\/LC-160222-1.jpg?fit=640%2C427&ssl=1","jetpack_sharing_enabled":true,"_links":{"self":[{"href":"https:\/\/sportseco.com\/index.php?rest_route=\/wp\/v2\/posts\/205049","targetHints":{"allow":["GET"]}}],"collection":[{"href":"https:\/\/sportseco.com\/index.php?rest_route=\/wp\/v2\/posts"}],"about":[{"href":"https:\/\/sportseco.com\/index.php?rest_route=\/wp\/v2\/types\/post"}],"author":[{"embeddable":true,"href":"https:\/\/sportseco.com\/index.php?rest_route=\/wp\/v2\/users\/1"}],"replies":[{"embeddable":true,"href":"https:\/\/sportseco.com\/index.php?rest_route=%2Fwp%2Fv2%2Fcomments&post=205049"}],"version-history":[{"count":1,"href":"https:\/\/sportseco.com\/index.php?rest_route=\/wp\/v2\/posts\/205049\/revisions"}],"predecessor-version":[{"id":205051,"href":"https:\/\/sportseco.com\/index.php?rest_route=\/wp\/v2\/posts\/205049\/revisions\/205051"}],"wp:featuredmedia":[{"embeddable":true,"href":"https:\/\/sportseco.com\/index.php?rest_route=\/wp\/v2\/media\/205050"}],"wp:attachment":[{"href":"https:\/\/sportseco.com\/index.php?rest_route=%2Fwp%2Fv2%2Fmedia&parent=205049"}],"wp:term":[{"taxonomy":"category","embeddable":true,"href":"https:\/\/sportseco.com\/index.php?rest_route=%2Fwp%2Fv2%2Fcategories&post=205049"},{"taxonomy":"post_tag","embeddable":true,"href":"https:\/\/sportseco.com\/index.php?rest_route=%2Fwp%2Fv2%2Ftags&post=205049"}],"curies":[{"name":"wp","href":"https:\/\/api.w.org\/{rel}","templated":true}]}}