{"id":205052,"date":"2026-03-09T17:37:06","date_gmt":"2026-03-09T21:37:06","guid":{"rendered":"https:\/\/sportseco.com\/?p=205052"},"modified":"2026-03-09T17:48:27","modified_gmt":"2026-03-09T21:48:27","slug":"alineaciones-probables-y-noticias-de-los-equipos-de-la-champions-league-ida-de-octavos-de-final","status":"publish","type":"post","link":"https:\/\/sportseco.com\/?p=205052","title":{"rendered":"Alineaciones probables y noticias de los equipos de la Champions League: ida de octavos de final"},"content":{"rendered":"\n<p>\u00bfQui\u00e9nes son los probables titulares y qui\u00e9nes est\u00e1n descartados o son duda? Hacemos nuestros pron\u00f3sticos sobre las alineaciones antes de los partidos de ida de octavos de final.<\/p>\n\n\n\n<figure class=\"wp-block-image\"><img data-recalc-dims=\"1\" decoding=\"async\" src=\"https:\/\/i0.wp.com\/editorial.uefa.com\/resources\/02a3-201b4951714d-99e99d3f8a29-1000\/format\/wide1\/fbl-eur-c1-atletico_madrid-training.jpeg?w=640&#038;ssl=1\" alt=\"Antoine Griezmann, jugador del Atleti\" title=\"Antoine Griezmann, jugador del Atleti\"\/><\/figure>\n\n\n\n<p><em>Antoine Griezmann, jugador del Atleti<\/em>Getty Images<\/p>\n\n\n\n<p>Ayudamos a los entrenadores del Fantasy Football al pronosticar las alineaciones para los partidos de ida de los octavos de final de la&nbsp;<a href=\"https:\/\/es.uefa.com\/uefachampionsleague\/\">UEFA Champions League<\/a>&nbsp;de esta semana.<\/p>\n\n\n\n<p>Tambi\u00e9n puedes estar al tanto de los jugadores sancionados y las dudas por lesi\u00f3n antes de los partidos.<\/p>\n\n\n\n<ul id=\"U75432634730iye\" class=\"wp-block-list\">\n<li><a href=\"https:\/\/es.uefa.com\/uefachampionsleague\/news\/02a2-1ff06ffb0a2e-cfd4d4788eaa-1000--alineaciones-titulares-de-la-champions-league-ida-de-los-pla\/\">Alineaciones titulares: ida de los play-offs eliminatorios<\/a><\/li>\n\n\n\n<li><a href=\"https:\/\/es.uefa.com\/uefachampionsleague\/news\/02a2-20005f71126a-5af39a6a199f-1000--alineaciones-titulares-de-la-champions-league-vuelta-de-lo\/\">Alineaciones titulares: vuelta de los play-offs eliminatorios<\/a><\/li>\n<\/ul>\n\n\n\n<p><a href=\"https:\/\/gaming.uefa.com\/es\/uclfantasy\/create-team\"><\/a><\/p>\n\n\n\n<h3 class=\"wp-block-heading\">Martes 10 de marzo<\/h3>\n\n\n\n<p><strong><a href=\"https:\/\/es.uefa.com\/uefachampionsleague\/match\/2048048--galatasaray-vs-liverpool\/\">Galatasaray &#8211; Liverpool (18:45 HEC)<\/a><\/strong><\/p>\n\n\n\n<p><strong>Galatasaray<\/strong>: U\u011furcan \u00c7ak\u0131r; Boey, S\u00e1nchez, Abd\u00fclkerim Bardak\u00e7\u0131, Jakobs; Torreira, Lemina; Bar\u0131\u015f Alper Y\u0131lmaz, Gabriel Sara, Lang; Osimhen\ufeff<br \/><strong>Bajas<\/strong>: ninguna<br \/><strong>Dudas<\/strong>: ninguna<br \/><strong>Apercibidos de sanci\u00f3n<\/strong>: Abd\u00fclkerim Bardakc\u0131, Jakobs, Lang, Lemina, Osimhen, Sallai, Davinson S\u00e1nchez, U\u011furcan \u00c7ak\u0131r<\/p>\n\n\n\n<p><strong>Liverpool<\/strong>: Mamardashvili; Frimpong, Konat\u00e9, Van Dijk, Kerkez; Gravenberch, Mac Allister; Salah, Szoboszlai, Gakpo; Ekitik\u00e9\ufeff<br \/><strong>Bajas<\/strong>: Alisson Becker (falta de forma), Bradley (rodilla), Chiesa (enfermedad), Endo (tobillo), Isak (gemelo)<br \/><strong>Dudas<\/strong>: ninguna<br \/><strong>Apercibidos de sanci\u00f3n<\/strong>: Bradley, Jones<\/p>\n\n\n\n<p><strong><a href=\"https:\/\/es.uefa.com\/uefachampionsleague\/match\/2048050--atalanta-vs-bayern-munchen\/\">Atalanta &#8211; Bayern<\/a><\/strong><\/p>\n\n\n\n<p><strong>Atalanta<\/strong>: Carnesecchi; Kossounou, Hien, Kola\u0161inac; Zappacosta, Pa\u0161ali\u0107, De Roon, Bernasconi; Samard\u017ei\u0107, Zalewski; Scamacca<br \/><strong>Bajas<\/strong>: De Ketelaere (menisco), Scalvini (sancionado)<br \/><strong>Dudas<\/strong>: \u00c9derson (estado de forma), Raspadori (muscular)<br \/><strong>Apercibidos de sanci\u00f3n<\/strong>: De Roon, Djimsiti, Kossounou, Musah, Scamacca<\/p>\n\n\n\n<p><strong>Bayern<\/strong>: Urbig; Laimer, Upamecano, Tah, Bischof; Pavlovi\u0107, Kimmich; Olise, Musiala, Luis D\u00edaz; Kane<br \/><strong>Bajas<\/strong>: Davies (muscular), Ito (muscular), Klanac (cu\u00e1driceps), Neuer (muscular)<br \/><strong>Dudas<\/strong>: Kane (muscular)<br \/><strong>Apercibidos de sanci\u00f3n<\/strong>: Kimmich, Olise, Upamecano<\/p>\n\n\n\n<p><strong><a href=\"https:\/\/es.uefa.com\/uefachampionsleague\/match\/2048051--newcastle-vs-barcelona\/\">Newcastle &#8211; Barcelona<\/a><\/strong><\/p>\n\n\n\n<p><strong>Newcastle<\/strong>: Ramsdale; Trippier, Thiaw, Burn, Hall; Ramsey, Tonali, Joelinton; Elanga, Gordon, Barnes<br \/><strong>Bajas<\/strong>: Bruno Guimar\u00e3es (cu\u00e1driceps), Miley (cu\u00e1driceps), Sch\u00e4r (tobillo)<br \/><strong>Dudas<\/strong>: J. Murphy (cuello)<br \/><strong>Apercibidos de sanci\u00f3n<\/strong>: Burn, Joelinton<\/p>\n\n\n\n<p><strong>Barcelona<\/strong>: Joan Garc\u00eda; Eric Garc\u00eda, Cubars\u00ed, Gerard Mart\u00edn, Jo\u00e3o Cancelo; Pedri, Casad\u00f3; Lamine Yamal, Ferm\u00edn L\u00f3pez, Raphinha; Lewandowski<br \/><strong>Bajas<\/strong>: Balde (b\u00edceps femoral), Christensen (rodilla), De Jong (b\u00edceps femoral), Gavi (rodilla), Kound\u00e9 (b\u00edceps femoral)<br \/><strong>Dudas<\/strong>: Bernal (enfermedad)<br \/><strong>Apercibidos de sanci\u00f3n<\/strong>: Casad\u00f3, Ferm\u00edn L\u00f3pez, Gerard Mart\u00edn, Lamine Yamal<\/p>\n\n\n\n<p><strong><a href=\"https:\/\/es.uefa.com\/uefachampionsleague\/match\/2048052--atleti-vs-tottenham\/\">Atl\u00e9tico de Madrid &#8211; Tottenham Hotspur<\/a><\/strong><\/p>\n\n\n\n<p><strong>Atleti<\/strong>: Oblak; Llorente, Pubill, Hancko, Ruggeri; Giuliano Simeone, Koke, Cardoso, Lookman; Juli\u00e1n Alvarez, S\u00f8rloth<br \/><strong>Bajas<\/strong>: Mendoza (tobillo)<br \/><strong>Dudas<\/strong>: Barrios (muscular)<br \/><strong>Apercibidos de sanci\u00f3n<\/strong>: Almada, Barrios, Le Normand, Lenglet, Llorente, Pubill, Simeone<\/p>\n\n\n\n<p><strong>Tottenham<\/strong>: Vicario; Danso, Romero, Van de Ven; Pedro Porro, Gallagher, Jo\u00e3o Palhinha, Gray; Simons, Solanke, Kolo Muani<br \/><strong>Bajas<\/strong>: Bergvall (tobillo), Kudus (cu\u00e1driceps), Odobert (rodilla), Udogie (muscular)<br \/><strong>Dudas<\/strong>: Dr\u0103gu\u0219in (golpe), Spence (gemelo)<br \/><strong>Apercibidos de sanci\u00f3n<\/strong>: Kolo Muani, Jo\u00e3o Palhinha, Richarlison<a href=\"https:\/\/es.uefa.com\/uefachampionsleague\/news\/02a1-1fcca1a19335-00ec4126ce1f-1000--conoce-a-los-equipos-de-los-octavos-de-final-de-la-champions\/\"><\/a><\/p>\n\n\n\n<h3 class=\"wp-block-heading\">Mi\u00e9rcoles 11 de marzo<\/h3>\n\n\n\n<p><strong><a href=\"https:\/\/es.uefa.com\/uefachampionsleague\/match\/2048054--leverkusen-vs-arsenal\/\">Leverkusen &#8211; Arsenal (18:45 HEC)<\/a><\/strong><\/p>\n\n\n\n<p><strong>Leverkusen<\/strong>: Blaswich; Quansah, Andrich, Tapsoba, Grimaldo; Palacios, Aleix Garc\u00eda; Culbreath, Maza; Terrier, Kofane<br \/><strong>Bajas<\/strong>: Arthur (muscular), Bad\u00e9 (muscular), Lucas V\u00e1zquez (gemelo)<br \/><strong>Dudas<\/strong>: Schick (muscular)<br \/><strong>Apercibidos de sanci\u00f3n<\/strong>: Aleix Garc\u00eda, Kofane<\/p>\n\n\n\n<p><strong>Arsenal<\/strong>: Raya; Timber, Mosquera, Gabriel, Hincapi\u00e9; Zubimendi, Rice, Eze; Saka, Gy\u00f6keres, Martinelli<br \/><strong>Bajas<\/strong>: Merino (pie), \u00d8degaard (rodilla), White (sin especificar)<br \/><strong>Dudas<\/strong>: Saliba (tobillo), Calafiori (b\u00edceps femoral), Trossard (cadera)<br \/><strong>Apercibidos de sanci\u00f3n<\/strong>: N\u00f8rgaard<\/p>\n\n\n\n<p><strong><a href=\"https:\/\/es.uefa.com\/uefachampionsleague\/match\/2048047--paris-vs-chelsea\/\">Paris Saint-Germain &#8211; Chelsea<\/a><\/strong><\/p>\n\n\n\n<p><strong>Paris<\/strong>: Safonov; Hakimi, Marquinhos, Pacho, Nuno Mendes; Za\u00efre-Emery, Vitinha, Jo\u00e3o Neves; Dou\u00e9, Demb\u00e9l\u00e9, Barcola<br \/><strong>Bajas<\/strong>: ninguna<br \/><strong>Dudas<\/strong>: Fabi\u00e1n Ruiz (rodilla)<br \/><strong>Apercibidos de sanci\u00f3n<\/strong>: Nuno Mendes<\/p>\n\n\n\n<p><strong>Chelsea<\/strong>: J\u00f8rgensen; James, Chalobah, Fofana, Cucurella; Caicedo, Andrey Santos; Palmer, Enzo Fern\u00e1ndez, Pedro Neto; Jo\u00e3o Pedro<br \/><strong>Bajas<\/strong>: Colwill (rodilla), Gittens (b\u00edceps femoral)<br \/><strong>Dudas<\/strong>: Est\u00eav\u00e3o (b\u00edceps femoral)<br \/><strong>Apercibidos de sanci\u00f3n<\/strong>: Enzo Fern\u00e1ndez, Andrey Santos<\/p>\n\n\n\n<p><strong><a href=\"https:\/\/es.uefa.com\/uefachampionsleague\/match\/2048053--bodo-glimt-vs-sporting-cp\/\">Bod\u00f8\/Glimt &#8211; Sporting CP<\/a><\/strong><\/p>\n\n\n\n<p><strong>Bod\u00f8\/Glimt<\/strong>: Haikin; Sj\u00f8vold, Bj\u00f8rtuft, Gundersen, Bj\u00f8rkan; Evjen, Berg, Brunstad Fet; Blomberg, H\u00f8gh, Hauge<br \/><strong>Bajas<\/strong>: ninguna<br \/><strong>Dudas<\/strong>: ninguna<br \/><strong>Apercibidos de sanci\u00f3n<\/strong>: Auklend, Berg<\/p>\n\n\n\n<p><strong>Sporting CP<\/strong>: Rui Silva; Vagiannidis, Diomande, Gon\u00e7alo In\u00e1cio, Fresneda; Jo\u00e3o Sim\u00f5es, Hjulmand; Catamo, Francisco Trinc\u00e3o, Luis Guilherme; Luis Su\u00e1rez<br \/><strong>Bajas<\/strong>: Ara\u00fajo (sancionado), Pedro Gon\u00e7alves (sancionado), Ioannidis (rodilla), Ricardo Mangas (muscular), Geovany Quenda (pie)<br \/><strong>Dudas<\/strong>: ninguna<br \/><strong>Apercibidos de sanci\u00f3n<\/strong>: Luis Su\u00e1rez<\/p>\n\n\n\n<p><strong><a href=\"https:\/\/es.uefa.com\/uefachampionsleague\/match\/2048049--real-madrid-vs-man-city\/\">Real Madrid &#8211; Manchester City<\/a><\/strong><\/p>\n\n\n\n<p><strong>Real Madrid<\/strong>: Courtois; Alexander-Arnold, Asencio, R\u00fcdiger, Mendy; Valverde, Tchouam\u00e9ni, Arda G\u00fcler, Camavinga; Gonzalo, Vin\u00edcius J\u00fanior\ufeff<br \/><strong>Bajas<\/strong>: Alaba (gemelo), Bellingham (b\u00edceps femoral), Ceballos (gemelo), Milit\u00e3o (b\u00edceps femoral), Rodrygo (rodilla), Carreras (gemelo)<br \/><strong>Dudas<\/strong>: Mbapp\u00e9 (rodilla)<br \/><strong>Apercibidos de sanci\u00f3n<\/strong>: Bellingham, Carreras, Huijsen, Rodrygo, Tchouameni, Vin\u00edcius J\u00fanior<\/p>\n\n\n\n<p><strong>Man City<\/strong>: Donnarumma; Matheus Nunes, R\u00faben Dias, Gu\u00e9hi, O\u2019Reilly; Rodri, Bernardo Silva; Cherki, Marmoush, Doku; Haaland\ufeff<br \/><strong>Bajas<\/strong>: Gvardiol (pierna), Lewis (tobillo), Kova\u010di\u0107 (tobillo)<br \/><strong>Dudas<\/strong>: Savinho (muscular)<br \/><strong>Apercibidos de sanci\u00f3n<\/strong>: Gu\u00e9hi, O&#8217;Reilly, Savinho<a href=\"https:\/\/championsleagueapp.page.link\/8cc1\"><\/a><\/p>\n\n\n\n<p>\u00a9 1998-2026 UEFA. All rights reserved.<\/p>\n","protected":false},"excerpt":{"rendered":"<p>\u00bfQui\u00e9nes son los probables titulares y qui\u00e9nes est\u00e1n descartados o son duda? Hacemos nuestros pron\u00f3sticos sobre las alineaciones antes de los partidos de ida de octavos de final. Antoine Griezmann, jugador del AtletiGetty Images Ayudamos a los entrenadores del Fantasy Football al pronosticar las alineaciones para los partidos de ida de los octavos de final [&hellip;]<\/p>\n","protected":false},"author":1,"featured_media":205053,"comment_status":"open","ping_status":"open","sticky":false,"template":"","format":"standard","meta":{"_acf_changed":false,"_jetpack_memberships_contains_paid_content":false,"footnotes":"","jetpack_publicize_message":"","jetpack_publicize_feature_enabled":true,"jetpack_social_post_already_shared":true,"jetpack_social_options":{"image_generator_settings":{"template":"highway","default_image_id":0,"font":"","enabled":false},"version":2}},"categories":[5],"tags":[],"class_list":["post-205052","post","type-post","status-publish","format-standard","has-post-thumbnail","hentry","category-futbol"],"acf":[],"jetpack_publicize_connections":[],"jetpack_featured_media_url":"https:\/\/sportseco.com\/wp-content\/uploads\/2026\/03\/fbl-eur-c1-atletico_madrid-training.avif","jetpack_sharing_enabled":true,"_links":{"self":[{"href":"https:\/\/sportseco.com\/index.php?rest_route=\/wp\/v2\/posts\/205052","targetHints":{"allow":["GET"]}}],"collection":[{"href":"https:\/\/sportseco.com\/index.php?rest_route=\/wp\/v2\/posts"}],"about":[{"href":"https:\/\/sportseco.com\/index.php?rest_route=\/wp\/v2\/types\/post"}],"author":[{"embeddable":true,"href":"https:\/\/sportseco.com\/index.php?rest_route=\/wp\/v2\/users\/1"}],"replies":[{"embeddable":true,"href":"https:\/\/sportseco.com\/index.php?rest_route=%2Fwp%2Fv2%2Fcomments&post=205052"}],"version-history":[{"count":1,"href":"https:\/\/sportseco.com\/index.php?rest_route=\/wp\/v2\/posts\/205052\/revisions"}],"predecessor-version":[{"id":205054,"href":"https:\/\/sportseco.com\/index.php?rest_route=\/wp\/v2\/posts\/205052\/revisions\/205054"}],"wp:featuredmedia":[{"embeddable":true,"href":"https:\/\/sportseco.com\/index.php?rest_route=\/wp\/v2\/media\/205053"}],"wp:attachment":[{"href":"https:\/\/sportseco.com\/index.php?rest_route=%2Fwp%2Fv2%2Fmedia&parent=205052"}],"wp:term":[{"taxonomy":"category","embeddable":true,"href":"https:\/\/sportseco.com\/index.php?rest_route=%2Fwp%2Fv2%2Fcategories&post=205052"},{"taxonomy":"post_tag","embeddable":true,"href":"https:\/\/sportseco.com\/index.php?rest_route=%2Fwp%2Fv2%2Ftags&post=205052"}],"curies":[{"name":"wp","href":"https:\/\/api.w.org\/{rel}","templated":true}]}}